{"id":139390,"date":"2025-02-13T21:08:29","date_gmt":"2025-02-13T21:08:29","guid":{"rendered":"https:\/\/www.logistika.ba\/njemacka-produzuje-granicne-kontrole-do-septembra-2025-godine\/"},"modified":"2025-02-13T21:09:01","modified_gmt":"2025-02-13T21:09:01","slug":"njemacka-produzuje-granicne-kontrole-do-septembra-2025-godine","status":"publish","type":"post","link":"https:\/\/www.logistika.ba\/cg\/njemacka-produzuje-granicne-kontrole-do-septembra-2025-godine\/","title":{"rendered":"Njema\u010dka produ\u017euje grani\u010dne kontrole do septembra 2025. godine"},"content":{"rendered":"<div class=\"mb-4 hidden items-center justify-between lg:flex\">\n<div class=\"flex items-center text-premium-900 dark:text-orange-500\"><\/div>\n<\/div>\n<p class=\"article-before-content mb-4 text-premium-700 lg:text-lg dark:text-white\">Njema\u010dka produ\u017eava svoje privremene grani\u010dne kontrole za jo\u0161 \u0161est mjeseci kako bi obuzdala ilegalne migracije, objavio je u srijedu kancelar Olaf Scholz.<\/p>\n<div class=\"flex items-center justify-between md:block xxxl:flex mb-4\">\n<div class=\"mb-2 flex flex-shrink-0 items-center xl:mb-0\">\n<div class=\"group flex items-center justify-between mr-2\">\n<div class=\"text-xs lg:flex lg:items-center lg:text-base\"><\/div>\n<\/div>\n<\/div>\n<div class=\"flex items-center hidden flex-shrink-0 sm:flex\">\n<div class=\"text-premium-900 block h-8 w-8 rounded-full bg-gray-200 p-2 transition-all hover:scale-110 hover:bg-gray-500\"><img loading=\"lazy\" decoding=\"async\" class=\"mb-2 h-auto w-full rounded-2xl alignright\" src=\"https:\/\/cdn-trans.info\/uploads\/2025\/01\/96c638132234f852eddc3a0c35b.webp\" alt=\"\" width=\"735\" height=\"500\" data-nimg=\"1\" data-cmp-info=\"10\" \/><\/div>\n<\/div>\n<\/div>\n<div class=\"mb-4 hidden lg:block\">\n<p class=\"text-xs text-gray-600 lg:text-sm\">Photo credits @ Wikimedia Commons\/Leonhard Lenz Creative Commons CC0 1.0 Universal Public Domain Dedication<\/p>\n<\/div>\n<div class=\"article-content protected\">\n<div>\n<p>&nbsp;<\/p>\n<p>Grani\u010dne kontrole, prvobitno ponovo uvedene u septembru, imaju za cilj sprije\u010diti neovla\u0161teni ulazak i borbu protiv prekograni\u010dnog kriminala. Mjere su prvenstveno usmjerene na tra\u017eitelje azila koji dolaze iz susjednih zemalja EU, koji podlije\u017eu dublinskim pravilima bloka, zahtijevaju\u0107i da se zahtjevi za azil obra\u0111uju u prvoj zemlji dolaska EU.<\/p>\n<p>Prema Scholzu, kontrole su se pokazale efikasnim. Od njihove implementacije, vlasti su odbile 47.000 ljudi na granicama, zahtjevi za azil su pali za tre\u0107inu u 2024. u odnosu na 2023., a 1.900 krijum\u010dara ljudi je uhap\u0161eno.<\/p>\n<p>Njema\u010dka je slu\u017ebeno obavijestila Europsku uniju o produ\u017eenju, koje \u0107e zadr\u017eati grani\u010dne kontrole na snazi jo\u0161 najmanje \u0161est mjeseci.<\/p>\n<h2>Schengenske grani\u010dne kontrole na snazi<\/h2>\n<p>Njema\u010dka nije jedina zemlja koja provodi unutarnje grani\u010dne kontrole unutar schengenske zone. Nekoliko zemalja EU uvelo je sli\u010dne mjere zbog zabrinutosti oko migracija, sigurnosti i javnog reda.<\/p>\n<p>Prema Evropskoj komisiji, u vrijeme pisanja ovog teksta (13. februar 2025.) sljede\u0107e zemlje imaju grani\u010dne kontrole:<\/p>\n<ul>\n<li aria-level=\"1\"><strong>Njema\u010dka<\/strong>: grani\u010di sa Francuskom, Belgijom, Luksemburgom, Holandijom, Danskom, Austrijom, \u0160vicarskom, \u010ce\u0161kom i Poljskom (16. mart 2025. \u2013 15. septembar 2025.).<\/li>\n<li aria-level=\"1\"><strong>Bugarska<\/strong>: granica sa Rumunijom (1. januar 2025. \u2013 30. juni 2025.).<\/li>\n<li aria-level=\"1\"><strong>Slovenija<\/strong>: granica s Hrvatskom i Ma\u0111arskom (22. decembar 2024. \u2013 21. juni 2025.).<\/li>\n<li aria-level=\"1\"><strong>Italija<\/strong>: granica sa Slovenijom (19. decembar 2024. \u2013 18. juni 2025.).<\/li>\n<li aria-level=\"1\"><strong>Austrija<\/strong>: grani\u010di sa Ma\u0111arskom i Slovenijom (12. novembar 2024. \u2013 11. maj 2025.).<\/li>\n<li aria-level=\"1\"><strong>Nizozemska<\/strong>s: kopnene i zra\u010dne granice s Belgijom i Njema\u010dkom (9. decembar 2024. \u2013 8. juni 2025.).<\/li>\n<li aria-level=\"1\"><strong>Norve\u0161ka<\/strong>: luke s trajektnim vezama sa schengenskim prostorom (12. novembar 2024. \u2013 11. maj 2025.).<\/li>\n<li aria-level=\"1\"><strong>Danska<\/strong>: sve unutra\u0161nje granice, uklju\u010duju\u0107i kopnene i morske granice sa Njema\u010dkom (12. novembar 2024. \u2013 11. maj 2025.).<\/li>\n<li aria-level=\"1\"><strong>Francuska<\/strong>: grani\u010di sa Belgijom, Luksemburgom, Njema\u010dkom, \u0160vicarskom, Italijom i \u0160panijom (1. novembar 2024. \u2013 30. april 2025.).<\/li>\n<li aria-level=\"1\"><strong>\u0160vedska<\/strong>: sve unutra\u0161nje granice (12. novembar 2024. \u2013 11. maj 2025.).<\/li>\n<\/ul>\n<p>Mnoge od ovih grani\u010dnih kontrola navode zabrinutost zbog ilegalnih migracija, krijum\u010darenja, organiziranog kriminala i sigurnosnih prijetnji, posebno povezanih s ruskim ratom u Ukrajini, situacijom na Bliskom istoku i rizicima od terorizma.<\/p>\n<p>https:\/\/trans.info\/en\/german-<\/p>\n<\/div>\n<\/div>\n","protected":false},"excerpt":{"rendered":"<p>Njema\u010dka produ\u017eava svoje privremene grani\u010dne kontrole za jo\u0161 \u0161est mjeseci kako bi obuzdala ilegalne migracije, objavio je u srijedu kancelar Olaf Scholz. Photo credits @ Wikimedia Commons\/Leonhard Lenz Creative Commons CC0 1.0 Universal Public Domain Dedication &nbsp; Grani\u010dne kontrole, prvobitno ponovo uvedene u septembru, imaju za cilj sprije\u010diti neovla\u0161teni ulazak i borbu protiv prekograni\u010dnog kriminala.&hellip;<\/p>\n","protected":false},"author":2,"featured_media":105070,"comment_status":"closed","ping_status":"closed","sticky":false,"template":"","format":"standard","meta":{"footnotes":""},"categories":[565,547],"tags":[],"class_list":["post-139390","post","type-post","status-publish","format-standard","has-post-thumbnail","hentry","category-drumski-prevoz-robe-cg","category-uncategorized-cg","category-565","category-547","description-off"],"yoast_head":"<!-- This site is optimized with the Yoast SEO plugin v19.6 - https:\/\/yoast.com\/wordpress\/plugins\/seo\/ -->\n<title>Njema\u010dka produ\u017euje grani\u010dne kontrole do septembra 2025. godine - Klaster Logistika<\/title>\n<meta name=\"robots\" content=\"index, follow, max-snippet:-1, max-image-preview:large, max-video-preview:-1\" \/>\n<link rel=\"canonical\" href=\"https:\/\/www.logistika.ba\/cg\/njemacka-produzuje-granicne-kontrole-do-septembra-2025-godine\/\" \/>\n<meta property=\"og:locale\" content=\"en_US\" \/>\n<meta property=\"og:type\" content=\"article\" \/>\n<meta property=\"og:title\" content=\"Njema\u010dka produ\u017euje grani\u010dne kontrole do septembra 2025. godine - Klaster Logistika\" \/>\n<meta property=\"og:description\" content=\"Njema\u010dka produ\u017eava svoje privremene grani\u010dne kontrole za jo\u0161 \u0161est mjeseci kako bi obuzdala ilegalne migracije, objavio je u srijedu kancelar Olaf Scholz. Photo credits @ Wikimedia Commons\/Leonhard Lenz Creative Commons CC0 1.0 Universal Public Domain Dedication &nbsp; Grani\u010dne kontrole, prvobitno ponovo uvedene u septembru, imaju za cilj sprije\u010diti neovla\u0161teni ulazak i borbu protiv prekograni\u010dnog kriminala.&hellip;\" \/>\n<meta property=\"og:url\" content=\"https:\/\/www.logistika.ba\/cg\/njemacka-produzuje-granicne-kontrole-do-septembra-2025-godine\/\" \/>\n<meta property=\"og:site_name\" content=\"Klaster Logistika\" \/>\n<meta property=\"article:published_time\" content=\"2025-02-13T21:08:29+00:00\" \/>\n<meta property=\"article:modified_time\" content=\"2025-02-13T21:09:01+00:00\" \/>\n<meta property=\"og:image\" content=\"https:\/\/www.logistika.ba\/wp-content\/uploads\/2023\/04\/NJEM.jpg\" \/>\n\t<meta property=\"og:image:width\" content=\"1946\" \/>\n\t<meta property=\"og:image:height\" content=\"1198\" \/>\n\t<meta property=\"og:image:type\" content=\"image\/jpeg\" \/>\n<meta name=\"author\" content=\"Klaster Logistika\" \/>\n<meta name=\"twitter:card\" content=\"summary_large_image\" \/>\n<meta name=\"twitter:label1\" content=\"Written by\" \/>\n\t<meta name=\"twitter:data1\" content=\"Klaster Logistika\" \/>\n\t<meta name=\"twitter:label2\" content=\"Est. reading time\" \/>\n\t<meta name=\"twitter:data2\" content=\"2 minutes\" \/>\n<script type=\"application\/ld+json\" class=\"yoast-schema-graph\">{\"@context\":\"https:\/\/schema.org\",\"@graph\":[{\"@type\":\"WebPage\",\"@id\":\"https:\/\/www.logistika.ba\/cg\/njemacka-produzuje-granicne-kontrole-do-septembra-2025-godine\/\",\"url\":\"https:\/\/www.logistika.ba\/cg\/njemacka-produzuje-granicne-kontrole-do-septembra-2025-godine\/\",\"name\":\"Njema\u010dka produ\u017euje grani\u010dne kontrole do septembra 2025. godine - Klaster Logistika\",\"isPartOf\":{\"@id\":\"https:\/\/www.logistika.ba\/#website\"},\"datePublished\":\"2025-02-13T21:08:29+00:00\",\"dateModified\":\"2025-02-13T21:09:01+00:00\",\"author\":{\"@id\":\"https:\/\/www.logistika.ba\/#\/schema\/person\/46ef21d9f81bfe4fd9b6a2013bae7314\"},\"breadcrumb\":{\"@id\":\"https:\/\/www.logistika.ba\/cg\/njemacka-produzuje-granicne-kontrole-do-septembra-2025-godine\/#breadcrumb\"},\"inLanguage\":\"cg-CG\",\"potentialAction\":[{\"@type\":\"ReadAction\",\"target\":[\"https:\/\/www.logistika.ba\/cg\/njemacka-produzuje-granicne-kontrole-do-septembra-2025-godine\/\"]}]},{\"@type\":\"BreadcrumbList\",\"@id\":\"https:\/\/www.logistika.ba\/cg\/njemacka-produzuje-granicne-kontrole-do-septembra-2025-godine\/#breadcrumb\",\"itemListElement\":[{\"@type\":\"ListItem\",\"position\":1,\"name\":\"Home\",\"item\":\"https:\/\/www.logistika.ba\/cg\/3-creative\/\"},{\"@type\":\"ListItem\",\"position\":2,\"name\":\"Njema\u010dka produ\u017euje grani\u010dne kontrole do septembra 2025. godine\"}]},{\"@type\":\"WebSite\",\"@id\":\"https:\/\/www.logistika.ba\/#website\",\"url\":\"https:\/\/www.logistika.ba\/\",\"name\":\"Klaster Logistika\",\"description\":\"Okupljanje za uspje\u0161nije poslovanje\",\"potentialAction\":[{\"@type\":\"SearchAction\",\"target\":{\"@type\":\"EntryPoint\",\"urlTemplate\":\"https:\/\/www.logistika.ba\/?s={search_term_string}\"},\"query-input\":\"required name=search_term_string\"}],\"inLanguage\":\"cg-CG\"},{\"@type\":\"Person\",\"@id\":\"https:\/\/www.logistika.ba\/#\/schema\/person\/46ef21d9f81bfe4fd9b6a2013bae7314\",\"name\":\"Klaster Logistika\",\"url\":\"https:\/\/www.logistika.ba\/cg\/author\/veliborp\/\"}]}<\/script>\n<!-- \/ Yoast SEO plugin. -->","yoast_head_json":{"title":"Njema\u010dka produ\u017euje grani\u010dne kontrole do septembra 2025. godine - Klaster Logistika","robots":{"index":"index","follow":"follow","max-snippet":"max-snippet:-1","max-image-preview":"max-image-preview:large","max-video-preview":"max-video-preview:-1"},"canonical":"https:\/\/www.logistika.ba\/cg\/njemacka-produzuje-granicne-kontrole-do-septembra-2025-godine\/","og_locale":"en_US","og_type":"article","og_title":"Njema\u010dka produ\u017euje grani\u010dne kontrole do septembra 2025. godine - Klaster Logistika","og_description":"Njema\u010dka produ\u017eava svoje privremene grani\u010dne kontrole za jo\u0161 \u0161est mjeseci kako bi obuzdala ilegalne migracije, objavio je u srijedu kancelar Olaf Scholz. Photo credits @ Wikimedia Commons\/Leonhard Lenz Creative Commons CC0 1.0 Universal Public Domain Dedication &nbsp; Grani\u010dne kontrole, prvobitno ponovo uvedene u septembru, imaju za cilj sprije\u010diti neovla\u0161teni ulazak i borbu protiv prekograni\u010dnog kriminala.&hellip;","og_url":"https:\/\/www.logistika.ba\/cg\/njemacka-produzuje-granicne-kontrole-do-septembra-2025-godine\/","og_site_name":"Klaster Logistika","article_published_time":"2025-02-13T21:08:29+00:00","article_modified_time":"2025-02-13T21:09:01+00:00","og_image":[{"width":1946,"height":1198,"url":"https:\/\/www.logistika.ba\/wp-content\/uploads\/2023\/04\/NJEM.jpg","type":"image\/jpeg"}],"author":"Klaster Logistika","twitter_card":"summary_large_image","twitter_misc":{"Written by":"Klaster Logistika","Est. reading time":"2 minutes"},"schema":{"@context":"https:\/\/schema.org","@graph":[{"@type":"WebPage","@id":"https:\/\/www.logistika.ba\/cg\/njemacka-produzuje-granicne-kontrole-do-septembra-2025-godine\/","url":"https:\/\/www.logistika.ba\/cg\/njemacka-produzuje-granicne-kontrole-do-septembra-2025-godine\/","name":"Njema\u010dka produ\u017euje grani\u010dne kontrole do septembra 2025. godine - Klaster Logistika","isPartOf":{"@id":"https:\/\/www.logistika.ba\/#website"},"datePublished":"2025-02-13T21:08:29+00:00","dateModified":"2025-02-13T21:09:01+00:00","author":{"@id":"https:\/\/www.logistika.ba\/#\/schema\/person\/46ef21d9f81bfe4fd9b6a2013bae7314"},"breadcrumb":{"@id":"https:\/\/www.logistika.ba\/cg\/njemacka-produzuje-granicne-kontrole-do-septembra-2025-godine\/#breadcrumb"},"inLanguage":"cg-CG","potentialAction":[{"@type":"ReadAction","target":["https:\/\/www.logistika.ba\/cg\/njemacka-produzuje-granicne-kontrole-do-septembra-2025-godine\/"]}]},{"@type":"BreadcrumbList","@id":"https:\/\/www.logistika.ba\/cg\/njemacka-produzuje-granicne-kontrole-do-septembra-2025-godine\/#breadcrumb","itemListElement":[{"@type":"ListItem","position":1,"name":"Home","item":"https:\/\/www.logistika.ba\/cg\/3-creative\/"},{"@type":"ListItem","position":2,"name":"Njema\u010dka produ\u017euje grani\u010dne kontrole do septembra 2025. godine"}]},{"@type":"WebSite","@id":"https:\/\/www.logistika.ba\/#website","url":"https:\/\/www.logistika.ba\/","name":"Klaster Logistika","description":"Okupljanje za uspje\u0161nije poslovanje","potentialAction":[{"@type":"SearchAction","target":{"@type":"EntryPoint","urlTemplate":"https:\/\/www.logistika.ba\/?s={search_term_string}"},"query-input":"required name=search_term_string"}],"inLanguage":"cg-CG"},{"@type":"Person","@id":"https:\/\/www.logistika.ba\/#\/schema\/person\/46ef21d9f81bfe4fd9b6a2013bae7314","name":"Klaster Logistika","url":"https:\/\/www.logistika.ba\/cg\/author\/veliborp\/"}]}},"_links":{"self":[{"href":"https:\/\/www.logistika.ba\/cg\/wp-json\/wp\/v2\/posts\/139390","targetHints":{"allow":["GET"]}}],"collection":[{"href":"https:\/\/www.logistika.ba\/cg\/wp-json\/wp\/v2\/posts"}],"about":[{"href":"https:\/\/www.logistika.ba\/cg\/wp-json\/wp\/v2\/types\/post"}],"author":[{"embeddable":true,"href":"https:\/\/www.logistika.ba\/cg\/wp-json\/wp\/v2\/users\/2"}],"replies":[{"embeddable":true,"href":"https:\/\/www.logistika.ba\/cg\/wp-json\/wp\/v2\/comments?post=139390"}],"version-history":[{"count":1,"href":"https:\/\/www.logistika.ba\/cg\/wp-json\/wp\/v2\/posts\/139390\/revisions"}],"predecessor-version":[{"id":139396,"href":"https:\/\/www.logistika.ba\/cg\/wp-json\/wp\/v2\/posts\/139390\/revisions\/139396"}],"wp:featuredmedia":[{"embeddable":true,"href":"https:\/\/www.logistika.ba\/cg\/wp-json\/wp\/v2\/media\/105070"}],"wp:attachment":[{"href":"https:\/\/www.logistika.ba\/cg\/wp-json\/wp\/v2\/media?parent=139390"}],"wp:term":[{"taxonomy":"category","embeddable":true,"href":"https:\/\/www.logistika.ba\/cg\/wp-json\/wp\/v2\/categories?post=139390"},{"taxonomy":"post_tag","embeddable":true,"href":"https:\/\/www.logistika.ba\/cg\/wp-json\/wp\/v2\/tags?post=139390"}],"curies":[{"name":"wp","href":"https:\/\/api.w.org\/{rel}","templated":true}]}}