{"id":147855,"date":"2026-03-04T07:43:55","date_gmt":"2026-03-04T07:43:55","guid":{"rendered":"https:\/\/www.logistika.ba\/analiza-logistika-ba-eu-ubrzava-trgovinu-sa-mercosurom-nova-faza-globalnih-logistickih-tokova\/"},"modified":"2026-03-04T07:44:47","modified_gmt":"2026-03-04T07:44:47","slug":"analiza-logistika-ba-eu-ubrzava-trgovinu-sa-mercosurom-nova-faza-globalnih-logistickih-tokova","status":"publish","type":"post","link":"https:\/\/www.logistika.ba\/cg\/analiza-logistika-ba-eu-ubrzava-trgovinu-sa-mercosurom-nova-faza-globalnih-logistickih-tokova\/","title":{"rendered":"Analiza logistika.ba: EU ubrzava trgovinu sa Mercosurom \u2013 nova faza globalnih logisti\u010dkih tokova"},"content":{"rendered":"<p data-start=\"102\" data-end=\"484\">Evropska unija odlu\u010dila je da <strong data-start=\"132\" data-end=\"203\">privremeno primijeni trgovinski dio sporazuma sa dr\u017eavama Mercosura<\/strong>, \u010dime evropske kompanije ve\u0107 sada mogu koristiti odre\u0111ene carinske olak\u0161ice, iako formalna ratifikacija sporazuma jo\u0161 nije zavr\u0161ena. Odluka Evropske komisije, koju predvodi <span class=\"hover:entity-accent entity-underline inline cursor-pointer align-baseline\"><span class=\"whitespace-normal\">Ursula von der Leyen<\/span><\/span>, ima za cilj ubrzati trgovinske tokove izme\u0111u Evrope i Ju\u017ene Amerike.<\/p>\n<blockquote>\n<p data-start=\"486\" data-end=\"813\">Sporazum obuhvata tr\u017ei\u0161te od pribli\u017eno <strong data-start=\"525\" data-end=\"551\">720 miliona stanovnika<\/strong> i uklju\u010duje zemlje Mercosura: Brazil, Argentinu, Urugvaj i Paragvaj. Privremena primjena zna\u010di da kompanije iz EU mogu ranije po\u010deti koristiti povla\u0161tene carinske re\u017eime, \u010dime se otvara prostor za intenzivniji izvoz evropskih proizvoda na ju\u017enoameri\u010dka tr\u017ei\u0161ta.<\/p>\n<p data-start=\"815\" data-end=\"1166\">Jedan od najva\u017enijih efekata sporazuma odnosi se na <strong data-start=\"867\" data-end=\"896\">smanjenje carinskih stopa<\/strong>. Trenutno, carine na izvoz automobila iz Evropske unije u zemlje Mercosura iznose \u010dak <strong data-start=\"983\" data-end=\"990\">35%<\/strong>, dok su carine na auto-dijelove izme\u0111u <strong data-start=\"1030\" data-end=\"1043\">14% i 18%<\/strong>. Postepeno ukidanje ovih tarifa predstavlja zna\u010dajnu priliku za evropsku automobilsku, ma\u0161insku i farmaceutsku industriju.<\/p>\n<\/blockquote>\n<p data-start=\"1168\" data-end=\"1560\">Za logisti\u010dki sektor ova odluka ima posebno zna\u010denje. Liberalizacija trgovine izme\u0111u EU i Mercosura zna\u010di pove\u0107anje transportnih tokova izme\u0111u dva kontinenta, \u0161to \u0107e direktno uticati na razvoj pomorskog transporta, kontejnerskih linija i globalnih lanaca snabdijevanja. O\u010dekuje se pove\u0107anje obima kontejnerskog transporta izme\u0111u evropskih luka i velikih logisti\u010dkih \u010dvori\u0161ta u Ju\u017enoj Americi.<\/p>\n<p data-start=\"1562\" data-end=\"1841\">Ipak, sporazum i dalje izaziva politi\u010dke kontroverze u pojedinim dr\u017eavama \u010dlanicama Evropske unije. Neke zemlje, poput Poljske i Francuske, izrazile su zabrinutost zbog mogu\u0107ih posljedica na evropski poljoprivredni sektor i najavile dodatne pravne i politi\u010dke provjere sporazuma.<\/p>\n<p data-start=\"1843\" data-end=\"2122\">Bez obzira na politi\u010dke rasprave, privremena primjena sporazuma \u0161alje jasnu poruku o strate\u0161kom pravcu evropske trgovinske politike. U vremenu rastu\u0107eg protekcionizma i globalnih geopoliti\u010dkih tenzija, Evropska unija nastoji pro\u0161iriti mre\u017eu me\u0111unarodnih trgovinskih partnerstava.<\/p>\n<p data-start=\"2124\" data-end=\"2487\" data-is-last-node=\"\" data-is-only-node=\"\">Za logistiku i lance snabdijevanja to zna\u010di jednu klju\u010dnu promjenu: <strong data-start=\"2192\" data-end=\"2335\">atlantski trgovinski koridor izme\u0111u Evrope i Ju\u017ene Amerike mogao bi postati jedan od va\u017enijih pravaca globalne trgovine u narednoj deceniji<\/strong>. Ve\u0107i obim trgovine donosi nove prilike za \u0161peditere, transportne kompanije i logisti\u010dke operatere koji u\u010destvuju u me\u0111unarodnim transportnim tokovima.<\/p>\n","protected":false},"excerpt":{"rendered":"<p>Evropska unija odlu\u010dila je da privremeno primijeni trgovinski dio sporazuma sa dr\u017eavama Mercosura, \u010dime evropske kompanije ve\u0107 sada mogu koristiti odre\u0111ene carinske olak\u0161ice, iako formalna ratifikacija sporazuma jo\u0161 nije zavr\u0161ena. Odluka Evropske komisije, koju predvodi Ursula von der Leyen, ima za cilj ubrzati trgovinske tokove izme\u0111u Evrope i Ju\u017ene Amerike. Sporazum obuhvata tr\u017ei\u0161te od pribli\u017eno&hellip;<\/p>\n","protected":false},"author":2,"featured_media":71159,"comment_status":"closed","ping_status":"closed","sticky":false,"template":"","format":"standard","meta":{"footnotes":""},"categories":[565,547],"tags":[],"class_list":["post-147855","post","type-post","status-publish","format-standard","has-post-thumbnail","hentry","category-drumski-prevoz-robe-cg","category-uncategorized-cg","category-565","category-547","description-off"],"yoast_head":"<!-- This site is optimized with the Yoast SEO plugin v19.6 - https:\/\/yoast.com\/wordpress\/plugins\/seo\/ -->\n<title>Analiza logistika.ba: EU ubrzava trgovinu sa Mercosurom \u2013 nova faza globalnih logisti\u010dkih tokova - Klaster Logistika<\/title>\n<meta name=\"robots\" content=\"index, follow, max-snippet:-1, max-image-preview:large, max-video-preview:-1\" \/>\n<link rel=\"canonical\" href=\"https:\/\/www.logistika.ba\/cg\/analiza-logistika-ba-eu-ubrzava-trgovinu-sa-mercosurom-nova-faza-globalnih-logistickih-tokova\/\" \/>\n<meta property=\"og:locale\" content=\"en_US\" \/>\n<meta property=\"og:type\" content=\"article\" \/>\n<meta property=\"og:title\" content=\"Analiza logistika.ba: EU ubrzava trgovinu sa Mercosurom \u2013 nova faza globalnih logisti\u010dkih tokova - Klaster Logistika\" \/>\n<meta property=\"og:description\" content=\"Evropska unija odlu\u010dila je da privremeno primijeni trgovinski dio sporazuma sa dr\u017eavama Mercosura, \u010dime evropske kompanije ve\u0107 sada mogu koristiti odre\u0111ene carinske olak\u0161ice, iako formalna ratifikacija sporazuma jo\u0161 nije zavr\u0161ena. Odluka Evropske komisije, koju predvodi Ursula von der Leyen, ima za cilj ubrzati trgovinske tokove izme\u0111u Evrope i Ju\u017ene Amerike. Sporazum obuhvata tr\u017ei\u0161te od pribli\u017eno&hellip;\" \/>\n<meta property=\"og:url\" content=\"https:\/\/www.logistika.ba\/cg\/analiza-logistika-ba-eu-ubrzava-trgovinu-sa-mercosurom-nova-faza-globalnih-logistickih-tokova\/\" \/>\n<meta property=\"og:site_name\" content=\"Klaster Logistika\" \/>\n<meta property=\"article:published_time\" content=\"2026-03-04T07:43:55+00:00\" \/>\n<meta property=\"article:modified_time\" content=\"2026-03-04T07:44:47+00:00\" \/>\n<meta property=\"og:image\" content=\"https:\/\/www.logistika.ba\/wp-content\/uploads\/2022\/09\/preuzmi.jpg\" \/>\n\t<meta property=\"og:image:width\" content=\"444\" \/>\n\t<meta property=\"og:image:height\" content=\"249\" \/>\n\t<meta property=\"og:image:type\" content=\"image\/jpeg\" \/>\n<meta name=\"author\" content=\"Klaster Logistika\" \/>\n<meta name=\"twitter:card\" content=\"summary_large_image\" \/>\n<meta name=\"twitter:label1\" content=\"Written by\" \/>\n\t<meta name=\"twitter:data1\" content=\"Klaster Logistika\" \/>\n\t<meta name=\"twitter:label2\" content=\"Est. reading time\" \/>\n\t<meta name=\"twitter:data2\" content=\"2 minutes\" \/>\n<script type=\"application\/ld+json\" class=\"yoast-schema-graph\">{\"@context\":\"https:\/\/schema.org\",\"@graph\":[{\"@type\":\"WebPage\",\"@id\":\"https:\/\/www.logistika.ba\/cg\/analiza-logistika-ba-eu-ubrzava-trgovinu-sa-mercosurom-nova-faza-globalnih-logistickih-tokova\/\",\"url\":\"https:\/\/www.logistika.ba\/cg\/analiza-logistika-ba-eu-ubrzava-trgovinu-sa-mercosurom-nova-faza-globalnih-logistickih-tokova\/\",\"name\":\"Analiza logistika.ba: EU ubrzava trgovinu sa Mercosurom \u2013 nova faza globalnih logisti\u010dkih tokova - Klaster Logistika\",\"isPartOf\":{\"@id\":\"https:\/\/www.logistika.ba\/#website\"},\"datePublished\":\"2026-03-04T07:43:55+00:00\",\"dateModified\":\"2026-03-04T07:44:47+00:00\",\"author\":{\"@id\":\"https:\/\/www.logistika.ba\/#\/schema\/person\/46ef21d9f81bfe4fd9b6a2013bae7314\"},\"breadcrumb\":{\"@id\":\"https:\/\/www.logistika.ba\/cg\/analiza-logistika-ba-eu-ubrzava-trgovinu-sa-mercosurom-nova-faza-globalnih-logistickih-tokova\/#breadcrumb\"},\"inLanguage\":\"cg-CG\",\"potentialAction\":[{\"@type\":\"ReadAction\",\"target\":[\"https:\/\/www.logistika.ba\/cg\/analiza-logistika-ba-eu-ubrzava-trgovinu-sa-mercosurom-nova-faza-globalnih-logistickih-tokova\/\"]}]},{\"@type\":\"BreadcrumbList\",\"@id\":\"https:\/\/www.logistika.ba\/cg\/analiza-logistika-ba-eu-ubrzava-trgovinu-sa-mercosurom-nova-faza-globalnih-logistickih-tokova\/#breadcrumb\",\"itemListElement\":[{\"@type\":\"ListItem\",\"position\":1,\"name\":\"Home\",\"item\":\"https:\/\/www.logistika.ba\/cg\/3-creative\/\"},{\"@type\":\"ListItem\",\"position\":2,\"name\":\"Analiza logistika.ba: EU ubrzava trgovinu sa Mercosurom \u2013 nova faza globalnih logisti\u010dkih tokova\"}]},{\"@type\":\"WebSite\",\"@id\":\"https:\/\/www.logistika.ba\/#website\",\"url\":\"https:\/\/www.logistika.ba\/\",\"name\":\"Klaster Logistika\",\"description\":\"Okupljanje za uspje\u0161nije poslovanje\",\"potentialAction\":[{\"@type\":\"SearchAction\",\"target\":{\"@type\":\"EntryPoint\",\"urlTemplate\":\"https:\/\/www.logistika.ba\/?s={search_term_string}\"},\"query-input\":\"required name=search_term_string\"}],\"inLanguage\":\"cg-CG\"},{\"@type\":\"Person\",\"@id\":\"https:\/\/www.logistika.ba\/#\/schema\/person\/46ef21d9f81bfe4fd9b6a2013bae7314\",\"name\":\"Klaster Logistika\",\"url\":\"https:\/\/www.logistika.ba\/cg\/author\/veliborp\/\"}]}<\/script>\n<!-- \/ Yoast SEO plugin. -->","yoast_head_json":{"title":"Analiza logistika.ba: EU ubrzava trgovinu sa Mercosurom \u2013 nova faza globalnih logisti\u010dkih tokova - Klaster Logistika","robots":{"index":"index","follow":"follow","max-snippet":"max-snippet:-1","max-image-preview":"max-image-preview:large","max-video-preview":"max-video-preview:-1"},"canonical":"https:\/\/www.logistika.ba\/cg\/analiza-logistika-ba-eu-ubrzava-trgovinu-sa-mercosurom-nova-faza-globalnih-logistickih-tokova\/","og_locale":"en_US","og_type":"article","og_title":"Analiza logistika.ba: EU ubrzava trgovinu sa Mercosurom \u2013 nova faza globalnih logisti\u010dkih tokova - Klaster Logistika","og_description":"Evropska unija odlu\u010dila je da privremeno primijeni trgovinski dio sporazuma sa dr\u017eavama Mercosura, \u010dime evropske kompanije ve\u0107 sada mogu koristiti odre\u0111ene carinske olak\u0161ice, iako formalna ratifikacija sporazuma jo\u0161 nije zavr\u0161ena. Odluka Evropske komisije, koju predvodi Ursula von der Leyen, ima za cilj ubrzati trgovinske tokove izme\u0111u Evrope i Ju\u017ene Amerike. Sporazum obuhvata tr\u017ei\u0161te od pribli\u017eno&hellip;","og_url":"https:\/\/www.logistika.ba\/cg\/analiza-logistika-ba-eu-ubrzava-trgovinu-sa-mercosurom-nova-faza-globalnih-logistickih-tokova\/","og_site_name":"Klaster Logistika","article_published_time":"2026-03-04T07:43:55+00:00","article_modified_time":"2026-03-04T07:44:47+00:00","og_image":[{"width":444,"height":249,"url":"https:\/\/www.logistika.ba\/wp-content\/uploads\/2022\/09\/preuzmi.jpg","type":"image\/jpeg"}],"author":"Klaster Logistika","twitter_card":"summary_large_image","twitter_misc":{"Written by":"Klaster Logistika","Est. reading time":"2 minutes"},"schema":{"@context":"https:\/\/schema.org","@graph":[{"@type":"WebPage","@id":"https:\/\/www.logistika.ba\/cg\/analiza-logistika-ba-eu-ubrzava-trgovinu-sa-mercosurom-nova-faza-globalnih-logistickih-tokova\/","url":"https:\/\/www.logistika.ba\/cg\/analiza-logistika-ba-eu-ubrzava-trgovinu-sa-mercosurom-nova-faza-globalnih-logistickih-tokova\/","name":"Analiza logistika.ba: EU ubrzava trgovinu sa Mercosurom \u2013 nova faza globalnih logisti\u010dkih tokova - Klaster Logistika","isPartOf":{"@id":"https:\/\/www.logistika.ba\/#website"},"datePublished":"2026-03-04T07:43:55+00:00","dateModified":"2026-03-04T07:44:47+00:00","author":{"@id":"https:\/\/www.logistika.ba\/#\/schema\/person\/46ef21d9f81bfe4fd9b6a2013bae7314"},"breadcrumb":{"@id":"https:\/\/www.logistika.ba\/cg\/analiza-logistika-ba-eu-ubrzava-trgovinu-sa-mercosurom-nova-faza-globalnih-logistickih-tokova\/#breadcrumb"},"inLanguage":"cg-CG","potentialAction":[{"@type":"ReadAction","target":["https:\/\/www.logistika.ba\/cg\/analiza-logistika-ba-eu-ubrzava-trgovinu-sa-mercosurom-nova-faza-globalnih-logistickih-tokova\/"]}]},{"@type":"BreadcrumbList","@id":"https:\/\/www.logistika.ba\/cg\/analiza-logistika-ba-eu-ubrzava-trgovinu-sa-mercosurom-nova-faza-globalnih-logistickih-tokova\/#breadcrumb","itemListElement":[{"@type":"ListItem","position":1,"name":"Home","item":"https:\/\/www.logistika.ba\/cg\/3-creative\/"},{"@type":"ListItem","position":2,"name":"Analiza logistika.ba: EU ubrzava trgovinu sa Mercosurom \u2013 nova faza globalnih logisti\u010dkih tokova"}]},{"@type":"WebSite","@id":"https:\/\/www.logistika.ba\/#website","url":"https:\/\/www.logistika.ba\/","name":"Klaster Logistika","description":"Okupljanje za uspje\u0161nije poslovanje","potentialAction":[{"@type":"SearchAction","target":{"@type":"EntryPoint","urlTemplate":"https:\/\/www.logistika.ba\/?s={search_term_string}"},"query-input":"required name=search_term_string"}],"inLanguage":"cg-CG"},{"@type":"Person","@id":"https:\/\/www.logistika.ba\/#\/schema\/person\/46ef21d9f81bfe4fd9b6a2013bae7314","name":"Klaster Logistika","url":"https:\/\/www.logistika.ba\/cg\/author\/veliborp\/"}]}},"_links":{"self":[{"href":"https:\/\/www.logistika.ba\/cg\/wp-json\/wp\/v2\/posts\/147855","targetHints":{"allow":["GET"]}}],"collection":[{"href":"https:\/\/www.logistika.ba\/cg\/wp-json\/wp\/v2\/posts"}],"about":[{"href":"https:\/\/www.logistika.ba\/cg\/wp-json\/wp\/v2\/types\/post"}],"author":[{"embeddable":true,"href":"https:\/\/www.logistika.ba\/cg\/wp-json\/wp\/v2\/users\/2"}],"replies":[{"embeddable":true,"href":"https:\/\/www.logistika.ba\/cg\/wp-json\/wp\/v2\/comments?post=147855"}],"version-history":[{"count":1,"href":"https:\/\/www.logistika.ba\/cg\/wp-json\/wp\/v2\/posts\/147855\/revisions"}],"predecessor-version":[{"id":147861,"href":"https:\/\/www.logistika.ba\/cg\/wp-json\/wp\/v2\/posts\/147855\/revisions\/147861"}],"wp:featuredmedia":[{"embeddable":true,"href":"https:\/\/www.logistika.ba\/cg\/wp-json\/wp\/v2\/media\/71159"}],"wp:attachment":[{"href":"https:\/\/www.logistika.ba\/cg\/wp-json\/wp\/v2\/media?parent=147855"}],"wp:term":[{"taxonomy":"category","embeddable":true,"href":"https:\/\/www.logistika.ba\/cg\/wp-json\/wp\/v2\/categories?post=147855"},{"taxonomy":"post_tag","embeddable":true,"href":"https:\/\/www.logistika.ba\/cg\/wp-json\/wp\/v2\/tags?post=147855"}],"curies":[{"name":"wp","href":"https:\/\/api.w.org\/{rel}","templated":true}]}}