{"id":147885,"date":"2026-03-06T09:17:22","date_gmt":"2026-03-06T09:17:22","guid":{"rendered":"https:\/\/www.logistika.ba\/eurovignette-direktiva-nove-promjene-u-naplati-putarina-za-teska-vozila-u-eu\/"},"modified":"2026-03-06T09:26:08","modified_gmt":"2026-03-06T09:26:08","slug":"eurovignette-direktiva-nove-promjene-u-naplati-putarina-za-teska-vozila-u-eu","status":"publish","type":"post","link":"https:\/\/www.logistika.ba\/cg\/eurovignette-direktiva-nove-promjene-u-naplati-putarina-za-teska-vozila-u-eu\/","title":{"rendered":"Eurovignette direktiva: nove promjene u naplati putarina za te\u0161ka vozila u EU"},"content":{"rendered":"<p data-start=\"379\" data-end=\"574\">Institucije Evropske unije rade na dodatnim izmjenama <strong data-start=\"433\" data-end=\"459\">Direktive Eurovignette<\/strong>, koja reguli\u0161e naplatu putarina za te\u0161ka teretna vozila i kori\u0161tenje putne infrastrukture u dr\u017eavama \u010dlanicama EU.<\/p>\n<p data-start=\"576\" data-end=\"907\">Savjet EU je usvojio pregovara\u010dki mandat kojim se predvi\u0111aju tehni\u010dka poja\u0161njenja i prilago\u0111avanja direktive, kako bi se olak\u0161ala njena primjena u dr\u017eavama \u010dlanicama. Ove izmjene dolaze u trenutku kada od <strong data-start=\"781\" data-end=\"861\">1. jula stupaju na snagu novi evropski standardi emisije CO\u2082 za te\u0161ka vozila<\/strong>, koji \u0107e direktno uticati na visinu putarine.<\/p>\n<h3 data-section-id=\"swo4w4\" data-start=\"909\" data-end=\"942\">Novi princip naplate putarine<\/h3>\n<p data-start=\"944\" data-end=\"1124\">Jo\u0161 reformom iz 2022. godine EU je promijenila osnovu naplate putarina za teretna vozila. Sistem je pre\u0161ao sa vremenskog modela (vinjete) na <strong data-start=\"1085\" data-end=\"1123\">naplatu prema pre\u0111enoj udaljenosti<\/strong>.<\/p>\n<p data-start=\"1126\" data-end=\"1202\">Ovaj model se zasniva na dva klju\u010dna principa evropske transportne politike:<\/p>\n<ul data-start=\"1204\" data-end=\"1293\">\n<li data-section-id=\"1m0vczr\" data-start=\"1204\" data-end=\"1253\">\n<p data-start=\"1206\" data-end=\"1253\"><strong data-start=\"1206\" data-end=\"1253\">\u201eUser pays\u201c \u2013 korisnik infrastrukture pla\u0107a<\/strong><\/p>\n<\/li>\n<li data-section-id=\"10hxj9r\" data-start=\"1254\" data-end=\"1293\">\n<p data-start=\"1256\" data-end=\"1293\"><strong data-start=\"1256\" data-end=\"1293\">\u201ePolluter pays\u201c \u2013 zaga\u0111iva\u010d pla\u0107a<\/strong><\/p>\n<\/li>\n<\/ul>\n<p data-start=\"1295\" data-end=\"1342\">To zna\u010di da visina putarine sve vi\u0161e zavisi od:<\/p>\n<ul data-start=\"1344\" data-end=\"1423\">\n<li data-section-id=\"x9fnxh\" data-start=\"1344\" data-end=\"1365\">\n<p data-start=\"1346\" data-end=\"1365\">pre\u0111ene kilometra\u017ee<\/p>\n<\/li>\n<li data-section-id=\"1qs7d9x\" data-start=\"1366\" data-end=\"1386\">\n<p data-start=\"1368\" data-end=\"1386\">emisije CO\u2082 vozila<\/p>\n<\/li>\n<li data-section-id=\"1f42k1m\" data-start=\"1387\" data-end=\"1423\">\n<p data-start=\"1389\" data-end=\"1423\">klase vozila i tehnologije pogona.<\/p>\n<\/li>\n<\/ul>\n<h3 data-section-id=\"1shjo6n\" data-start=\"1425\" data-end=\"1454\">Nova klasifikacija vozila<\/h3>\n<p data-start=\"1456\" data-end=\"1552\">Predlo\u017eene izmjene dodatno poja\u0161njavaju na\u010din klasifikacije vozila prema emisijama, uklju\u010duju\u0107i:<\/p>\n<ul data-start=\"1554\" data-end=\"1676\">\n<li data-section-id=\"bblh2y\" data-start=\"1554\" data-end=\"1582\">\n<p data-start=\"1556\" data-end=\"1582\">vozila sa niskim emisijama<\/p>\n<\/li>\n<li data-section-id=\"h5stan\" data-start=\"1583\" data-end=\"1610\">\n<p data-start=\"1585\" data-end=\"1610\">vozila sa nultom emisijom<\/p>\n<\/li>\n<li data-section-id=\"a10st\" data-start=\"1611\" data-end=\"1647\">\n<p data-start=\"1613\" data-end=\"1647\">referentne vrijednosti emisija CO\u2082<\/p>\n<\/li>\n<li data-section-id=\"12eppm4\" data-start=\"1648\" data-end=\"1676\">\n<p data-start=\"1650\" data-end=\"1676\">putanju smanjenja emisija.<\/p>\n<\/li>\n<\/ul>\n<p data-start=\"1678\" data-end=\"1763\">Ova klasifikacija \u0107e biti klju\u010dna za odre\u0111ivanje visine putarine u narednim godinama.<\/p>\n<h3 data-section-id=\"15u5yjw\" data-start=\"1765\" data-end=\"1802\">Uticaj novih standarda od 1. jula<\/h3>\n<p data-start=\"1804\" data-end=\"2060\">Od <strong data-start=\"1807\" data-end=\"1818\">1. jula<\/strong> dr\u017eave EU \u0107e morati uskladiti sistem naplate putarina sa novim standardima emisije CO\u2082 za te\u0161ka vozila. To zna\u010di da \u0107e vozila sa ve\u0107im emisijama pla\u0107ati <strong data-start=\"1972\" data-end=\"1989\">vi\u0161u putarinu<\/strong>, dok \u0107e vozila sa ni\u017eim emisijama imati odre\u0111ene finansijske olak\u0161ice.<\/p>\n<h3 data-section-id=\"z4o7yw\" data-start=\"2062\" data-end=\"2098\">Retrofit i tehni\u010dke modifikacije<\/h3>\n<p data-start=\"2100\" data-end=\"2181\">U okviru rasprave razmatrane su i tehni\u010dke modifikacije vozila (retrofit), poput:<\/p>\n<ul data-start=\"2183\" data-end=\"2285\">\n<li data-section-id=\"1f88tu\" data-start=\"2183\" data-end=\"2208\">\n<p data-start=\"2185\" data-end=\"2208\">softverskih unapre\u0111enja<\/p>\n<\/li>\n<li data-section-id=\"1ekyzs7\" data-start=\"2209\" data-end=\"2251\">\n<p data-start=\"2211\" data-end=\"2251\">tehni\u010dkih modifikacija pogonskog sistema<\/p>\n<\/li>\n<li data-section-id=\"oa2ked\" data-start=\"2252\" data-end=\"2285\">\n<p data-start=\"2254\" data-end=\"2285\">konverzije na elektri\u010dni pogon.<\/p>\n<\/li>\n<\/ul>\n<p data-start=\"2287\" data-end=\"2505\">Me\u0111utim, trenutno takve modifikacije <strong data-start=\"2324\" data-end=\"2366\">ne mijenjaju zvani\u010dnu CO\u2082 klasu vozila<\/strong>, \u0161to zna\u010di da ne uti\u010du na visinu putarine. Evropska komisija bi u naredne dvije godine trebala analizirati mogu\u0107nost promjene tog pravila.<\/p>\n<h3 data-section-id=\"9jyr2o\" data-start=\"2507\" data-end=\"2549\">Odbijena ideja o \u201ezelenim prikolicama\u201c<\/h3>\n<p data-start=\"2551\" data-end=\"2785\">Tokom pregovora razmatrana je i mogu\u0107nost smanjenja putarine za vozila koja koriste tzv. <strong data-start=\"2640\" data-end=\"2660\">\u201egreen trailers\u201c<\/strong> \u2013 aerodinami\u010dne ili energetski efikasnije prikolice. Savjet EU je ovu ideju odbacio zbog dodatne administrativne slo\u017eenosti.<\/p>\n<h3 data-section-id=\"1sazmcn\" data-start=\"2787\" data-end=\"2802\">\u0160ta slijedi<\/h3>\n<p data-start=\"2804\" data-end=\"2942\">Prijedlog izmjena sada ide u pregovore sa Evropskim parlamentom. Tek nakon usagla\u0161avanja izme\u0111u institucija EU bi\u0107e usvojen kona\u010dni tekst.<\/p>\n<p data-start=\"2949\" data-end=\"2979\"><strong data-start=\"2949\" data-end=\"2979\">Stru\u010dni komentar za region<\/strong><\/p>\n<p data-start=\"2981\" data-end=\"3236\">Za transportne kompanije sa Zapadnog Balkana ove promjene imaju veliki zna\u010daj jer \u0107e direktno uticati na tro\u0161kove poslovanja na tr\u017ei\u0161tu EU. Ve\u0107ina me\u0111unarodnih transporta iz Bosne i Hercegovine, Srbije i regiona odvija se upravo na evropskoj putnoj mre\u017ei.<\/p>\n<p data-start=\"3238\" data-end=\"3441\">Kako EU bude dalje uvodila CO\u2082 klasifikaciju u sistem putarina, o\u010dekuje se da \u0107e <strong data-start=\"3319\" data-end=\"3376\">tro\u0161kovi transporta za starija vozila postepeno rasti<\/strong>, dok \u0107e nova vozila sa ni\u017eim emisijama imati povoljniji tretman.<\/p>\n<p data-start=\"3443\" data-end=\"3553\">Ovaj proces predstavlja dio \u0161ire strategije EU za dekarbonizaciju transporta i modernizaciju drumskog sektora.<\/p>\n","protected":false},"excerpt":{"rendered":"<p>Institucije Evropske unije rade na dodatnim izmjenama Direktive Eurovignette, koja reguli\u0161e naplatu putarina za te\u0161ka teretna vozila i kori\u0161tenje putne infrastrukture u dr\u017eavama \u010dlanicama EU. Savjet EU je usvojio pregovara\u010dki mandat kojim se predvi\u0111aju tehni\u010dka poja\u0161njenja i prilago\u0111avanja direktive, kako bi se olak\u0161ala njena primjena u dr\u017eavama \u010dlanicama. Ove izmjene dolaze u trenutku kada od&hellip;<\/p>\n","protected":false},"author":2,"featured_media":79125,"comment_status":"closed","ping_status":"closed","sticky":false,"template":"","format":"standard","meta":{"footnotes":""},"categories":[565,547],"tags":[],"class_list":["post-147885","post","type-post","status-publish","format-standard","has-post-thumbnail","hentry","category-drumski-prevoz-robe-cg","category-uncategorized-cg","category-565","category-547","description-off"],"yoast_head":"<!-- This site is optimized with the Yoast SEO plugin v19.6 - https:\/\/yoast.com\/wordpress\/plugins\/seo\/ -->\n<title>Eurovignette direktiva: nove promjene u naplati putarina za te\u0161ka vozila u EU - Klaster Logistika<\/title>\n<meta name=\"robots\" content=\"index, follow, max-snippet:-1, max-image-preview:large, max-video-preview:-1\" \/>\n<link rel=\"canonical\" href=\"https:\/\/www.logistika.ba\/cg\/eurovignette-direktiva-nove-promjene-u-naplati-putarina-za-teska-vozila-u-eu\/\" \/>\n<meta property=\"og:locale\" content=\"en_US\" \/>\n<meta property=\"og:type\" content=\"article\" \/>\n<meta property=\"og:title\" content=\"Eurovignette direktiva: nove promjene u naplati putarina za te\u0161ka vozila u EU - Klaster Logistika\" \/>\n<meta property=\"og:description\" content=\"Institucije Evropske unije rade na dodatnim izmjenama Direktive Eurovignette, koja reguli\u0161e naplatu putarina za te\u0161ka teretna vozila i kori\u0161tenje putne infrastrukture u dr\u017eavama \u010dlanicama EU. Savjet EU je usvojio pregovara\u010dki mandat kojim se predvi\u0111aju tehni\u010dka poja\u0161njenja i prilago\u0111avanja direktive, kako bi se olak\u0161ala njena primjena u dr\u017eavama \u010dlanicama. Ove izmjene dolaze u trenutku kada od&hellip;\" \/>\n<meta property=\"og:url\" content=\"https:\/\/www.logistika.ba\/cg\/eurovignette-direktiva-nove-promjene-u-naplati-putarina-za-teska-vozila-u-eu\/\" \/>\n<meta property=\"og:site_name\" content=\"Klaster Logistika\" \/>\n<meta property=\"article:published_time\" content=\"2026-03-06T09:17:22+00:00\" \/>\n<meta property=\"article:modified_time\" content=\"2026-03-06T09:26:08+00:00\" \/>\n<meta property=\"og:image\" content=\"https:\/\/www.logistika.ba\/wp-content\/uploads\/2025\/06\/Logistika-Sarajevo.jpg\" \/>\n\t<meta property=\"og:image:width\" content=\"900\" \/>\n\t<meta property=\"og:image:height\" content=\"490\" \/>\n\t<meta property=\"og:image:type\" content=\"image\/jpeg\" \/>\n<meta name=\"author\" content=\"Klaster Logistika\" \/>\n<meta name=\"twitter:card\" content=\"summary_large_image\" \/>\n<meta name=\"twitter:label1\" content=\"Written by\" \/>\n\t<meta name=\"twitter:data1\" content=\"Klaster Logistika\" \/>\n\t<meta name=\"twitter:label2\" content=\"Est. reading time\" \/>\n\t<meta name=\"twitter:data2\" content=\"2 minutes\" \/>\n<script type=\"application\/ld+json\" class=\"yoast-schema-graph\">{\"@context\":\"https:\/\/schema.org\",\"@graph\":[{\"@type\":\"WebPage\",\"@id\":\"https:\/\/www.logistika.ba\/cg\/eurovignette-direktiva-nove-promjene-u-naplati-putarina-za-teska-vozila-u-eu\/\",\"url\":\"https:\/\/www.logistika.ba\/cg\/eurovignette-direktiva-nove-promjene-u-naplati-putarina-za-teska-vozila-u-eu\/\",\"name\":\"Eurovignette direktiva: nove promjene u naplati putarina za te\u0161ka vozila u EU - Klaster Logistika\",\"isPartOf\":{\"@id\":\"https:\/\/www.logistika.ba\/#website\"},\"datePublished\":\"2026-03-06T09:17:22+00:00\",\"dateModified\":\"2026-03-06T09:26:08+00:00\",\"author\":{\"@id\":\"https:\/\/www.logistika.ba\/#\/schema\/person\/46ef21d9f81bfe4fd9b6a2013bae7314\"},\"breadcrumb\":{\"@id\":\"https:\/\/www.logistika.ba\/cg\/eurovignette-direktiva-nove-promjene-u-naplati-putarina-za-teska-vozila-u-eu\/#breadcrumb\"},\"inLanguage\":\"cg-CG\",\"potentialAction\":[{\"@type\":\"ReadAction\",\"target\":[\"https:\/\/www.logistika.ba\/cg\/eurovignette-direktiva-nove-promjene-u-naplati-putarina-za-teska-vozila-u-eu\/\"]}]},{\"@type\":\"BreadcrumbList\",\"@id\":\"https:\/\/www.logistika.ba\/cg\/eurovignette-direktiva-nove-promjene-u-naplati-putarina-za-teska-vozila-u-eu\/#breadcrumb\",\"itemListElement\":[{\"@type\":\"ListItem\",\"position\":1,\"name\":\"Home\",\"item\":\"https:\/\/www.logistika.ba\/cg\/3-creative\/\"},{\"@type\":\"ListItem\",\"position\":2,\"name\":\"Eurovignette direktiva: nove promjene u naplati putarina za te\u0161ka vozila u EU\"}]},{\"@type\":\"WebSite\",\"@id\":\"https:\/\/www.logistika.ba\/#website\",\"url\":\"https:\/\/www.logistika.ba\/\",\"name\":\"Klaster Logistika\",\"description\":\"Okupljanje za uspje\u0161nije poslovanje\",\"potentialAction\":[{\"@type\":\"SearchAction\",\"target\":{\"@type\":\"EntryPoint\",\"urlTemplate\":\"https:\/\/www.logistika.ba\/?s={search_term_string}\"},\"query-input\":\"required name=search_term_string\"}],\"inLanguage\":\"cg-CG\"},{\"@type\":\"Person\",\"@id\":\"https:\/\/www.logistika.ba\/#\/schema\/person\/46ef21d9f81bfe4fd9b6a2013bae7314\",\"name\":\"Klaster Logistika\",\"url\":\"https:\/\/www.logistika.ba\/cg\/author\/veliborp\/\"}]}<\/script>\n<!-- \/ Yoast SEO plugin. -->","yoast_head_json":{"title":"Eurovignette direktiva: nove promjene u naplati putarina za te\u0161ka vozila u EU - Klaster Logistika","robots":{"index":"index","follow":"follow","max-snippet":"max-snippet:-1","max-image-preview":"max-image-preview:large","max-video-preview":"max-video-preview:-1"},"canonical":"https:\/\/www.logistika.ba\/cg\/eurovignette-direktiva-nove-promjene-u-naplati-putarina-za-teska-vozila-u-eu\/","og_locale":"en_US","og_type":"article","og_title":"Eurovignette direktiva: nove promjene u naplati putarina za te\u0161ka vozila u EU - Klaster Logistika","og_description":"Institucije Evropske unije rade na dodatnim izmjenama Direktive Eurovignette, koja reguli\u0161e naplatu putarina za te\u0161ka teretna vozila i kori\u0161tenje putne infrastrukture u dr\u017eavama \u010dlanicama EU. Savjet EU je usvojio pregovara\u010dki mandat kojim se predvi\u0111aju tehni\u010dka poja\u0161njenja i prilago\u0111avanja direktive, kako bi se olak\u0161ala njena primjena u dr\u017eavama \u010dlanicama. Ove izmjene dolaze u trenutku kada od&hellip;","og_url":"https:\/\/www.logistika.ba\/cg\/eurovignette-direktiva-nove-promjene-u-naplati-putarina-za-teska-vozila-u-eu\/","og_site_name":"Klaster Logistika","article_published_time":"2026-03-06T09:17:22+00:00","article_modified_time":"2026-03-06T09:26:08+00:00","og_image":[{"width":900,"height":490,"url":"https:\/\/www.logistika.ba\/wp-content\/uploads\/2025\/06\/Logistika-Sarajevo.jpg","type":"image\/jpeg"}],"author":"Klaster Logistika","twitter_card":"summary_large_image","twitter_misc":{"Written by":"Klaster Logistika","Est. reading time":"2 minutes"},"schema":{"@context":"https:\/\/schema.org","@graph":[{"@type":"WebPage","@id":"https:\/\/www.logistika.ba\/cg\/eurovignette-direktiva-nove-promjene-u-naplati-putarina-za-teska-vozila-u-eu\/","url":"https:\/\/www.logistika.ba\/cg\/eurovignette-direktiva-nove-promjene-u-naplati-putarina-za-teska-vozila-u-eu\/","name":"Eurovignette direktiva: nove promjene u naplati putarina za te\u0161ka vozila u EU - Klaster Logistika","isPartOf":{"@id":"https:\/\/www.logistika.ba\/#website"},"datePublished":"2026-03-06T09:17:22+00:00","dateModified":"2026-03-06T09:26:08+00:00","author":{"@id":"https:\/\/www.logistika.ba\/#\/schema\/person\/46ef21d9f81bfe4fd9b6a2013bae7314"},"breadcrumb":{"@id":"https:\/\/www.logistika.ba\/cg\/eurovignette-direktiva-nove-promjene-u-naplati-putarina-za-teska-vozila-u-eu\/#breadcrumb"},"inLanguage":"cg-CG","potentialAction":[{"@type":"ReadAction","target":["https:\/\/www.logistika.ba\/cg\/eurovignette-direktiva-nove-promjene-u-naplati-putarina-za-teska-vozila-u-eu\/"]}]},{"@type":"BreadcrumbList","@id":"https:\/\/www.logistika.ba\/cg\/eurovignette-direktiva-nove-promjene-u-naplati-putarina-za-teska-vozila-u-eu\/#breadcrumb","itemListElement":[{"@type":"ListItem","position":1,"name":"Home","item":"https:\/\/www.logistika.ba\/cg\/3-creative\/"},{"@type":"ListItem","position":2,"name":"Eurovignette direktiva: nove promjene u naplati putarina za te\u0161ka vozila u EU"}]},{"@type":"WebSite","@id":"https:\/\/www.logistika.ba\/#website","url":"https:\/\/www.logistika.ba\/","name":"Klaster Logistika","description":"Okupljanje za uspje\u0161nije poslovanje","potentialAction":[{"@type":"SearchAction","target":{"@type":"EntryPoint","urlTemplate":"https:\/\/www.logistika.ba\/?s={search_term_string}"},"query-input":"required name=search_term_string"}],"inLanguage":"cg-CG"},{"@type":"Person","@id":"https:\/\/www.logistika.ba\/#\/schema\/person\/46ef21d9f81bfe4fd9b6a2013bae7314","name":"Klaster Logistika","url":"https:\/\/www.logistika.ba\/cg\/author\/veliborp\/"}]}},"_links":{"self":[{"href":"https:\/\/www.logistika.ba\/cg\/wp-json\/wp\/v2\/posts\/147885","targetHints":{"allow":["GET"]}}],"collection":[{"href":"https:\/\/www.logistika.ba\/cg\/wp-json\/wp\/v2\/posts"}],"about":[{"href":"https:\/\/www.logistika.ba\/cg\/wp-json\/wp\/v2\/types\/post"}],"author":[{"embeddable":true,"href":"https:\/\/www.logistika.ba\/cg\/wp-json\/wp\/v2\/users\/2"}],"replies":[{"embeddable":true,"href":"https:\/\/www.logistika.ba\/cg\/wp-json\/wp\/v2\/comments?post=147885"}],"version-history":[{"count":1,"href":"https:\/\/www.logistika.ba\/cg\/wp-json\/wp\/v2\/posts\/147885\/revisions"}],"predecessor-version":[{"id":147891,"href":"https:\/\/www.logistika.ba\/cg\/wp-json\/wp\/v2\/posts\/147885\/revisions\/147891"}],"wp:featuredmedia":[{"embeddable":true,"href":"https:\/\/www.logistika.ba\/cg\/wp-json\/wp\/v2\/media\/79125"}],"wp:attachment":[{"href":"https:\/\/www.logistika.ba\/cg\/wp-json\/wp\/v2\/media?parent=147885"}],"wp:term":[{"taxonomy":"category","embeddable":true,"href":"https:\/\/www.logistika.ba\/cg\/wp-json\/wp\/v2\/categories?post=147885"},{"taxonomy":"post_tag","embeddable":true,"href":"https:\/\/www.logistika.ba\/cg\/wp-json\/wp\/v2\/tags?post=147885"}],"curies":[{"name":"wp","href":"https:\/\/api.w.org\/{rel}","templated":true}]}}