{"id":62238,"date":"2022-08-15T17:43:22","date_gmt":"2022-08-15T17:43:22","guid":{"rendered":"https:\/\/www.logistika.ba\/preostale-zabrane-kamiona-u-evropi-ovog-avgusta\/"},"modified":"2022-08-15T17:45:13","modified_gmt":"2022-08-15T17:45:13","slug":"preostale-zabrane-kamiona-u-evropi-ovog-avgusta","status":"publish","type":"post","link":"https:\/\/www.logistika.ba\/cg\/preostale-zabrane-kamiona-u-evropi-ovog-avgusta\/","title":{"rendered":"Preostale zabrane za teretna motorna vozila &#8211; kamione u Evropi ovog avgusta"},"content":{"rendered":"<h3>Dr\u017eavni praznici \u0161irom Evrope u naredne dvije nedelje zna\u010de da su na kontinentu na snazi brojne zabrane za kamione.<\/h3>\n<h3>Evo rezimea koje zabrane va\u017ee i gdje:<\/h3>\n<h3>15 avgust<\/h3>\n<p><b>Austrija\u00a0<\/b>\u2013 od 0.01 do 22.00. Zabrana se odnosi na traktore sa prikolicama preko 3,5 tone, kamione, kao i na artikulisana vozila sa GVW koja prema\u0161uju 7,5 tona.<\/p>\n<p><b>Hrvatska\u00a0<\/b>\u2013 od 14.00 do 23.00<\/p>\n<p><b>Francuska\u00a0<\/b>\u2013 od 0.01 do 22.00. Zabrana se odnosi na kamione i kombinacije vozila sa DMC iznad 7,5 tona, sa izuzetkom posebnih vozila i poljoprivrednih vozila.<\/p>\n<p>Pored zabrane kamiona za dr\u017eavne praznike u Francuskoj, postoje i dodatna letnja ograni\u010denja kretanja vozila te\u0161ke robe preko 7,5 tona. Ova ograni\u010denja pokrivaju celu putni mre\u017eu u Francuskoj i primenjuju se 13. i 20. avgusta od 7 do 19 \u010dasova.<\/p>\n<p><b>Luksemburg\u00a0<\/b>\u2013 od 0.01 do 21.45. Zabrana se odnosi na vozila sa DMC iznad 7,5 tona sa ili bez prikolice.<\/p>\n<p><b>Poljska\u00a0<\/b>\u2013 od 8.00 do 22.00, vozila i kombinacije vozila sa maksimalnom dozvoljenom te\u017einom koja prelazi 12 tona mo\u017eda ne\u0107e voziti po putevima. \u017delimo da vas podsetimo da su u Poljskoj na snazi i letnje zabrane saobra\u0107aja \u2013 petkom (od 18.00 do 22.00), subotom od 8.00 do 14.00 i nedeljom (od 8.00 do 22.00).<\/p>\n<p><b>Slovenija\u00a0<\/b>\u2013 od 8.00 do 22.00. Ograni\u010denje se odnosi na vozila te\u0161ke robe i kombinacije vozila sa GVW-om koji prema\u0161uje 7,5 tona.<\/p>\n<p><b>Italija\u00a0<\/b>\u2013 od 7.00 do 22.00 Zabrana obuhvata vozila te\u0161ke robe i kombinacije vozila namenjenih transportu robe sa DMC iznad 7,5 tona. Pored toga, tokom letnje sezone u Italiji va\u017ee ograni\u010denja saobra\u0107aja i za navedena vozila petkom, subotom i nedeljom .<\/p>\n<h3>20 avgust<\/h3>\n<p><b>Ma\u0111arska\u00a0<\/b>\u2013 od 0:01 do 23.59. Va\u017ei za sva vozila te\u0161ke robe sa DMC iznad 7,5 tona.<\/p>\n<h3>29 avgust<\/h3>\n<p><b>Slova\u010dka\u00a0<\/b>\u2013 od 8.00 do 22.00. Zabrana se odnosi na vozila te\u0161ke robe sa DMC iznad 3,5 tone sa prikolicom ili poluprikolici.<\/p>\n","protected":false},"excerpt":{"rendered":"<p>Dr\u017eavni praznici \u0161irom Evrope u naredne dvije nedelje zna\u010de da su na kontinentu na snazi brojne zabrane za kamione. Evo rezimea koje zabrane va\u017ee i gdje: 15 avgust Austrija\u00a0\u2013 od 0.01 do 22.00. Zabrana se odnosi na traktore sa prikolicama preko 3,5 tone, kamione, kao i na artikulisana vozila sa GVW koja prema\u0161uju 7,5 tona.&hellip;<\/p>\n","protected":false},"author":2,"featured_media":61375,"comment_status":"closed","ping_status":"closed","sticky":false,"template":"","format":"standard","meta":{"footnotes":""},"categories":[547],"tags":[],"class_list":["post-62238","post","type-post","status-publish","format-standard","has-post-thumbnail","hentry","category-uncategorized-cg","category-547","description-off"],"yoast_head":"<!-- This site is optimized with the Yoast SEO plugin v19.6 - https:\/\/yoast.com\/wordpress\/plugins\/seo\/ -->\n<title>Preostale zabrane za teretna motorna vozila - kamione u Evropi ovog avgusta - Klaster Logistika<\/title>\n<meta name=\"robots\" content=\"index, follow, max-snippet:-1, max-image-preview:large, max-video-preview:-1\" \/>\n<link rel=\"canonical\" href=\"https:\/\/www.logistika.ba\/cg\/preostale-zabrane-kamiona-u-evropi-ovog-avgusta\/\" \/>\n<meta property=\"og:locale\" content=\"en_US\" \/>\n<meta property=\"og:type\" content=\"article\" \/>\n<meta property=\"og:title\" content=\"Preostale zabrane za teretna motorna vozila - kamione u Evropi ovog avgusta - Klaster Logistika\" \/>\n<meta property=\"og:description\" content=\"Dr\u017eavni praznici \u0161irom Evrope u naredne dvije nedelje zna\u010de da su na kontinentu na snazi brojne zabrane za kamione. Evo rezimea koje zabrane va\u017ee i gdje: 15 avgust Austrija\u00a0\u2013 od 0.01 do 22.00. Zabrana se odnosi na traktore sa prikolicama preko 3,5 tone, kamione, kao i na artikulisana vozila sa GVW koja prema\u0161uju 7,5 tona.&hellip;\" \/>\n<meta property=\"og:url\" content=\"https:\/\/www.logistika.ba\/cg\/preostale-zabrane-kamiona-u-evropi-ovog-avgusta\/\" \/>\n<meta property=\"og:site_name\" content=\"Klaster Logistika\" \/>\n<meta property=\"article:published_time\" content=\"2022-08-15T17:43:22+00:00\" \/>\n<meta property=\"article:modified_time\" content=\"2022-08-15T17:45:13+00:00\" \/>\n<meta property=\"og:image\" content=\"https:\/\/www.logistika.ba\/wp-content\/uploads\/2022\/08\/43c3673c81d0b586a321a2703a6.jpg\" \/>\n\t<meta property=\"og:image:width\" content=\"1396\" \/>\n\t<meta property=\"og:image:height\" content=\"613\" \/>\n\t<meta property=\"og:image:type\" content=\"image\/jpeg\" \/>\n<meta name=\"author\" content=\"Klaster Logistika\" \/>\n<meta name=\"twitter:card\" content=\"summary_large_image\" \/>\n<meta name=\"twitter:label1\" content=\"Written by\" \/>\n\t<meta name=\"twitter:data1\" content=\"Klaster Logistika\" \/>\n\t<meta name=\"twitter:label2\" content=\"Est. reading time\" \/>\n\t<meta name=\"twitter:data2\" content=\"1 minute\" \/>\n<script type=\"application\/ld+json\" class=\"yoast-schema-graph\">{\"@context\":\"https:\/\/schema.org\",\"@graph\":[{\"@type\":\"WebPage\",\"@id\":\"https:\/\/www.logistika.ba\/cg\/preostale-zabrane-kamiona-u-evropi-ovog-avgusta\/\",\"url\":\"https:\/\/www.logistika.ba\/cg\/preostale-zabrane-kamiona-u-evropi-ovog-avgusta\/\",\"name\":\"Preostale zabrane za teretna motorna vozila - kamione u Evropi ovog avgusta - Klaster Logistika\",\"isPartOf\":{\"@id\":\"https:\/\/www.logistika.ba\/#website\"},\"datePublished\":\"2022-08-15T17:43:22+00:00\",\"dateModified\":\"2022-08-15T17:45:13+00:00\",\"author\":{\"@id\":\"https:\/\/www.logistika.ba\/#\/schema\/person\/46ef21d9f81bfe4fd9b6a2013bae7314\"},\"breadcrumb\":{\"@id\":\"https:\/\/www.logistika.ba\/cg\/preostale-zabrane-kamiona-u-evropi-ovog-avgusta\/#breadcrumb\"},\"inLanguage\":\"cg-CG\",\"potentialAction\":[{\"@type\":\"ReadAction\",\"target\":[\"https:\/\/www.logistika.ba\/cg\/preostale-zabrane-kamiona-u-evropi-ovog-avgusta\/\"]}]},{\"@type\":\"BreadcrumbList\",\"@id\":\"https:\/\/www.logistika.ba\/cg\/preostale-zabrane-kamiona-u-evropi-ovog-avgusta\/#breadcrumb\",\"itemListElement\":[{\"@type\":\"ListItem\",\"position\":1,\"name\":\"Home\",\"item\":\"https:\/\/www.logistika.ba\/cg\/3-creative\/\"},{\"@type\":\"ListItem\",\"position\":2,\"name\":\"Preostale zabrane za teretna motorna vozila &#8211; kamione u Evropi ovog avgusta\"}]},{\"@type\":\"WebSite\",\"@id\":\"https:\/\/www.logistika.ba\/#website\",\"url\":\"https:\/\/www.logistika.ba\/\",\"name\":\"Klaster Logistika\",\"description\":\"Okupljanje za uspje\u0161nije poslovanje\",\"potentialAction\":[{\"@type\":\"SearchAction\",\"target\":{\"@type\":\"EntryPoint\",\"urlTemplate\":\"https:\/\/www.logistika.ba\/?s={search_term_string}\"},\"query-input\":\"required name=search_term_string\"}],\"inLanguage\":\"cg-CG\"},{\"@type\":\"Person\",\"@id\":\"https:\/\/www.logistika.ba\/#\/schema\/person\/46ef21d9f81bfe4fd9b6a2013bae7314\",\"name\":\"Klaster Logistika\",\"url\":\"https:\/\/www.logistika.ba\/cg\/author\/veliborp\/\"}]}<\/script>\n<!-- \/ Yoast SEO plugin. -->","yoast_head_json":{"title":"Preostale zabrane za teretna motorna vozila - kamione u Evropi ovog avgusta - Klaster Logistika","robots":{"index":"index","follow":"follow","max-snippet":"max-snippet:-1","max-image-preview":"max-image-preview:large","max-video-preview":"max-video-preview:-1"},"canonical":"https:\/\/www.logistika.ba\/cg\/preostale-zabrane-kamiona-u-evropi-ovog-avgusta\/","og_locale":"en_US","og_type":"article","og_title":"Preostale zabrane za teretna motorna vozila - kamione u Evropi ovog avgusta - Klaster Logistika","og_description":"Dr\u017eavni praznici \u0161irom Evrope u naredne dvije nedelje zna\u010de da su na kontinentu na snazi brojne zabrane za kamione. Evo rezimea koje zabrane va\u017ee i gdje: 15 avgust Austrija\u00a0\u2013 od 0.01 do 22.00. Zabrana se odnosi na traktore sa prikolicama preko 3,5 tone, kamione, kao i na artikulisana vozila sa GVW koja prema\u0161uju 7,5 tona.&hellip;","og_url":"https:\/\/www.logistika.ba\/cg\/preostale-zabrane-kamiona-u-evropi-ovog-avgusta\/","og_site_name":"Klaster Logistika","article_published_time":"2022-08-15T17:43:22+00:00","article_modified_time":"2022-08-15T17:45:13+00:00","og_image":[{"width":1396,"height":613,"url":"https:\/\/www.logistika.ba\/wp-content\/uploads\/2022\/08\/43c3673c81d0b586a321a2703a6.jpg","type":"image\/jpeg"}],"author":"Klaster Logistika","twitter_card":"summary_large_image","twitter_misc":{"Written by":"Klaster Logistika","Est. reading time":"1 minute"},"schema":{"@context":"https:\/\/schema.org","@graph":[{"@type":"WebPage","@id":"https:\/\/www.logistika.ba\/cg\/preostale-zabrane-kamiona-u-evropi-ovog-avgusta\/","url":"https:\/\/www.logistika.ba\/cg\/preostale-zabrane-kamiona-u-evropi-ovog-avgusta\/","name":"Preostale zabrane za teretna motorna vozila - kamione u Evropi ovog avgusta - Klaster Logistika","isPartOf":{"@id":"https:\/\/www.logistika.ba\/#website"},"datePublished":"2022-08-15T17:43:22+00:00","dateModified":"2022-08-15T17:45:13+00:00","author":{"@id":"https:\/\/www.logistika.ba\/#\/schema\/person\/46ef21d9f81bfe4fd9b6a2013bae7314"},"breadcrumb":{"@id":"https:\/\/www.logistika.ba\/cg\/preostale-zabrane-kamiona-u-evropi-ovog-avgusta\/#breadcrumb"},"inLanguage":"cg-CG","potentialAction":[{"@type":"ReadAction","target":["https:\/\/www.logistika.ba\/cg\/preostale-zabrane-kamiona-u-evropi-ovog-avgusta\/"]}]},{"@type":"BreadcrumbList","@id":"https:\/\/www.logistika.ba\/cg\/preostale-zabrane-kamiona-u-evropi-ovog-avgusta\/#breadcrumb","itemListElement":[{"@type":"ListItem","position":1,"name":"Home","item":"https:\/\/www.logistika.ba\/cg\/3-creative\/"},{"@type":"ListItem","position":2,"name":"Preostale zabrane za teretna motorna vozila &#8211; kamione u Evropi ovog avgusta"}]},{"@type":"WebSite","@id":"https:\/\/www.logistika.ba\/#website","url":"https:\/\/www.logistika.ba\/","name":"Klaster Logistika","description":"Okupljanje za uspje\u0161nije poslovanje","potentialAction":[{"@type":"SearchAction","target":{"@type":"EntryPoint","urlTemplate":"https:\/\/www.logistika.ba\/?s={search_term_string}"},"query-input":"required name=search_term_string"}],"inLanguage":"cg-CG"},{"@type":"Person","@id":"https:\/\/www.logistika.ba\/#\/schema\/person\/46ef21d9f81bfe4fd9b6a2013bae7314","name":"Klaster Logistika","url":"https:\/\/www.logistika.ba\/cg\/author\/veliborp\/"}]}},"_links":{"self":[{"href":"https:\/\/www.logistika.ba\/cg\/wp-json\/wp\/v2\/posts\/62238","targetHints":{"allow":["GET"]}}],"collection":[{"href":"https:\/\/www.logistika.ba\/cg\/wp-json\/wp\/v2\/posts"}],"about":[{"href":"https:\/\/www.logistika.ba\/cg\/wp-json\/wp\/v2\/types\/post"}],"author":[{"embeddable":true,"href":"https:\/\/www.logistika.ba\/cg\/wp-json\/wp\/v2\/users\/2"}],"replies":[{"embeddable":true,"href":"https:\/\/www.logistika.ba\/cg\/wp-json\/wp\/v2\/comments?post=62238"}],"version-history":[{"count":2,"href":"https:\/\/www.logistika.ba\/cg\/wp-json\/wp\/v2\/posts\/62238\/revisions"}],"predecessor-version":[{"id":62251,"href":"https:\/\/www.logistika.ba\/cg\/wp-json\/wp\/v2\/posts\/62238\/revisions\/62251"}],"wp:featuredmedia":[{"embeddable":true,"href":"https:\/\/www.logistika.ba\/cg\/wp-json\/wp\/v2\/media\/61375"}],"wp:attachment":[{"href":"https:\/\/www.logistika.ba\/cg\/wp-json\/wp\/v2\/media?parent=62238"}],"wp:term":[{"taxonomy":"category","embeddable":true,"href":"https:\/\/www.logistika.ba\/cg\/wp-json\/wp\/v2\/categories?post=62238"},{"taxonomy":"post_tag","embeddable":true,"href":"https:\/\/www.logistika.ba\/cg\/wp-json\/wp\/v2\/tags?post=62238"}],"curies":[{"name":"wp","href":"https:\/\/api.w.org\/{rel}","templated":true}]}}