{"id":68159,"date":"2022-09-14T12:39:06","date_gmt":"2022-09-14T12:39:06","guid":{"rendered":"https:\/\/www.logistika.ba\/njemacka-katalog-pregleda-kazni\/"},"modified":"2022-09-14T12:42:05","modified_gmt":"2022-09-14T12:42:05","slug":"njemacka-katalog-pregleda-kazni","status":"publish","type":"post","link":"https:\/\/www.logistika.ba\/cg\/njemacka-katalog-pregleda-kazni\/","title":{"rendered":"Vlada FBIH: Zabrana izvoza drvnih sortimenata iz BiH produ\u017eena do kraja godine! Zabrana na izvoz Uredbom Vlade Republike Srpske je istekla sa 10.09.2022 godine!"},"content":{"rendered":"<div id=\"selectedArticle\">\n<div id=\"NewsContent\" class=\"sadrzajVijesti\">\n<p>Vlada FBiH je, na prijedlog Federalnog ministarstva trgovine, prihvatila inicijativu za produ\u017eenje va\u017eenja Odluke o privremenoj zabrani izvoza odre\u0111enih \u0161umskih drvnih sortimenata, ogrjevnog drveta i proizvoda od drveta iz Bosne i Hercegovine do 31.12.2022. godine.<\/p>\n<p>Vlada \u0107e Vije\u0107u ministara BiH uputiti inicijativu da zadu\u017ei Ministarstvo vanjske trgovine i ekonomskih odnosa BiH da, u \u0161to kra\u0107em roku, a ne kasnije od petnaest dana od njenog usvajanja, pripremi i uputi Vije\u0107u ministara BiH na razmatranje i odlu\u010divanje odgovaraju\u0107u odluku kojom bi do 31.12.2022. godine bilo produ\u017eeno va\u017eenje Odluke o privremenoj zabrani izvoza odre\u0111enih \u0161umskih drvnih sortimenata, ogrjevnog drveta i proizvoda od drveta iz BiH, u kojoj je zabrana izvoza bila odre\u0111ena i za drvene brikete.<\/p>\n<p>Tako\u0111er je u inicijativi navedeno da Vlada FBiH smatra da je neophodno produ\u017eiti va\u017eenje ove odluke, jer sezona grijanja po\u010dinje od oktobra i sasvim je izvjesno o\u010dekivati drasti\u010dan porast potra\u017enje za ovim proizvodima. Produ\u017eenje va\u017eenja Odluke je u funkciji za\u0161tite interesa gra\u0111ana, fizi\u010dkih i pravnih osoba, kao i javnih ustanova u oblasti obrazovanja, zdravstva i socijalne za\u0161tite koji koriste ovu vrstu energenta.<\/p>\n<p>Imaju\u0107i to u vidu, u predstoje\u0107oj sezoni grijanja bi produ\u017eenjem va\u017eenja Odluke do 31.12.2022. godine bilo osigurano uredno snabdijevanje ogrjevnim drvetom i peletom, ali i ekonomski odr\u017eivo poslovanje proizvo\u0111a\u010da, uz socijalnu osjetljivost i dru\u0161tvenu odgovornost primjerenu ekonomskoj realnosti u BiH.<\/p>\n<p>(https:\/\/www.akta.ba\/)<\/p>\n<aside class=\"article__aside-left\">\n<div class=\"date\">Podsje\u0107amo, da je 09.Jun,2022. Vlada Republike Srpske tra\u017ei od Savjeta ministara BiH da se s ciljem razvoja doma\u0107e drvoprera\u0111iva\u010dke industrije, za period do 90 dana, zabrani izvoz \u0161umskih drvnih sortimenata i energenata na bazi drveta ozna\u010denih tarifnim brojevima 4401 i 4403, te podbrojevima, a prema Odluci o utvr\u0111ivanju carinske tarife za 2022. godinu. S tim u vezi, a sa ciljem unapre\u0111enja razvoja drvne industrije, spre\u010davanja nesta\u0161ice i za\u0161tite doma\u0107ih potro\u0161a\u010da u smislu snabdijevanja energentima na bazi drveta Savjetu ministara BiH upu\u0107uje se inicijativa za dono\u0161enje mjere privremene zabrane izvoza \u0161umskih drvnih sortimenata i energenata na bazi drveta iz BiH na period do 90 dana.<\/div>\n<h3>Rok je istekao 10.09.2022 godine!<\/h3>\n<\/aside>\n<\/div>\n<\/div>\n<div class=\"ads noborder\"><\/div>\n","protected":false},"excerpt":{"rendered":"<p>Vlada FBiH je, na prijedlog Federalnog ministarstva trgovine, prihvatila inicijativu za produ\u017eenje va\u017eenja Odluke o privremenoj zabrani izvoza odre\u0111enih \u0161umskih drvnih sortimenata, ogrjevnog drveta i proizvoda od drveta iz Bosne i Hercegovine do 31.12.2022. godine. Vlada \u0107e Vije\u0107u ministara BiH uputiti inicijativu da zadu\u017ei Ministarstvo vanjske trgovine i ekonomskih odnosa BiH da, u \u0161to kra\u0107em&hellip;<\/p>\n","protected":false},"author":2,"featured_media":68172,"comment_status":"closed","ping_status":"closed","sticky":false,"template":"","format":"standard","meta":{"footnotes":""},"categories":[565,581,547,610],"tags":[],"class_list":["post-68159","post","type-post","status-publish","format-standard","has-post-thumbnail","hentry","category-drumski-prevoz-robe-cg","category-spedicija-cg","category-uncategorized-cg","category-upravljanje-lancima-snabdijevanja-cg","category-565","category-581","category-547","category-610","description-off"],"yoast_head":"<!-- This site is optimized with the Yoast SEO plugin v19.6 - https:\/\/yoast.com\/wordpress\/plugins\/seo\/ -->\n<title>Vlada FBIH: Zabrana izvoza drvnih sortimenata iz BiH produ\u017eena do kraja godine! Zabrana na izvoz Uredbom Vlade Republike Srpske je istekla sa 10.09.2022 godine! - Klaster Logistika<\/title>\n<meta name=\"robots\" content=\"index, follow, max-snippet:-1, max-image-preview:large, max-video-preview:-1\" \/>\n<link rel=\"canonical\" href=\"https:\/\/www.logistika.ba\/cg\/njemacka-katalog-pregleda-kazni\/\" \/>\n<meta property=\"og:locale\" content=\"en_US\" \/>\n<meta property=\"og:type\" content=\"article\" \/>\n<meta property=\"og:title\" content=\"Vlada FBIH: Zabrana izvoza drvnih sortimenata iz BiH produ\u017eena do kraja godine! Zabrana na izvoz Uredbom Vlade Republike Srpske je istekla sa 10.09.2022 godine! - Klaster Logistika\" \/>\n<meta property=\"og:description\" content=\"Vlada FBiH je, na prijedlog Federalnog ministarstva trgovine, prihvatila inicijativu za produ\u017eenje va\u017eenja Odluke o privremenoj zabrani izvoza odre\u0111enih \u0161umskih drvnih sortimenata, ogrjevnog drveta i proizvoda od drveta iz Bosne i Hercegovine do 31.12.2022. godine. Vlada \u0107e Vije\u0107u ministara BiH uputiti inicijativu da zadu\u017ei Ministarstvo vanjske trgovine i ekonomskih odnosa BiH da, u \u0161to kra\u0107em&hellip;\" \/>\n<meta property=\"og:url\" content=\"https:\/\/www.logistika.ba\/cg\/njemacka-katalog-pregleda-kazni\/\" \/>\n<meta property=\"og:site_name\" content=\"Klaster Logistika\" \/>\n<meta property=\"article:published_time\" content=\"2022-09-14T12:39:06+00:00\" \/>\n<meta property=\"article:modified_time\" content=\"2022-09-14T12:42:05+00:00\" \/>\n<meta property=\"og:image\" content=\"https:\/\/www.logistika.ba\/wp-content\/uploads\/2022\/09\/drv.jpg\" \/>\n\t<meta property=\"og:image:width\" content=\"414\" \/>\n\t<meta property=\"og:image:height\" content=\"250\" \/>\n\t<meta property=\"og:image:type\" content=\"image\/jpeg\" \/>\n<meta name=\"author\" content=\"Klaster Logistika\" \/>\n<meta name=\"twitter:card\" content=\"summary_large_image\" \/>\n<meta name=\"twitter:label1\" content=\"Written by\" \/>\n\t<meta name=\"twitter:data1\" content=\"Klaster Logistika\" \/>\n\t<meta name=\"twitter:label2\" content=\"Est. reading time\" \/>\n\t<meta name=\"twitter:data2\" content=\"2 minutes\" \/>\n<script type=\"application\/ld+json\" class=\"yoast-schema-graph\">{\"@context\":\"https:\/\/schema.org\",\"@graph\":[{\"@type\":\"WebPage\",\"@id\":\"https:\/\/www.logistika.ba\/cg\/njemacka-katalog-pregleda-kazni\/\",\"url\":\"https:\/\/www.logistika.ba\/cg\/njemacka-katalog-pregleda-kazni\/\",\"name\":\"Vlada FBIH: Zabrana izvoza drvnih sortimenata iz BiH produ\u017eena do kraja godine! Zabrana na izvoz Uredbom Vlade Republike Srpske je istekla sa 10.09.2022 godine! - Klaster Logistika\",\"isPartOf\":{\"@id\":\"https:\/\/www.logistika.ba\/#website\"},\"datePublished\":\"2022-09-14T12:39:06+00:00\",\"dateModified\":\"2022-09-14T12:42:05+00:00\",\"author\":{\"@id\":\"https:\/\/www.logistika.ba\/#\/schema\/person\/46ef21d9f81bfe4fd9b6a2013bae7314\"},\"breadcrumb\":{\"@id\":\"https:\/\/www.logistika.ba\/cg\/njemacka-katalog-pregleda-kazni\/#breadcrumb\"},\"inLanguage\":\"cg-CG\",\"potentialAction\":[{\"@type\":\"ReadAction\",\"target\":[\"https:\/\/www.logistika.ba\/cg\/njemacka-katalog-pregleda-kazni\/\"]}]},{\"@type\":\"BreadcrumbList\",\"@id\":\"https:\/\/www.logistika.ba\/cg\/njemacka-katalog-pregleda-kazni\/#breadcrumb\",\"itemListElement\":[{\"@type\":\"ListItem\",\"position\":1,\"name\":\"Home\",\"item\":\"https:\/\/www.logistika.ba\/cg\/3-creative\/\"},{\"@type\":\"ListItem\",\"position\":2,\"name\":\"Vlada FBIH: Zabrana izvoza drvnih sortimenata iz BiH produ\u017eena do kraja godine! Zabrana na izvoz Uredbom Vlade Republike Srpske je istekla sa 10.09.2022 godine!\"}]},{\"@type\":\"WebSite\",\"@id\":\"https:\/\/www.logistika.ba\/#website\",\"url\":\"https:\/\/www.logistika.ba\/\",\"name\":\"Klaster Logistika\",\"description\":\"Okupljanje za uspje\u0161nije poslovanje\",\"potentialAction\":[{\"@type\":\"SearchAction\",\"target\":{\"@type\":\"EntryPoint\",\"urlTemplate\":\"https:\/\/www.logistika.ba\/?s={search_term_string}\"},\"query-input\":\"required name=search_term_string\"}],\"inLanguage\":\"cg-CG\"},{\"@type\":\"Person\",\"@id\":\"https:\/\/www.logistika.ba\/#\/schema\/person\/46ef21d9f81bfe4fd9b6a2013bae7314\",\"name\":\"Klaster Logistika\",\"url\":\"https:\/\/www.logistika.ba\/cg\/author\/veliborp\/\"}]}<\/script>\n<!-- \/ Yoast SEO plugin. -->","yoast_head_json":{"title":"Vlada FBIH: Zabrana izvoza drvnih sortimenata iz BiH produ\u017eena do kraja godine! Zabrana na izvoz Uredbom Vlade Republike Srpske je istekla sa 10.09.2022 godine! - Klaster Logistika","robots":{"index":"index","follow":"follow","max-snippet":"max-snippet:-1","max-image-preview":"max-image-preview:large","max-video-preview":"max-video-preview:-1"},"canonical":"https:\/\/www.logistika.ba\/cg\/njemacka-katalog-pregleda-kazni\/","og_locale":"en_US","og_type":"article","og_title":"Vlada FBIH: Zabrana izvoza drvnih sortimenata iz BiH produ\u017eena do kraja godine! Zabrana na izvoz Uredbom Vlade Republike Srpske je istekla sa 10.09.2022 godine! - Klaster Logistika","og_description":"Vlada FBiH je, na prijedlog Federalnog ministarstva trgovine, prihvatila inicijativu za produ\u017eenje va\u017eenja Odluke o privremenoj zabrani izvoza odre\u0111enih \u0161umskih drvnih sortimenata, ogrjevnog drveta i proizvoda od drveta iz Bosne i Hercegovine do 31.12.2022. godine. Vlada \u0107e Vije\u0107u ministara BiH uputiti inicijativu da zadu\u017ei Ministarstvo vanjske trgovine i ekonomskih odnosa BiH da, u \u0161to kra\u0107em&hellip;","og_url":"https:\/\/www.logistika.ba\/cg\/njemacka-katalog-pregleda-kazni\/","og_site_name":"Klaster Logistika","article_published_time":"2022-09-14T12:39:06+00:00","article_modified_time":"2022-09-14T12:42:05+00:00","og_image":[{"width":414,"height":250,"url":"https:\/\/www.logistika.ba\/wp-content\/uploads\/2022\/09\/drv.jpg","type":"image\/jpeg"}],"author":"Klaster Logistika","twitter_card":"summary_large_image","twitter_misc":{"Written by":"Klaster Logistika","Est. reading time":"2 minutes"},"schema":{"@context":"https:\/\/schema.org","@graph":[{"@type":"WebPage","@id":"https:\/\/www.logistika.ba\/cg\/njemacka-katalog-pregleda-kazni\/","url":"https:\/\/www.logistika.ba\/cg\/njemacka-katalog-pregleda-kazni\/","name":"Vlada FBIH: Zabrana izvoza drvnih sortimenata iz BiH produ\u017eena do kraja godine! Zabrana na izvoz Uredbom Vlade Republike Srpske je istekla sa 10.09.2022 godine! - Klaster Logistika","isPartOf":{"@id":"https:\/\/www.logistika.ba\/#website"},"datePublished":"2022-09-14T12:39:06+00:00","dateModified":"2022-09-14T12:42:05+00:00","author":{"@id":"https:\/\/www.logistika.ba\/#\/schema\/person\/46ef21d9f81bfe4fd9b6a2013bae7314"},"breadcrumb":{"@id":"https:\/\/www.logistika.ba\/cg\/njemacka-katalog-pregleda-kazni\/#breadcrumb"},"inLanguage":"cg-CG","potentialAction":[{"@type":"ReadAction","target":["https:\/\/www.logistika.ba\/cg\/njemacka-katalog-pregleda-kazni\/"]}]},{"@type":"BreadcrumbList","@id":"https:\/\/www.logistika.ba\/cg\/njemacka-katalog-pregleda-kazni\/#breadcrumb","itemListElement":[{"@type":"ListItem","position":1,"name":"Home","item":"https:\/\/www.logistika.ba\/cg\/3-creative\/"},{"@type":"ListItem","position":2,"name":"Vlada FBIH: Zabrana izvoza drvnih sortimenata iz BiH produ\u017eena do kraja godine! Zabrana na izvoz Uredbom Vlade Republike Srpske je istekla sa 10.09.2022 godine!"}]},{"@type":"WebSite","@id":"https:\/\/www.logistika.ba\/#website","url":"https:\/\/www.logistika.ba\/","name":"Klaster Logistika","description":"Okupljanje za uspje\u0161nije poslovanje","potentialAction":[{"@type":"SearchAction","target":{"@type":"EntryPoint","urlTemplate":"https:\/\/www.logistika.ba\/?s={search_term_string}"},"query-input":"required name=search_term_string"}],"inLanguage":"cg-CG"},{"@type":"Person","@id":"https:\/\/www.logistika.ba\/#\/schema\/person\/46ef21d9f81bfe4fd9b6a2013bae7314","name":"Klaster Logistika","url":"https:\/\/www.logistika.ba\/cg\/author\/veliborp\/"}]}},"_links":{"self":[{"href":"https:\/\/www.logistika.ba\/cg\/wp-json\/wp\/v2\/posts\/68159","targetHints":{"allow":["GET"]}}],"collection":[{"href":"https:\/\/www.logistika.ba\/cg\/wp-json\/wp\/v2\/posts"}],"about":[{"href":"https:\/\/www.logistika.ba\/cg\/wp-json\/wp\/v2\/types\/post"}],"author":[{"embeddable":true,"href":"https:\/\/www.logistika.ba\/cg\/wp-json\/wp\/v2\/users\/2"}],"replies":[{"embeddable":true,"href":"https:\/\/www.logistika.ba\/cg\/wp-json\/wp\/v2\/comments?post=68159"}],"version-history":[{"count":4,"href":"https:\/\/www.logistika.ba\/cg\/wp-json\/wp\/v2\/posts\/68159\/revisions"}],"predecessor-version":[{"id":68314,"href":"https:\/\/www.logistika.ba\/cg\/wp-json\/wp\/v2\/posts\/68159\/revisions\/68314"}],"wp:featuredmedia":[{"embeddable":true,"href":"https:\/\/www.logistika.ba\/cg\/wp-json\/wp\/v2\/media\/68172"}],"wp:attachment":[{"href":"https:\/\/www.logistika.ba\/cg\/wp-json\/wp\/v2\/media?parent=68159"}],"wp:term":[{"taxonomy":"category","embeddable":true,"href":"https:\/\/www.logistika.ba\/cg\/wp-json\/wp\/v2\/categories?post=68159"},{"taxonomy":"post_tag","embeddable":true,"href":"https:\/\/www.logistika.ba\/cg\/wp-json\/wp\/v2\/tags?post=68159"}],"curies":[{"name":"wp","href":"https:\/\/api.w.org\/{rel}","templated":true}]}}