{"id":87265,"date":"2022-12-21T00:28:32","date_gmt":"2022-12-21T00:28:32","guid":{"rendered":"https:\/\/www.logistika.ba\/bosna-i-hercegovina-odluka-o-visini-stope-kompenzatorne-kamate-za-period-od-01-januara-2023-godine-do-30-juna-2023-godine\/"},"modified":"2022-12-21T00:29:53","modified_gmt":"2022-12-21T00:29:53","slug":"bosna-i-hercegovina-odluka-o-visini-stope-kompenzatorne-kamate-za-period-od-01-januara-2023-godine-do-30-juna-2023-godine","status":"publish","type":"post","link":"https:\/\/www.logistika.ba\/cg\/bosna-i-hercegovina-odluka-o-visini-stope-kompenzatorne-kamate-za-period-od-01-januara-2023-godine-do-30-juna-2023-godine\/","title":{"rendered":"BOSNA I HERCEGOVINA: ODLUKA O VISINI STOPE KOMPENZATORNE KAMATE ZA PERIOD OD 01. JANUARA 2023. GODINE DO 30. JUNA 2023. GODINE"},"content":{"rendered":"<p style=\"font-weight: 400;\">Na osnovu \u010dlana 372. stav (2) Odluke o provo\u0111enju Zakona o carinskoj politici u Bosni i Hercegovini (&#8220;Slu\u017ebeni glasnik BiH&#8221;, br. 13\/19, 54\/19, 21\/20, 47\/21, 49\/21, 4\/22 i 23\/22) i \u010dlana 14. stav 3. Zakona o sistemu indirektnog oporezivanja u Bosni i Hercegovini (&#8220;Slu\u017ebeni glasnik BiH&#8221;, br. 44\/03, 52\/04, 34\/07, 4\/08, 49\/09, 32\/13 i 91\/17), Upravni odbor Uprave za indirektno oporezivanje, na 57. sjednici odr\u017eanoj 08.12.2022. godine, donio je<\/p>\n<blockquote><p><strong>ODLUKU <\/strong><strong>O VISINI STOPE KOMPENZATORNE KAMATE ZA PERIOD OD 01. JANUARA 2023. GODINE DO 30. JUNA 2023. GODINE<\/strong><br \/>\n<strong>\u010clan 1. <\/strong><strong>(Predmet)<\/strong><br \/>\nOvom odlukom utvr\u0111uje se visina stope kompenzatorne kamate za period od 01. januara 2023. godine do 30. juna 2023. godine.<\/p>\n<p><strong>\u010clan 2.<\/strong><strong>(Visina stope kompenzatorne kamate)<\/strong><br \/>\nVisina stope kompenzatorne kamate koja se, u skladu sa \u010dlanom 372. Odluke o provo\u0111enju Zakona o carinskoj politici u Bosni i Hercegovini, zara\u010dunava na iznos uvoznih da\u017ebina u slu\u010daju kada carinski dug nastane u vezi s dobijenim proizvodom ili uvoznom robom u postupku unutarnje obrade ili privremenog uvoza, za period iz \u010dlana 1. ove odluke iznosi 12 %.<\/p>\n<p style=\"font-weight: 400;\"><strong>\u010clan 3.<\/strong><strong>(Stupanje na snagu)<\/strong><br \/>\nOva odluka stupa na snagu 01. januara 2023. godine i objavljuje se u &#8220;Slu\u017ebenom glasniku BiH&#8221;.<br \/>\nBroj 02-02-75-1\/22<br \/>\n09. decembra 2022. godine<br \/>\nSarajevo<\/p>\n<\/blockquote>\n<p style=\"font-weight: 400;\">Predsjednik<br \/>\nUpravnog odbora<br \/>\n<strong>Vjekoslav Bevanda<\/strong>, s. r.<\/p>\n<p>Slu\u017ebeni glasnik BiH, broj 82\/22<\/p>\n<p style=\"font-weight: 400;\">\n","protected":false},"excerpt":{"rendered":"<p>Na osnovu \u010dlana 372. stav (2) Odluke o provo\u0111enju Zakona o carinskoj politici u Bosni i Hercegovini (&#8220;Slu\u017ebeni glasnik BiH&#8221;, br. 13\/19, 54\/19, 21\/20, 47\/21, 49\/21, 4\/22 i 23\/22) i \u010dlana 14. stav 3. Zakona o sistemu indirektnog oporezivanja u Bosni i Hercegovini (&#8220;Slu\u017ebeni glasnik BiH&#8221;, br. 44\/03, 52\/04, 34\/07, 4\/08, 49\/09, 32\/13 i 91\/17),&hellip;<\/p>\n","protected":false},"author":2,"featured_media":62595,"comment_status":"closed","ping_status":"closed","sticky":false,"template":"","format":"standard","meta":{"footnotes":""},"categories":[642,547],"tags":[],"class_list":["post-87265","post","type-post","status-publish","format-standard","has-post-thumbnail","hentry","category-carinski-propisi-cg","category-uncategorized-cg","category-642","category-547","description-off"],"yoast_head":"<!-- This site is optimized with the Yoast SEO plugin v19.6 - https:\/\/yoast.com\/wordpress\/plugins\/seo\/ -->\n<title>BOSNA I HERCEGOVINA: ODLUKA O VISINI STOPE KOMPENZATORNE KAMATE ZA PERIOD OD 01. JANUARA 2023. GODINE DO 30. JUNA 2023. GODINE - Klaster Logistika<\/title>\n<meta name=\"robots\" content=\"index, follow, max-snippet:-1, max-image-preview:large, max-video-preview:-1\" \/>\n<link rel=\"canonical\" href=\"https:\/\/www.logistika.ba\/cg\/bosna-i-hercegovina-odluka-o-visini-stope-kompenzatorne-kamate-za-period-od-01-januara-2023-godine-do-30-juna-2023-godine\/\" \/>\n<meta property=\"og:locale\" content=\"en_US\" \/>\n<meta property=\"og:type\" content=\"article\" \/>\n<meta property=\"og:title\" content=\"BOSNA I HERCEGOVINA: ODLUKA O VISINI STOPE KOMPENZATORNE KAMATE ZA PERIOD OD 01. JANUARA 2023. GODINE DO 30. JUNA 2023. GODINE - Klaster Logistika\" \/>\n<meta property=\"og:description\" content=\"Na osnovu \u010dlana 372. stav (2) Odluke o provo\u0111enju Zakona o carinskoj politici u Bosni i Hercegovini (&#8220;Slu\u017ebeni glasnik BiH&#8221;, br. 13\/19, 54\/19, 21\/20, 47\/21, 49\/21, 4\/22 i 23\/22) i \u010dlana 14. stav 3. Zakona o sistemu indirektnog oporezivanja u Bosni i Hercegovini (&#8220;Slu\u017ebeni glasnik BiH&#8221;, br. 44\/03, 52\/04, 34\/07, 4\/08, 49\/09, 32\/13 i 91\/17),&hellip;\" \/>\n<meta property=\"og:url\" content=\"https:\/\/www.logistika.ba\/cg\/bosna-i-hercegovina-odluka-o-visini-stope-kompenzatorne-kamate-za-period-od-01-januara-2023-godine-do-30-juna-2023-godine\/\" \/>\n<meta property=\"og:site_name\" content=\"Klaster Logistika\" \/>\n<meta property=\"article:published_time\" content=\"2022-12-21T00:28:32+00:00\" \/>\n<meta property=\"article:modified_time\" content=\"2022-12-21T00:29:53+00:00\" \/>\n<meta property=\"og:image\" content=\"https:\/\/www.logistika.ba\/wp-content\/uploads\/2022\/08\/bih.jpg\" \/>\n\t<meta property=\"og:image:width\" content=\"307\" \/>\n\t<meta property=\"og:image:height\" content=\"248\" \/>\n\t<meta property=\"og:image:type\" content=\"image\/jpeg\" \/>\n<meta name=\"author\" content=\"Klaster Logistika\" \/>\n<meta name=\"twitter:card\" content=\"summary_large_image\" \/>\n<meta name=\"twitter:label1\" content=\"Written by\" \/>\n\t<meta name=\"twitter:data1\" content=\"Klaster Logistika\" \/>\n\t<meta name=\"twitter:label2\" content=\"Est. reading time\" \/>\n\t<meta name=\"twitter:data2\" content=\"1 minute\" \/>\n<script type=\"application\/ld+json\" class=\"yoast-schema-graph\">{\"@context\":\"https:\/\/schema.org\",\"@graph\":[{\"@type\":\"WebPage\",\"@id\":\"https:\/\/www.logistika.ba\/cg\/bosna-i-hercegovina-odluka-o-visini-stope-kompenzatorne-kamate-za-period-od-01-januara-2023-godine-do-30-juna-2023-godine\/\",\"url\":\"https:\/\/www.logistika.ba\/cg\/bosna-i-hercegovina-odluka-o-visini-stope-kompenzatorne-kamate-za-period-od-01-januara-2023-godine-do-30-juna-2023-godine\/\",\"name\":\"BOSNA I HERCEGOVINA: ODLUKA O VISINI STOPE KOMPENZATORNE KAMATE ZA PERIOD OD 01. JANUARA 2023. GODINE DO 30. JUNA 2023. GODINE - Klaster Logistika\",\"isPartOf\":{\"@id\":\"https:\/\/www.logistika.ba\/#website\"},\"datePublished\":\"2022-12-21T00:28:32+00:00\",\"dateModified\":\"2022-12-21T00:29:53+00:00\",\"author\":{\"@id\":\"https:\/\/www.logistika.ba\/#\/schema\/person\/46ef21d9f81bfe4fd9b6a2013bae7314\"},\"breadcrumb\":{\"@id\":\"https:\/\/www.logistika.ba\/cg\/bosna-i-hercegovina-odluka-o-visini-stope-kompenzatorne-kamate-za-period-od-01-januara-2023-godine-do-30-juna-2023-godine\/#breadcrumb\"},\"inLanguage\":\"cg-CG\",\"potentialAction\":[{\"@type\":\"ReadAction\",\"target\":[\"https:\/\/www.logistika.ba\/cg\/bosna-i-hercegovina-odluka-o-visini-stope-kompenzatorne-kamate-za-period-od-01-januara-2023-godine-do-30-juna-2023-godine\/\"]}]},{\"@type\":\"BreadcrumbList\",\"@id\":\"https:\/\/www.logistika.ba\/cg\/bosna-i-hercegovina-odluka-o-visini-stope-kompenzatorne-kamate-za-period-od-01-januara-2023-godine-do-30-juna-2023-godine\/#breadcrumb\",\"itemListElement\":[{\"@type\":\"ListItem\",\"position\":1,\"name\":\"Home\",\"item\":\"https:\/\/www.logistika.ba\/cg\/3-creative\/\"},{\"@type\":\"ListItem\",\"position\":2,\"name\":\"BOSNA I HERCEGOVINA: ODLUKA O VISINI STOPE KOMPENZATORNE KAMATE ZA PERIOD OD 01. JANUARA 2023. GODINE DO 30. JUNA 2023. GODINE\"}]},{\"@type\":\"WebSite\",\"@id\":\"https:\/\/www.logistika.ba\/#website\",\"url\":\"https:\/\/www.logistika.ba\/\",\"name\":\"Klaster Logistika\",\"description\":\"Okupljanje za uspje\u0161nije poslovanje\",\"potentialAction\":[{\"@type\":\"SearchAction\",\"target\":{\"@type\":\"EntryPoint\",\"urlTemplate\":\"https:\/\/www.logistika.ba\/?s={search_term_string}\"},\"query-input\":\"required name=search_term_string\"}],\"inLanguage\":\"cg-CG\"},{\"@type\":\"Person\",\"@id\":\"https:\/\/www.logistika.ba\/#\/schema\/person\/46ef21d9f81bfe4fd9b6a2013bae7314\",\"name\":\"Klaster Logistika\",\"url\":\"https:\/\/www.logistika.ba\/cg\/author\/veliborp\/\"}]}<\/script>\n<!-- \/ Yoast SEO plugin. -->","yoast_head_json":{"title":"BOSNA I HERCEGOVINA: ODLUKA O VISINI STOPE KOMPENZATORNE KAMATE ZA PERIOD OD 01. JANUARA 2023. GODINE DO 30. JUNA 2023. GODINE - Klaster Logistika","robots":{"index":"index","follow":"follow","max-snippet":"max-snippet:-1","max-image-preview":"max-image-preview:large","max-video-preview":"max-video-preview:-1"},"canonical":"https:\/\/www.logistika.ba\/cg\/bosna-i-hercegovina-odluka-o-visini-stope-kompenzatorne-kamate-za-period-od-01-januara-2023-godine-do-30-juna-2023-godine\/","og_locale":"en_US","og_type":"article","og_title":"BOSNA I HERCEGOVINA: ODLUKA O VISINI STOPE KOMPENZATORNE KAMATE ZA PERIOD OD 01. JANUARA 2023. GODINE DO 30. JUNA 2023. GODINE - Klaster Logistika","og_description":"Na osnovu \u010dlana 372. stav (2) Odluke o provo\u0111enju Zakona o carinskoj politici u Bosni i Hercegovini (&#8220;Slu\u017ebeni glasnik BiH&#8221;, br. 13\/19, 54\/19, 21\/20, 47\/21, 49\/21, 4\/22 i 23\/22) i \u010dlana 14. stav 3. Zakona o sistemu indirektnog oporezivanja u Bosni i Hercegovini (&#8220;Slu\u017ebeni glasnik BiH&#8221;, br. 44\/03, 52\/04, 34\/07, 4\/08, 49\/09, 32\/13 i 91\/17),&hellip;","og_url":"https:\/\/www.logistika.ba\/cg\/bosna-i-hercegovina-odluka-o-visini-stope-kompenzatorne-kamate-za-period-od-01-januara-2023-godine-do-30-juna-2023-godine\/","og_site_name":"Klaster Logistika","article_published_time":"2022-12-21T00:28:32+00:00","article_modified_time":"2022-12-21T00:29:53+00:00","og_image":[{"width":307,"height":248,"url":"https:\/\/www.logistika.ba\/wp-content\/uploads\/2022\/08\/bih.jpg","type":"image\/jpeg"}],"author":"Klaster Logistika","twitter_card":"summary_large_image","twitter_misc":{"Written by":"Klaster Logistika","Est. reading time":"1 minute"},"schema":{"@context":"https:\/\/schema.org","@graph":[{"@type":"WebPage","@id":"https:\/\/www.logistika.ba\/cg\/bosna-i-hercegovina-odluka-o-visini-stope-kompenzatorne-kamate-za-period-od-01-januara-2023-godine-do-30-juna-2023-godine\/","url":"https:\/\/www.logistika.ba\/cg\/bosna-i-hercegovina-odluka-o-visini-stope-kompenzatorne-kamate-za-period-od-01-januara-2023-godine-do-30-juna-2023-godine\/","name":"BOSNA I HERCEGOVINA: ODLUKA O VISINI STOPE KOMPENZATORNE KAMATE ZA PERIOD OD 01. JANUARA 2023. GODINE DO 30. JUNA 2023. GODINE - Klaster Logistika","isPartOf":{"@id":"https:\/\/www.logistika.ba\/#website"},"datePublished":"2022-12-21T00:28:32+00:00","dateModified":"2022-12-21T00:29:53+00:00","author":{"@id":"https:\/\/www.logistika.ba\/#\/schema\/person\/46ef21d9f81bfe4fd9b6a2013bae7314"},"breadcrumb":{"@id":"https:\/\/www.logistika.ba\/cg\/bosna-i-hercegovina-odluka-o-visini-stope-kompenzatorne-kamate-za-period-od-01-januara-2023-godine-do-30-juna-2023-godine\/#breadcrumb"},"inLanguage":"cg-CG","potentialAction":[{"@type":"ReadAction","target":["https:\/\/www.logistika.ba\/cg\/bosna-i-hercegovina-odluka-o-visini-stope-kompenzatorne-kamate-za-period-od-01-januara-2023-godine-do-30-juna-2023-godine\/"]}]},{"@type":"BreadcrumbList","@id":"https:\/\/www.logistika.ba\/cg\/bosna-i-hercegovina-odluka-o-visini-stope-kompenzatorne-kamate-za-period-od-01-januara-2023-godine-do-30-juna-2023-godine\/#breadcrumb","itemListElement":[{"@type":"ListItem","position":1,"name":"Home","item":"https:\/\/www.logistika.ba\/cg\/3-creative\/"},{"@type":"ListItem","position":2,"name":"BOSNA I HERCEGOVINA: ODLUKA O VISINI STOPE KOMPENZATORNE KAMATE ZA PERIOD OD 01. JANUARA 2023. GODINE DO 30. JUNA 2023. GODINE"}]},{"@type":"WebSite","@id":"https:\/\/www.logistika.ba\/#website","url":"https:\/\/www.logistika.ba\/","name":"Klaster Logistika","description":"Okupljanje za uspje\u0161nije poslovanje","potentialAction":[{"@type":"SearchAction","target":{"@type":"EntryPoint","urlTemplate":"https:\/\/www.logistika.ba\/?s={search_term_string}"},"query-input":"required name=search_term_string"}],"inLanguage":"cg-CG"},{"@type":"Person","@id":"https:\/\/www.logistika.ba\/#\/schema\/person\/46ef21d9f81bfe4fd9b6a2013bae7314","name":"Klaster Logistika","url":"https:\/\/www.logistika.ba\/cg\/author\/veliborp\/"}]}},"_links":{"self":[{"href":"https:\/\/www.logistika.ba\/cg\/wp-json\/wp\/v2\/posts\/87265","targetHints":{"allow":["GET"]}}],"collection":[{"href":"https:\/\/www.logistika.ba\/cg\/wp-json\/wp\/v2\/posts"}],"about":[{"href":"https:\/\/www.logistika.ba\/cg\/wp-json\/wp\/v2\/types\/post"}],"author":[{"embeddable":true,"href":"https:\/\/www.logistika.ba\/cg\/wp-json\/wp\/v2\/users\/2"}],"replies":[{"embeddable":true,"href":"https:\/\/www.logistika.ba\/cg\/wp-json\/wp\/v2\/comments?post=87265"}],"version-history":[{"count":2,"href":"https:\/\/www.logistika.ba\/cg\/wp-json\/wp\/v2\/posts\/87265\/revisions"}],"predecessor-version":[{"id":87279,"href":"https:\/\/www.logistika.ba\/cg\/wp-json\/wp\/v2\/posts\/87265\/revisions\/87279"}],"wp:featuredmedia":[{"embeddable":true,"href":"https:\/\/www.logistika.ba\/cg\/wp-json\/wp\/v2\/media\/62595"}],"wp:attachment":[{"href":"https:\/\/www.logistika.ba\/cg\/wp-json\/wp\/v2\/media?parent=87265"}],"wp:term":[{"taxonomy":"category","embeddable":true,"href":"https:\/\/www.logistika.ba\/cg\/wp-json\/wp\/v2\/categories?post=87265"},{"taxonomy":"post_tag","embeddable":true,"href":"https:\/\/www.logistika.ba\/cg\/wp-json\/wp\/v2\/tags?post=87265"}],"curies":[{"name":"wp","href":"https:\/\/api.w.org\/{rel}","templated":true}]}}