{"id":88926,"date":"2023-01-11T21:16:26","date_gmt":"2023-01-11T21:16:26","guid":{"rendered":"https:\/\/www.logistika.ba\/88914\/"},"modified":"2023-01-11T22:39:53","modified_gmt":"2023-01-11T22:39:53","slug":"88914","status":"publish","type":"post","link":"https:\/\/www.logistika.ba\/cg\/88914\/","title":{"rendered":"MY FLEET &#8211; programsko rje\u0161enja za Va\u0161u kompaniju!"},"content":{"rendered":"<p><img loading=\"lazy\" decoding=\"async\" class=\"size-full wp-image-88915 alignleft\" src=\"https:\/\/www.logistika.ba\/wp-content\/uploads\/2023\/01\/bits.png\" alt=\"\" width=\"267\" height=\"122\" \/>U prilici smo da vam ponudimo program za odr\u017eavanje svih vozila (teretno, priklju\u010dno, putni\u010dko, radne ma\u0161ine, vilju\u0161kari) u va\u0161em<br \/>\nautoparku. U prilogu je knji\u017eica koja ukratko obja\u0161njava \u0161ta programsko re\u0161enje zaokru\u017euje u cjelosti!<\/p>\n<p>Vremensko ograni\u010denje upotrebe va\u0161e demo verzije je 60 dana od pu\u0161tanja ponude za najam programa my Fleet!<\/p>\n<blockquote><p>&nbsp;<\/p>\n<p>&nbsp;<\/p>\n<p>Za upotrebu programa u demo verziji pripremite slede\u0107u dokumentaciju:<br \/>\n&#8211; fakture za odr\u017eavanje vozila sa specifikacijom materijala i radnim<br \/>\nnalogom radi unosa u program<br \/>\n&#8211; tro\u0161kove registracije za svako vozilo, polisa, takse, itd.<br \/>\n&#8211; podatke vozila o datumu isteka: registracione nalepnice, taho<br \/>\naparata, pp aparata, prve pomo\u0107i, &#8230;<br \/>\n&#8211; podatke o kilometra\u017ei kad je radjen zadnji servis na motoru,<br \/>\nko\u010dnice, trap, kontrola guma, &#8230;<br \/>\n&#8211; podatke voza\u010da o datumu isteka: voza\u010dke dozvole, li\u010dne karte,<br \/>\npaso\u0161a, memorijske kartice za tahograf, lekarskog uverenja, adr<br \/>\nuverenja&#8230;<br \/>\n&#8211; kartice za gorivo moraju biti sa registracionim brojem vozila \u2013<br \/>\npotreban je izve\u0161taj sipanja goriva<br \/>\n&#8211; pripremiti fajlove sa evidencijom rada voza\u010da (potrebni su fajlovi<br \/>\nsa tis weba u vidu izve\u0161taja Protokol dnevnih aktivnosti po voza\u010du u<br \/>\ncsv formatu)<br \/>\n&#8211; pripremiti fajlove sa kretanjem vozila po gps-u (izve\u0161taj Trips za<br \/>\nsvako vozilo koje nema tahograf)<\/p><\/blockquote>\n<p>U\u0161tede koje \u0107ete ostvariti, a sistem \u0107e vam ispravno pre svega\u00a0 funkcionisati, su slede\u0107e:<\/p>\n<blockquote><p>&#8211; u\u0161tede u evidenciji rada voza\u010da (evidencija rada po voza\u010du\/mesecu je<br \/>\n1.000dinara)<br \/>\n&#8211; u\u0161tede u programiranom odr\u017eavanju vozila<br \/>\n&#8211; u\u0161tede u vremenu za obradu dokumentacije vezane za kretanje<br \/>\n&#8211; u\u0161tede u kaznama u saobra\u0107aju<br \/>\n&#8211; u\u0161tede u kradji i zloupotrebi vozila<br \/>\n&#8211; u\u0161teda u re\u0161avanju sve zaostale dokumentacije koja nije re\u0161ena jer je problemati\u010dna<\/p><\/blockquote>\n<p>Ulaganja su minimalna da bi sistem radio besprekorno, ta\u010dno i brzo!<\/p>\n<p>Program mo\u017eete pregledati na web adresi <a href=\"https:\/\/demo.myfleet.rs\/#\/dashboard\" target=\"_blank\" rel=\"noopener noreferrer\" data-saferedirecturl=\"https:\/\/www.google.com\/url?q=https:\/\/demo.myfleet.rs\/%23\/dashboard&amp;source=gmail&amp;ust=1672692935359000&amp;usg=AOvVaw1BTpG81qE_yxL53BJ469G9\">https:\/\/demo.myfleet.rs\/#\/<wbr \/>dashboard<\/a> na kojoj mo\u017eete pristupiti demo\u00a0 verziji programa my Fleet.<\/p>\n<p>Kori\u0161\u0107enje demo verzije programa My Fleet je besplatno!<\/p>\n<p>Ukoliko \u017eelite da pristupite demo verziji MyFleet, molimo Vas na nas kontaktirate za pristup demo verziji <strong>info@logistika.ba<\/strong><\/p>\n","protected":false},"excerpt":{"rendered":"<p>U prilici smo da vam ponudimo program za odr\u017eavanje svih vozila (teretno, priklju\u010dno, putni\u010dko, radne ma\u0161ine, vilju\u0161kari) u va\u0161em autoparku. U prilogu je knji\u017eica koja ukratko obja\u0161njava \u0161ta programsko re\u0161enje zaokru\u017euje u cjelosti! Vremensko ograni\u010denje upotrebe va\u0161e demo verzije je 60 dana od pu\u0161tanja ponude za najam programa my Fleet! &nbsp; &nbsp; Za upotrebu programa&hellip;<\/p>\n","protected":false},"author":2,"featured_media":88939,"comment_status":"closed","ping_status":"closed","sticky":false,"template":"","format":"standard","meta":{"footnotes":""},"categories":[565,547],"tags":[],"class_list":["post-88926","post","type-post","status-publish","format-standard","has-post-thumbnail","hentry","category-drumski-prevoz-robe-cg","category-uncategorized-cg","category-565","category-547","description-off"],"yoast_head":"<!-- This site is optimized with the Yoast SEO plugin v19.6 - https:\/\/yoast.com\/wordpress\/plugins\/seo\/ -->\n<title>MY FLEET - programsko rje\u0161enja za Va\u0161u kompaniju! - Klaster Logistika<\/title>\n<meta name=\"robots\" content=\"index, follow, max-snippet:-1, max-image-preview:large, max-video-preview:-1\" \/>\n<link rel=\"canonical\" href=\"https:\/\/www.logistika.ba\/cg\/88914\/\" \/>\n<meta property=\"og:locale\" content=\"en_US\" \/>\n<meta property=\"og:type\" content=\"article\" \/>\n<meta property=\"og:title\" content=\"MY FLEET - programsko rje\u0161enja za Va\u0161u kompaniju! - Klaster Logistika\" \/>\n<meta property=\"og:description\" content=\"U prilici smo da vam ponudimo program za odr\u017eavanje svih vozila (teretno, priklju\u010dno, putni\u010dko, radne ma\u0161ine, vilju\u0161kari) u va\u0161em autoparku. U prilogu je knji\u017eica koja ukratko obja\u0161njava \u0161ta programsko re\u0161enje zaokru\u017euje u cjelosti! Vremensko ograni\u010denje upotrebe va\u0161e demo verzije je 60 dana od pu\u0161tanja ponude za najam programa my Fleet! &nbsp; &nbsp; Za upotrebu programa&hellip;\" \/>\n<meta property=\"og:url\" content=\"https:\/\/www.logistika.ba\/cg\/88914\/\" \/>\n<meta property=\"og:site_name\" content=\"Klaster Logistika\" \/>\n<meta property=\"article:published_time\" content=\"2023-01-11T21:16:26+00:00\" \/>\n<meta property=\"article:modified_time\" content=\"2023-01-11T22:39:53+00:00\" \/>\n<meta property=\"og:image\" content=\"https:\/\/www.logistika.ba\/wp-content\/uploads\/2023\/01\/myfleet.png\" \/>\n\t<meta property=\"og:image:width\" content=\"789\" \/>\n\t<meta property=\"og:image:height\" content=\"395\" \/>\n\t<meta property=\"og:image:type\" content=\"image\/png\" \/>\n<meta name=\"author\" content=\"Klaster Logistika\" \/>\n<meta name=\"twitter:card\" content=\"summary_large_image\" \/>\n<meta name=\"twitter:label1\" content=\"Written by\" \/>\n\t<meta name=\"twitter:data1\" content=\"Klaster Logistika\" \/>\n\t<meta name=\"twitter:label2\" content=\"Est. reading time\" \/>\n\t<meta name=\"twitter:data2\" content=\"2 minutes\" \/>\n<script type=\"application\/ld+json\" class=\"yoast-schema-graph\">{\"@context\":\"https:\/\/schema.org\",\"@graph\":[{\"@type\":\"WebPage\",\"@id\":\"https:\/\/www.logistika.ba\/cg\/88914\/\",\"url\":\"https:\/\/www.logistika.ba\/cg\/88914\/\",\"name\":\"MY FLEET - programsko rje\u0161enja za Va\u0161u kompaniju! - Klaster Logistika\",\"isPartOf\":{\"@id\":\"https:\/\/www.logistika.ba\/#website\"},\"datePublished\":\"2023-01-11T21:16:26+00:00\",\"dateModified\":\"2023-01-11T22:39:53+00:00\",\"author\":{\"@id\":\"https:\/\/www.logistika.ba\/#\/schema\/person\/46ef21d9f81bfe4fd9b6a2013bae7314\"},\"breadcrumb\":{\"@id\":\"https:\/\/www.logistika.ba\/cg\/88914\/#breadcrumb\"},\"inLanguage\":\"cg-CG\",\"potentialAction\":[{\"@type\":\"ReadAction\",\"target\":[\"https:\/\/www.logistika.ba\/cg\/88914\/\"]}]},{\"@type\":\"BreadcrumbList\",\"@id\":\"https:\/\/www.logistika.ba\/cg\/88914\/#breadcrumb\",\"itemListElement\":[{\"@type\":\"ListItem\",\"position\":1,\"name\":\"Home\",\"item\":\"https:\/\/www.logistika.ba\/cg\/3-creative\/\"},{\"@type\":\"ListItem\",\"position\":2,\"name\":\"MY FLEET &#8211; programsko rje\u0161enja za Va\u0161u kompaniju!\"}]},{\"@type\":\"WebSite\",\"@id\":\"https:\/\/www.logistika.ba\/#website\",\"url\":\"https:\/\/www.logistika.ba\/\",\"name\":\"Klaster Logistika\",\"description\":\"Okupljanje za uspje\u0161nije poslovanje\",\"potentialAction\":[{\"@type\":\"SearchAction\",\"target\":{\"@type\":\"EntryPoint\",\"urlTemplate\":\"https:\/\/www.logistika.ba\/?s={search_term_string}\"},\"query-input\":\"required name=search_term_string\"}],\"inLanguage\":\"cg-CG\"},{\"@type\":\"Person\",\"@id\":\"https:\/\/www.logistika.ba\/#\/schema\/person\/46ef21d9f81bfe4fd9b6a2013bae7314\",\"name\":\"Klaster Logistika\",\"url\":\"https:\/\/www.logistika.ba\/cg\/author\/veliborp\/\"}]}<\/script>\n<!-- \/ Yoast SEO plugin. -->","yoast_head_json":{"title":"MY FLEET - programsko rje\u0161enja za Va\u0161u kompaniju! - Klaster Logistika","robots":{"index":"index","follow":"follow","max-snippet":"max-snippet:-1","max-image-preview":"max-image-preview:large","max-video-preview":"max-video-preview:-1"},"canonical":"https:\/\/www.logistika.ba\/cg\/88914\/","og_locale":"en_US","og_type":"article","og_title":"MY FLEET - programsko rje\u0161enja za Va\u0161u kompaniju! - Klaster Logistika","og_description":"U prilici smo da vam ponudimo program za odr\u017eavanje svih vozila (teretno, priklju\u010dno, putni\u010dko, radne ma\u0161ine, vilju\u0161kari) u va\u0161em autoparku. U prilogu je knji\u017eica koja ukratko obja\u0161njava \u0161ta programsko re\u0161enje zaokru\u017euje u cjelosti! Vremensko ograni\u010denje upotrebe va\u0161e demo verzije je 60 dana od pu\u0161tanja ponude za najam programa my Fleet! &nbsp; &nbsp; Za upotrebu programa&hellip;","og_url":"https:\/\/www.logistika.ba\/cg\/88914\/","og_site_name":"Klaster Logistika","article_published_time":"2023-01-11T21:16:26+00:00","article_modified_time":"2023-01-11T22:39:53+00:00","og_image":[{"width":789,"height":395,"url":"https:\/\/www.logistika.ba\/wp-content\/uploads\/2023\/01\/myfleet.png","type":"image\/png"}],"author":"Klaster Logistika","twitter_card":"summary_large_image","twitter_misc":{"Written by":"Klaster Logistika","Est. reading time":"2 minutes"},"schema":{"@context":"https:\/\/schema.org","@graph":[{"@type":"WebPage","@id":"https:\/\/www.logistika.ba\/cg\/88914\/","url":"https:\/\/www.logistika.ba\/cg\/88914\/","name":"MY FLEET - programsko rje\u0161enja za Va\u0161u kompaniju! - Klaster Logistika","isPartOf":{"@id":"https:\/\/www.logistika.ba\/#website"},"datePublished":"2023-01-11T21:16:26+00:00","dateModified":"2023-01-11T22:39:53+00:00","author":{"@id":"https:\/\/www.logistika.ba\/#\/schema\/person\/46ef21d9f81bfe4fd9b6a2013bae7314"},"breadcrumb":{"@id":"https:\/\/www.logistika.ba\/cg\/88914\/#breadcrumb"},"inLanguage":"cg-CG","potentialAction":[{"@type":"ReadAction","target":["https:\/\/www.logistika.ba\/cg\/88914\/"]}]},{"@type":"BreadcrumbList","@id":"https:\/\/www.logistika.ba\/cg\/88914\/#breadcrumb","itemListElement":[{"@type":"ListItem","position":1,"name":"Home","item":"https:\/\/www.logistika.ba\/cg\/3-creative\/"},{"@type":"ListItem","position":2,"name":"MY FLEET &#8211; programsko rje\u0161enja za Va\u0161u kompaniju!"}]},{"@type":"WebSite","@id":"https:\/\/www.logistika.ba\/#website","url":"https:\/\/www.logistika.ba\/","name":"Klaster Logistika","description":"Okupljanje za uspje\u0161nije poslovanje","potentialAction":[{"@type":"SearchAction","target":{"@type":"EntryPoint","urlTemplate":"https:\/\/www.logistika.ba\/?s={search_term_string}"},"query-input":"required name=search_term_string"}],"inLanguage":"cg-CG"},{"@type":"Person","@id":"https:\/\/www.logistika.ba\/#\/schema\/person\/46ef21d9f81bfe4fd9b6a2013bae7314","name":"Klaster Logistika","url":"https:\/\/www.logistika.ba\/cg\/author\/veliborp\/"}]}},"_links":{"self":[{"href":"https:\/\/www.logistika.ba\/cg\/wp-json\/wp\/v2\/posts\/88926","targetHints":{"allow":["GET"]}}],"collection":[{"href":"https:\/\/www.logistika.ba\/cg\/wp-json\/wp\/v2\/posts"}],"about":[{"href":"https:\/\/www.logistika.ba\/cg\/wp-json\/wp\/v2\/types\/post"}],"author":[{"embeddable":true,"href":"https:\/\/www.logistika.ba\/cg\/wp-json\/wp\/v2\/users\/2"}],"replies":[{"embeddable":true,"href":"https:\/\/www.logistika.ba\/cg\/wp-json\/wp\/v2\/comments?post=88926"}],"version-history":[{"count":5,"href":"https:\/\/www.logistika.ba\/cg\/wp-json\/wp\/v2\/posts\/88926\/revisions"}],"predecessor-version":[{"id":88968,"href":"https:\/\/www.logistika.ba\/cg\/wp-json\/wp\/v2\/posts\/88926\/revisions\/88968"}],"wp:featuredmedia":[{"embeddable":true,"href":"https:\/\/www.logistika.ba\/cg\/wp-json\/wp\/v2\/media\/88939"}],"wp:attachment":[{"href":"https:\/\/www.logistika.ba\/cg\/wp-json\/wp\/v2\/media?parent=88926"}],"wp:term":[{"taxonomy":"category","embeddable":true,"href":"https:\/\/www.logistika.ba\/cg\/wp-json\/wp\/v2\/categories?post=88926"},{"taxonomy":"post_tag","embeddable":true,"href":"https:\/\/www.logistika.ba\/cg\/wp-json\/wp\/v2\/tags?post=88926"}],"curies":[{"name":"wp","href":"https:\/\/api.w.org\/{rel}","templated":true}]}}