{"id":128356,"date":"2024-05-21T05:57:57","date_gmt":"2024-05-21T05:57:57","guid":{"rendered":"https:\/\/www.logistika.ba\/termo-king-saradjuje-sa-proizvodjacem-prikolica\/"},"modified":"2024-05-21T05:58:44","modified_gmt":"2024-05-21T05:58:44","slug":"termo-king-saradjuje-sa-proizvodjacem-prikolica","status":"publish","type":"post","link":"https:\/\/www.logistika.ba\/de\/termo-king-saradjuje-sa-proizvodjacem-prikolica\/","title":{"rendered":"Termo King sara\u0111uje sa proizvo\u0111a\u010dem prikolica"},"content":{"rendered":"<h1><span style=\"font-size: 14px; font-weight: normal;\">Thermo King je najavio strate\u0161ku saradnju sa proizvo\u0111a\u010dem elektri\u010dnih prikolica Trailer Dynamics. Partnerstvo, nakon nedavnog dogovora sa proizvo\u0111a\u010dem prikolica Krona, podsta\u0107i \u0107e inovacije i ubrzati prelazak na transport sa nultom emisijom \u0161tetnih gasova.<\/span><\/h1>\n<div class=\"news-content\">\n<p><img decoding=\"async\" src=\"https:\/\/www.etransport.si\/media\/photo\/202405\/\/standard\/trailer-dynamics.png\" alt=\"Dinamika prikolice\" \/><\/p>\n<div class=\"img-caption\">Dinamika prikolice | Foto: Dinami\u010dki trailer<\/div>\n<div>\n<p>Thermo King \u0107e pru\u017eiti svoju ekspertizu u elektrifikaciji i transportnim rashladnim re\u0161enjima. O\u010dekuje se da \u0107e saradnja pove\u0107ati logisti\u010dke kapacitete za trgovinske, industrijske i \u0161peditere koji prevoze sve\u017eu i smrznutu robu.<\/p>\n<p>Trailer Dynamic eTrailer pru\u017ea prate\u0107i pogon koji smanjuje emisiju dizela i CO2 u kombinaciji sa tradicionalnim teglja\u010dima sagorijevanja. Tako\u0111e pro\u0161iruje domet vo\u017enje u kombinaciji sa traktorima na elektri\u010dni pogon i ima mogu\u0107nost napajanja elektrifikovanih ili tradicionalnih plug-in rashladnih jedinica.<\/p>\n<p>https:\/\/www.etransport.si\/novice\/t<\/p>\n<\/div>\n<\/div>\n","protected":false},"excerpt":{"rendered":"<p>Thermo King je najavio strate\u0161ku saradnju sa proizvo\u0111a\u010dem elektri\u010dnih prikolica Trailer Dynamics. Partnerstvo, nakon nedavnog dogovora sa proizvo\u0111a\u010dem prikolica Krona, podsta\u0107i \u0107e inovacije i ubrzati prelazak na transport sa nultom emisijom \u0161tetnih gasova. Dinamika prikolice | Foto: Dinami\u010dki trailer Thermo King \u0107e pru\u017eiti svoju ekspertizu u elektrifikaciji i transportnim rashladnim re\u0161enjima. O\u010dekuje se da \u0107e&hellip;<\/p>\n","protected":false},"author":2,"featured_media":76156,"comment_status":"closed","ping_status":"closed","sticky":false,"template":"","format":"standard","meta":{"footnotes":""},"categories":[526],"tags":[],"class_list":["post-128356","post","type-post","status-publish","format-standard","has-post-thumbnail","hentry","category-unkategorisiert","category-526","description-off"],"yoast_head":"<!-- This site is optimized with the Yoast SEO plugin v19.6 - https:\/\/yoast.com\/wordpress\/plugins\/seo\/ -->\n<title>Termo King sara\u0111uje sa proizvo\u0111a\u010dem prikolica - Klaster Logistika<\/title>\n<meta name=\"robots\" content=\"index, follow, max-snippet:-1, max-image-preview:large, max-video-preview:-1\" \/>\n<link rel=\"canonical\" href=\"https:\/\/www.logistika.ba\/de\/termo-king-saradjuje-sa-proizvodjacem-prikolica\/\" \/>\n<meta property=\"og:locale\" content=\"de_DE\" \/>\n<meta property=\"og:type\" content=\"article\" \/>\n<meta property=\"og:title\" content=\"Termo King sara\u0111uje sa proizvo\u0111a\u010dem prikolica - Klaster Logistika\" \/>\n<meta property=\"og:description\" content=\"Thermo King je najavio strate\u0161ku saradnju sa proizvo\u0111a\u010dem elektri\u010dnih prikolica Trailer Dynamics. Partnerstvo, nakon nedavnog dogovora sa proizvo\u0111a\u010dem prikolica Krona, podsta\u0107i \u0107e inovacije i ubrzati prelazak na transport sa nultom emisijom \u0161tetnih gasova. Dinamika prikolice | Foto: Dinami\u010dki trailer Thermo King \u0107e pru\u017eiti svoju ekspertizu u elektrifikaciji i transportnim rashladnim re\u0161enjima. O\u010dekuje se da \u0107e&hellip;\" \/>\n<meta property=\"og:url\" content=\"https:\/\/www.logistika.ba\/de\/termo-king-saradjuje-sa-proizvodjacem-prikolica\/\" \/>\n<meta property=\"og:site_name\" content=\"Klaster Logistika\" \/>\n<meta property=\"article:published_time\" content=\"2024-05-21T05:57:57+00:00\" \/>\n<meta property=\"article:modified_time\" content=\"2024-05-21T05:58:44+00:00\" \/>\n<meta property=\"og:image\" content=\"https:\/\/www.etransport.si\/media\/photo\/202405\/\/standard\/trailer-dynamics.png\" \/>\n<meta name=\"author\" content=\"Klaster Logistika\" \/>\n<meta name=\"twitter:card\" content=\"summary_large_image\" \/>\n<meta name=\"twitter:label1\" content=\"Verfasst von\" \/>\n\t<meta name=\"twitter:data1\" content=\"Klaster Logistika\" \/>\n\t<meta name=\"twitter:label2\" content=\"Gesch\u00e4tzte Lesezeit\" \/>\n\t<meta name=\"twitter:data2\" content=\"1\u00a0Minute\" \/>\n<script type=\"application\/ld+json\" class=\"yoast-schema-graph\">{\"@context\":\"https:\/\/schema.org\",\"@graph\":[{\"@type\":\"WebPage\",\"@id\":\"https:\/\/www.logistika.ba\/de\/termo-king-saradjuje-sa-proizvodjacem-prikolica\/\",\"url\":\"https:\/\/www.logistika.ba\/de\/termo-king-saradjuje-sa-proizvodjacem-prikolica\/\",\"name\":\"Termo King sara\u0111uje sa proizvo\u0111a\u010dem prikolica - Klaster Logistika\",\"isPartOf\":{\"@id\":\"https:\/\/www.logistika.ba\/#website\"},\"datePublished\":\"2024-05-21T05:57:57+00:00\",\"dateModified\":\"2024-05-21T05:58:44+00:00\",\"author\":{\"@id\":\"https:\/\/www.logistika.ba\/#\/schema\/person\/46ef21d9f81bfe4fd9b6a2013bae7314\"},\"breadcrumb\":{\"@id\":\"https:\/\/www.logistika.ba\/de\/termo-king-saradjuje-sa-proizvodjacem-prikolica\/#breadcrumb\"},\"inLanguage\":\"de\",\"potentialAction\":[{\"@type\":\"ReadAction\",\"target\":[\"https:\/\/www.logistika.ba\/de\/termo-king-saradjuje-sa-proizvodjacem-prikolica\/\"]}]},{\"@type\":\"BreadcrumbList\",\"@id\":\"https:\/\/www.logistika.ba\/de\/termo-king-saradjuje-sa-proizvodjacem-prikolica\/#breadcrumb\",\"itemListElement\":[{\"@type\":\"ListItem\",\"position\":1,\"name\":\"Home\",\"item\":\"https:\/\/www.logistika.ba\/de\/3-creative\/\"},{\"@type\":\"ListItem\",\"position\":2,\"name\":\"Termo King sara\u0111uje sa proizvo\u0111a\u010dem prikolica\"}]},{\"@type\":\"WebSite\",\"@id\":\"https:\/\/www.logistika.ba\/#website\",\"url\":\"https:\/\/www.logistika.ba\/\",\"name\":\"Klaster Logistika\",\"description\":\"Okupljanje za uspje\u0161nije poslovanje\",\"potentialAction\":[{\"@type\":\"SearchAction\",\"target\":{\"@type\":\"EntryPoint\",\"urlTemplate\":\"https:\/\/www.logistika.ba\/?s={search_term_string}\"},\"query-input\":\"required name=search_term_string\"}],\"inLanguage\":\"de\"},{\"@type\":\"Person\",\"@id\":\"https:\/\/www.logistika.ba\/#\/schema\/person\/46ef21d9f81bfe4fd9b6a2013bae7314\",\"name\":\"Klaster Logistika\",\"url\":\"https:\/\/www.logistika.ba\/de\/author\/veliborp\/\"}]}<\/script>\n<!-- \/ Yoast SEO plugin. -->","yoast_head_json":{"title":"Termo King sara\u0111uje sa proizvo\u0111a\u010dem prikolica - Klaster Logistika","robots":{"index":"index","follow":"follow","max-snippet":"max-snippet:-1","max-image-preview":"max-image-preview:large","max-video-preview":"max-video-preview:-1"},"canonical":"https:\/\/www.logistika.ba\/de\/termo-king-saradjuje-sa-proizvodjacem-prikolica\/","og_locale":"de_DE","og_type":"article","og_title":"Termo King sara\u0111uje sa proizvo\u0111a\u010dem prikolica - Klaster Logistika","og_description":"Thermo King je najavio strate\u0161ku saradnju sa proizvo\u0111a\u010dem elektri\u010dnih prikolica Trailer Dynamics. Partnerstvo, nakon nedavnog dogovora sa proizvo\u0111a\u010dem prikolica Krona, podsta\u0107i \u0107e inovacije i ubrzati prelazak na transport sa nultom emisijom \u0161tetnih gasova. Dinamika prikolice | Foto: Dinami\u010dki trailer Thermo King \u0107e pru\u017eiti svoju ekspertizu u elektrifikaciji i transportnim rashladnim re\u0161enjima. O\u010dekuje se da \u0107e&hellip;","og_url":"https:\/\/www.logistika.ba\/de\/termo-king-saradjuje-sa-proizvodjacem-prikolica\/","og_site_name":"Klaster Logistika","article_published_time":"2024-05-21T05:57:57+00:00","article_modified_time":"2024-05-21T05:58:44+00:00","og_image":[{"url":"https:\/\/www.etransport.si\/media\/photo\/202405\/\/standard\/trailer-dynamics.png"}],"author":"Klaster Logistika","twitter_card":"summary_large_image","twitter_misc":{"Verfasst von":"Klaster Logistika","Gesch\u00e4tzte Lesezeit":"1\u00a0Minute"},"schema":{"@context":"https:\/\/schema.org","@graph":[{"@type":"WebPage","@id":"https:\/\/www.logistika.ba\/de\/termo-king-saradjuje-sa-proizvodjacem-prikolica\/","url":"https:\/\/www.logistika.ba\/de\/termo-king-saradjuje-sa-proizvodjacem-prikolica\/","name":"Termo King sara\u0111uje sa proizvo\u0111a\u010dem prikolica - Klaster Logistika","isPartOf":{"@id":"https:\/\/www.logistika.ba\/#website"},"datePublished":"2024-05-21T05:57:57+00:00","dateModified":"2024-05-21T05:58:44+00:00","author":{"@id":"https:\/\/www.logistika.ba\/#\/schema\/person\/46ef21d9f81bfe4fd9b6a2013bae7314"},"breadcrumb":{"@id":"https:\/\/www.logistika.ba\/de\/termo-king-saradjuje-sa-proizvodjacem-prikolica\/#breadcrumb"},"inLanguage":"de","potentialAction":[{"@type":"ReadAction","target":["https:\/\/www.logistika.ba\/de\/termo-king-saradjuje-sa-proizvodjacem-prikolica\/"]}]},{"@type":"BreadcrumbList","@id":"https:\/\/www.logistika.ba\/de\/termo-king-saradjuje-sa-proizvodjacem-prikolica\/#breadcrumb","itemListElement":[{"@type":"ListItem","position":1,"name":"Home","item":"https:\/\/www.logistika.ba\/de\/3-creative\/"},{"@type":"ListItem","position":2,"name":"Termo King sara\u0111uje sa proizvo\u0111a\u010dem prikolica"}]},{"@type":"WebSite","@id":"https:\/\/www.logistika.ba\/#website","url":"https:\/\/www.logistika.ba\/","name":"Klaster Logistika","description":"Okupljanje za uspje\u0161nije poslovanje","potentialAction":[{"@type":"SearchAction","target":{"@type":"EntryPoint","urlTemplate":"https:\/\/www.logistika.ba\/?s={search_term_string}"},"query-input":"required name=search_term_string"}],"inLanguage":"de"},{"@type":"Person","@id":"https:\/\/www.logistika.ba\/#\/schema\/person\/46ef21d9f81bfe4fd9b6a2013bae7314","name":"Klaster Logistika","url":"https:\/\/www.logistika.ba\/de\/author\/veliborp\/"}]}},"_links":{"self":[{"href":"https:\/\/www.logistika.ba\/de\/wp-json\/wp\/v2\/posts\/128356","targetHints":{"allow":["GET"]}}],"collection":[{"href":"https:\/\/www.logistika.ba\/de\/wp-json\/wp\/v2\/posts"}],"about":[{"href":"https:\/\/www.logistika.ba\/de\/wp-json\/wp\/v2\/types\/post"}],"author":[{"embeddable":true,"href":"https:\/\/www.logistika.ba\/de\/wp-json\/wp\/v2\/users\/2"}],"replies":[{"embeddable":true,"href":"https:\/\/www.logistika.ba\/de\/wp-json\/wp\/v2\/comments?post=128356"}],"version-history":[{"count":1,"href":"https:\/\/www.logistika.ba\/de\/wp-json\/wp\/v2\/posts\/128356\/revisions"}],"predecessor-version":[{"id":128362,"href":"https:\/\/www.logistika.ba\/de\/wp-json\/wp\/v2\/posts\/128356\/revisions\/128362"}],"wp:featuredmedia":[{"embeddable":true,"href":"https:\/\/www.logistika.ba\/de\/wp-json\/wp\/v2\/media\/76156"}],"wp:attachment":[{"href":"https:\/\/www.logistika.ba\/de\/wp-json\/wp\/v2\/media?parent=128356"}],"wp:term":[{"taxonomy":"category","embeddable":true,"href":"https:\/\/www.logistika.ba\/de\/wp-json\/wp\/v2\/categories?post=128356"},{"taxonomy":"post_tag","embeddable":true,"href":"https:\/\/www.logistika.ba\/de\/wp-json\/wp\/v2\/tags?post=128356"}],"curies":[{"name":"wp","href":"https:\/\/api.w.org\/{rel}","templated":true}]}}