{"id":136020,"date":"2024-11-23T09:05:57","date_gmt":"2024-11-23T09:05:57","guid":{"rendered":"https:\/\/www.logistika.ba\/mercedes-benz-zapocinje-serijsku-proizvodnju-eactrosa-600\/"},"modified":"2024-11-23T09:06:32","modified_gmt":"2024-11-23T09:06:32","slug":"mercedes-benz-zapocinje-serijsku-proizvodnju-eactrosa-600","status":"publish","type":"post","link":"https:\/\/www.logistika.ba\/de\/mercedes-benz-zapocinje-serijsku-proizvodnju-eactrosa-600\/","title":{"rendered":"Mercedes-Benz zapo\u010dinje serijsku proizvodnju eActrosa 600!"},"content":{"rendered":"<p><strong>U petak, Daimler Trucks je zapo\u010deo serijsku proizvodnju Mercedes-Benz eActrosa 600, elektri\u010dnog kamiona za transport na duge relacije. To se dogodilo u Mercedes-Benz tvornici u W\u00f6rthu. Ceremonija je odr\u017eana u prisustvu Karin R\u00e5dstr\u00f6m (izvr\u0161ne direktorice Daimler Trucka), Daniele Schmitt (ministrice ekonomije, transporta, poljoprivrede i vinogradarstva Porajnja-Fala\u010dka), J\u00fcrgena Distla (\u0161efa operacija Mercedes-Benz Trucks), Andreasa Bachhofera (\u0161efa lokacije u W\u00f6rthu) i Michaela Brechta (predsjednika radni\u010dkog vije\u0107a Daimler Trucka).<\/strong><\/p>\n<div class=\"wp-block-image\">\n<figure class=\"alignright size-full is-resized\"><img loading=\"lazy\" decoding=\"async\" class=\"wp-image-156938 aligncenter\" src=\"https:\/\/www.ttm.nl\/wp-content\/uploads\/2023\/11\/23DT192_001.jpg\" sizes=\"auto, (max-width: 1024px) 100vw, 1024px\" srcset=\"https:\/\/www.ttm.nl\/wp-content\/uploads\/2023\/11\/23DT192_001.jpg 1024w, https:\/\/www.ttm.nl\/wp-content\/uploads\/2023\/11\/23DT192_001-300x200.jpg 300w, https:\/\/www.ttm.nl\/wp-content\/uploads\/2023\/11\/23DT192_001-768x512.jpg 768w, https:\/\/www.ttm.nl\/wp-content\/uploads\/2023\/11\/23DT192_001-600x400.jpg 600w, https:\/\/www.ttm.nl\/wp-content\/uploads\/2023\/11\/23DT192_001-336x224.jpg 336w\" alt=\"Karin Radstrom\" width=\"1058\" height=\"706\" \/><figcaption class=\"wp-element-caption\"><em>Karin R\u00e5dstr\u00f6m, izvr\u0161na direktorica Daimler Truck<\/em><\/figcaption><\/figure>\n<\/div>\n<blockquote><p>Karin R\u00e5dstr\u00f6m je na sve\u010danosti naglasila va\u017enost eActrosa 600 za industriju:<br \/>\n&#8222;Po\u010detak serijske proizvodnje na\u0161eg eActrosa 600 \u2013\u00a0<a href=\"https:\/\/www.ttm.nl\/nieuws\/mercedes-benz-eactros-600-is-international-truck-of-the-year-2025\/163229\/\" target=\"_blank\" rel=\"noreferrer noopener\">me\u0111unarodnog kamiona godine 2025<\/a>. \u2013 nagla\u0161ava na\u0161u ambiciju da transformiramo industriju. S dometom od 500 kilometara s jednim punjenjem, fokusiramo se na segment prijevoza na duge relacije, koji je odgovoran za dvije tre\u0107ine emisije CO\u2082 u te\u0161kom cestovnom prijevozu. Na\u0161 elektri\u010dni kamion na duge relacije na baterije pravi stvarnu razliku.&#8220; Daniela Schmitt tako\u0111er je istaknula utjecaj novog elektri\u010dnog kamiona: &#8222;Proizvodnjom eActrosa 600, Daimler Truck dokazuje da CO\u2082 neutralan transport ve\u0107 danas mo\u017ee biti stvarnost. Ovaj kamion vra\u0107a W\u00f6rth na mapu kao centar tehnolo\u0161kih inovacija.&#8220;<\/p><\/blockquote>\n<p><strong>Integracija<\/strong><\/p>\n<blockquote><p>eActros 600 \u0107e se proizvoditi u potpunosti integriran u postoje\u0107u liniju za sklapanje kamiona serije A u W\u00f6rthu. To zna\u010di da se proizvodnja elektri\u010dnih i dizelskih kamiona odvija fleksibilno rame uz rame. Na kraju monta\u017ene trake, vozilo se aktivira i prolazi kroz iste provjere kvaliteta kao i konvencionalni kamioni.<\/p><\/blockquote>\n<p>J\u00fcrgen Distl objasnio je W\u00f6rthovu ulogu u proizvodnoj mre\u017ei: &#8222;Kao vode\u0107a fabrika, W\u00f6rth igra klju\u010dnu ulogu, posebno u integraciji baterijsko-elektri\u010dnih modela kao \u0161to je eActros 600. Na\u0161a opskrbna mre\u017ea tako\u0111er \u0107e biti CO\u2082 neutralna: do 2026. godine \u017eelimo da sve na\u0161e isporuke budu elektri\u010dne, a eActros 600 igra klju\u010dnu ulogu.&#8220;<\/p>\n<blockquote><p>W\u00f6rthova tranzicija u odr\u017eivi proizvodni centar dodatno je podr\u017eana CO\u2082 neutralnim snabdijevanjem energijom. Od 2022. godine, elektrana je CO\u2082 neutralna na osnovu bilansa stanja, zahvaljuju\u0107i kori\u0161tenju zelene elektri\u010dne energije iz sunca, vjetra i hidroenergije, dopunjene kompenzacijskim certifikatima. Inicijativa &#8222;W\u00e4rmeWerk W\u00f6rth&#8220;, saradnja sa EnBW-om i gradom W\u00f6rth, tako\u0111er istra\u017euje mogu\u0107nosti za snabdijevanje geotermalnom energijom.<\/p><\/blockquote>\n<figure class=\"wp-block-image size-large\"><img loading=\"lazy\" decoding=\"async\" class=\"wp-image-164745\" src=\"https:\/\/www.ttm.nl\/wp-content\/uploads\/2024\/11\/Mercedes_Daimler_eActros600_productie_2024-2-1024x683.jpg\" sizes=\"auto, (max-width: 1024px) 100vw, 1024px\" srcset=\"https:\/\/www.ttm.nl\/wp-content\/uploads\/2024\/11\/Mercedes_Daimler_eActros600_productie_2024-2-1024x683.jpg 1024w, https:\/\/www.ttm.nl\/wp-content\/uploads\/2024\/11\/Mercedes_Daimler_eActros600_productie_2024-2-600x400.jpg 600w, https:\/\/www.ttm.nl\/wp-content\/uploads\/2024\/11\/Mercedes_Daimler_eActros600_productie_2024-2-768x512.jpg 768w, https:\/\/www.ttm.nl\/wp-content\/uploads\/2024\/11\/Mercedes_Daimler_eActros600_productie_2024-2-1536x1024.jpg 1536w, https:\/\/www.ttm.nl\/wp-content\/uploads\/2024\/11\/Mercedes_Daimler_eActros600_productie_2024-2-2048x1366.jpg 2048w, https:\/\/www.ttm.nl\/wp-content\/uploads\/2024\/11\/Mercedes_Daimler_eActros600_productie_2024-2-336x224.jpg 336w\" alt=\"eActros\" width=\"1024\" height=\"683\" \/><\/figure>\n<p><strong>Obuka i zapo\u0161ljavanje<\/strong><\/p>\n<p>Prelazak na elektri\u010dna vozila zahtijeva opse\u017enu obuku osoblja. U 2023. godini u W\u00f6rthu je odr\u017eano 3.300 kurseva obuke u oblastima tehnologije baterija, visokog napona i vodika. Ovaj program obuke priprema zaposlenike za sklapanje vozila s nultom emisijom i doprinosi sigurnosti posla u regiji.<\/p>\n<p>Michael Brecht, predsjednik radni\u010dkog vije\u0107a Daimler Trucka, naglasio je va\u017enost ovih promjena: &#8222;Odluka o proizvodnji svih kamiona, bez obzira na pogonski sklop, u W\u00f6rthu \u0107e za\u0161tititi radna mjesta i stvoriti odr\u017eiva, atraktivna radna mjesta. Transformacija ne nudi samo mogu\u0107nosti za dioni\u010dare, ve\u0107 i za na\u0161e zaposlenike.&#8220;<\/p>\n<blockquote><p>Sa serijskom proizvodnjom eActrosa 600, Daimler Truck \u010dini va\u017ean korak ka CO\u2082 neutralnom voznom parku. Tvornica u W\u00f6rthu pozicionirana je kao centar za kamione budu\u0107nosti, s fokusom na baterijske elektri\u010dne i vodikove modele. Ovo je u skladu sa ciljevima Daimler Truck-a da pru\u017ei odr\u017eiva transportna rje\u0161enja uz istovremeno stvaranje ekonomske vrijednosti za regiju Porajnje-Fala\u010dka.<\/p><\/blockquote>\n<figure class=\"wp-block-image size-large\"><img loading=\"lazy\" decoding=\"async\" class=\"wp-image-164746\" src=\"https:\/\/www.ttm.nl\/wp-content\/uploads\/2024\/11\/Mercedes_Daimler_eActros600_productie_2024-3-1024x683.jpg\" sizes=\"auto, (max-width: 1024px) 100vw, 1024px\" srcset=\"https:\/\/www.ttm.nl\/wp-content\/uploads\/2024\/11\/Mercedes_Daimler_eActros600_productie_2024-3-1024x683.jpg 1024w, https:\/\/www.ttm.nl\/wp-content\/uploads\/2024\/11\/Mercedes_Daimler_eActros600_productie_2024-3-600x400.jpg 600w, https:\/\/www.ttm.nl\/wp-content\/uploads\/2024\/11\/Mercedes_Daimler_eActros600_productie_2024-3-768x512.jpg 768w, https:\/\/www.ttm.nl\/wp-content\/uploads\/2024\/11\/Mercedes_Daimler_eActros600_productie_2024-3-1536x1024.jpg 1536w, https:\/\/www.ttm.nl\/wp-content\/uploads\/2024\/11\/Mercedes_Daimler_eActros600_productie_2024-3-2048x1366.jpg 2048w, https:\/\/www.ttm.nl\/wp-content\/uploads\/2024\/11\/Mercedes_Daimler_eActros600_productie_2024-3-336x224.jpg 336w\" alt=\"eActros\" width=\"1024\" height=\"683\" \/><\/figure>\n","protected":false},"excerpt":{"rendered":"<p>U petak, Daimler Trucks je zapo\u010deo serijsku proizvodnju Mercedes-Benz eActrosa 600, elektri\u010dnog kamiona za transport na duge relacije. To se dogodilo u Mercedes-Benz tvornici u W\u00f6rthu. Ceremonija je odr\u017eana u prisustvu Karin R\u00e5dstr\u00f6m (izvr\u0161ne direktorice Daimler Trucka), Daniele Schmitt (ministrice ekonomije, transporta, poljoprivrede i vinogradarstva Porajnja-Fala\u010dka), J\u00fcrgena Distla (\u0161efa operacija Mercedes-Benz Trucks), Andreasa Bachhofera (\u0161efa&hellip;<\/p>\n","protected":false},"author":2,"featured_media":126642,"comment_status":"closed","ping_status":"closed","sticky":false,"template":"","format":"standard","meta":{"footnotes":""},"categories":[564,526],"tags":[],"class_list":["post-136020","post","type-post","status-publish","format-standard","has-post-thumbnail","hentry","category-drumski-prevoz-robe-de","category-unkategorisiert","category-564","category-526","description-off"],"yoast_head":"<!-- This site is optimized with the Yoast SEO plugin v19.6 - https:\/\/yoast.com\/wordpress\/plugins\/seo\/ -->\n<title>Mercedes-Benz zapo\u010dinje serijsku proizvodnju eActrosa 600! - Klaster Logistika<\/title>\n<meta name=\"robots\" content=\"index, follow, max-snippet:-1, max-image-preview:large, max-video-preview:-1\" \/>\n<link rel=\"canonical\" href=\"https:\/\/www.logistika.ba\/de\/mercedes-benz-zapocinje-serijsku-proizvodnju-eactrosa-600\/\" \/>\n<meta property=\"og:locale\" content=\"de_DE\" \/>\n<meta property=\"og:type\" content=\"article\" \/>\n<meta property=\"og:title\" content=\"Mercedes-Benz zapo\u010dinje serijsku proizvodnju eActrosa 600! - Klaster Logistika\" \/>\n<meta property=\"og:description\" content=\"U petak, Daimler Trucks je zapo\u010deo serijsku proizvodnju Mercedes-Benz eActrosa 600, elektri\u010dnog kamiona za transport na duge relacije. To se dogodilo u Mercedes-Benz tvornici u W\u00f6rthu. Ceremonija je odr\u017eana u prisustvu Karin R\u00e5dstr\u00f6m (izvr\u0161ne direktorice Daimler Trucka), Daniele Schmitt (ministrice ekonomije, transporta, poljoprivrede i vinogradarstva Porajnja-Fala\u010dka), J\u00fcrgena Distla (\u0161efa operacija Mercedes-Benz Trucks), Andreasa Bachhofera (\u0161efa&hellip;\" \/>\n<meta property=\"og:url\" content=\"https:\/\/www.logistika.ba\/de\/mercedes-benz-zapocinje-serijsku-proizvodnju-eactrosa-600\/\" \/>\n<meta property=\"og:site_name\" content=\"Klaster Logistika\" \/>\n<meta property=\"article:published_time\" content=\"2024-11-23T09:05:57+00:00\" \/>\n<meta property=\"article:modified_time\" content=\"2024-11-23T09:06:32+00:00\" \/>\n<meta property=\"og:image\" content=\"https:\/\/www.logistika.ba\/wp-content\/uploads\/2024\/04\/mercedes_actros_l_2024_diesel_01-1024x576-1.webp\" \/>\n\t<meta property=\"og:image:width\" content=\"1024\" \/>\n\t<meta property=\"og:image:height\" content=\"576\" \/>\n\t<meta property=\"og:image:type\" content=\"image\/webp\" \/>\n<meta name=\"author\" content=\"Klaster Logistika\" \/>\n<meta name=\"twitter:card\" content=\"summary_large_image\" \/>\n<meta name=\"twitter:label1\" content=\"Verfasst von\" \/>\n\t<meta name=\"twitter:data1\" content=\"Klaster Logistika\" \/>\n\t<meta name=\"twitter:label2\" content=\"Gesch\u00e4tzte Lesezeit\" \/>\n\t<meta name=\"twitter:data2\" content=\"3\u00a0Minuten\" \/>\n<script type=\"application\/ld+json\" class=\"yoast-schema-graph\">{\"@context\":\"https:\/\/schema.org\",\"@graph\":[{\"@type\":\"WebPage\",\"@id\":\"https:\/\/www.logistika.ba\/de\/mercedes-benz-zapocinje-serijsku-proizvodnju-eactrosa-600\/\",\"url\":\"https:\/\/www.logistika.ba\/de\/mercedes-benz-zapocinje-serijsku-proizvodnju-eactrosa-600\/\",\"name\":\"Mercedes-Benz zapo\u010dinje serijsku proizvodnju eActrosa 600! - Klaster Logistika\",\"isPartOf\":{\"@id\":\"https:\/\/www.logistika.ba\/#website\"},\"datePublished\":\"2024-11-23T09:05:57+00:00\",\"dateModified\":\"2024-11-23T09:06:32+00:00\",\"author\":{\"@id\":\"https:\/\/www.logistika.ba\/#\/schema\/person\/46ef21d9f81bfe4fd9b6a2013bae7314\"},\"breadcrumb\":{\"@id\":\"https:\/\/www.logistika.ba\/de\/mercedes-benz-zapocinje-serijsku-proizvodnju-eactrosa-600\/#breadcrumb\"},\"inLanguage\":\"de\",\"potentialAction\":[{\"@type\":\"ReadAction\",\"target\":[\"https:\/\/www.logistika.ba\/de\/mercedes-benz-zapocinje-serijsku-proizvodnju-eactrosa-600\/\"]}]},{\"@type\":\"BreadcrumbList\",\"@id\":\"https:\/\/www.logistika.ba\/de\/mercedes-benz-zapocinje-serijsku-proizvodnju-eactrosa-600\/#breadcrumb\",\"itemListElement\":[{\"@type\":\"ListItem\",\"position\":1,\"name\":\"Home\",\"item\":\"https:\/\/www.logistika.ba\/de\/3-creative\/\"},{\"@type\":\"ListItem\",\"position\":2,\"name\":\"Mercedes-Benz zapo\u010dinje serijsku proizvodnju eActrosa 600!\"}]},{\"@type\":\"WebSite\",\"@id\":\"https:\/\/www.logistika.ba\/#website\",\"url\":\"https:\/\/www.logistika.ba\/\",\"name\":\"Klaster Logistika\",\"description\":\"Okupljanje za uspje\u0161nije poslovanje\",\"potentialAction\":[{\"@type\":\"SearchAction\",\"target\":{\"@type\":\"EntryPoint\",\"urlTemplate\":\"https:\/\/www.logistika.ba\/?s={search_term_string}\"},\"query-input\":\"required name=search_term_string\"}],\"inLanguage\":\"de\"},{\"@type\":\"Person\",\"@id\":\"https:\/\/www.logistika.ba\/#\/schema\/person\/46ef21d9f81bfe4fd9b6a2013bae7314\",\"name\":\"Klaster Logistika\",\"url\":\"https:\/\/www.logistika.ba\/de\/author\/veliborp\/\"}]}<\/script>\n<!-- \/ Yoast SEO plugin. -->","yoast_head_json":{"title":"Mercedes-Benz zapo\u010dinje serijsku proizvodnju eActrosa 600! - Klaster Logistika","robots":{"index":"index","follow":"follow","max-snippet":"max-snippet:-1","max-image-preview":"max-image-preview:large","max-video-preview":"max-video-preview:-1"},"canonical":"https:\/\/www.logistika.ba\/de\/mercedes-benz-zapocinje-serijsku-proizvodnju-eactrosa-600\/","og_locale":"de_DE","og_type":"article","og_title":"Mercedes-Benz zapo\u010dinje serijsku proizvodnju eActrosa 600! - Klaster Logistika","og_description":"U petak, Daimler Trucks je zapo\u010deo serijsku proizvodnju Mercedes-Benz eActrosa 600, elektri\u010dnog kamiona za transport na duge relacije. To se dogodilo u Mercedes-Benz tvornici u W\u00f6rthu. Ceremonija je odr\u017eana u prisustvu Karin R\u00e5dstr\u00f6m (izvr\u0161ne direktorice Daimler Trucka), Daniele Schmitt (ministrice ekonomije, transporta, poljoprivrede i vinogradarstva Porajnja-Fala\u010dka), J\u00fcrgena Distla (\u0161efa operacija Mercedes-Benz Trucks), Andreasa Bachhofera (\u0161efa&hellip;","og_url":"https:\/\/www.logistika.ba\/de\/mercedes-benz-zapocinje-serijsku-proizvodnju-eactrosa-600\/","og_site_name":"Klaster Logistika","article_published_time":"2024-11-23T09:05:57+00:00","article_modified_time":"2024-11-23T09:06:32+00:00","og_image":[{"width":1024,"height":576,"url":"https:\/\/www.logistika.ba\/wp-content\/uploads\/2024\/04\/mercedes_actros_l_2024_diesel_01-1024x576-1.webp","type":"image\/webp"}],"author":"Klaster Logistika","twitter_card":"summary_large_image","twitter_misc":{"Verfasst von":"Klaster Logistika","Gesch\u00e4tzte Lesezeit":"3\u00a0Minuten"},"schema":{"@context":"https:\/\/schema.org","@graph":[{"@type":"WebPage","@id":"https:\/\/www.logistika.ba\/de\/mercedes-benz-zapocinje-serijsku-proizvodnju-eactrosa-600\/","url":"https:\/\/www.logistika.ba\/de\/mercedes-benz-zapocinje-serijsku-proizvodnju-eactrosa-600\/","name":"Mercedes-Benz zapo\u010dinje serijsku proizvodnju eActrosa 600! - Klaster Logistika","isPartOf":{"@id":"https:\/\/www.logistika.ba\/#website"},"datePublished":"2024-11-23T09:05:57+00:00","dateModified":"2024-11-23T09:06:32+00:00","author":{"@id":"https:\/\/www.logistika.ba\/#\/schema\/person\/46ef21d9f81bfe4fd9b6a2013bae7314"},"breadcrumb":{"@id":"https:\/\/www.logistika.ba\/de\/mercedes-benz-zapocinje-serijsku-proizvodnju-eactrosa-600\/#breadcrumb"},"inLanguage":"de","potentialAction":[{"@type":"ReadAction","target":["https:\/\/www.logistika.ba\/de\/mercedes-benz-zapocinje-serijsku-proizvodnju-eactrosa-600\/"]}]},{"@type":"BreadcrumbList","@id":"https:\/\/www.logistika.ba\/de\/mercedes-benz-zapocinje-serijsku-proizvodnju-eactrosa-600\/#breadcrumb","itemListElement":[{"@type":"ListItem","position":1,"name":"Home","item":"https:\/\/www.logistika.ba\/de\/3-creative\/"},{"@type":"ListItem","position":2,"name":"Mercedes-Benz zapo\u010dinje serijsku proizvodnju eActrosa 600!"}]},{"@type":"WebSite","@id":"https:\/\/www.logistika.ba\/#website","url":"https:\/\/www.logistika.ba\/","name":"Klaster Logistika","description":"Okupljanje za uspje\u0161nije poslovanje","potentialAction":[{"@type":"SearchAction","target":{"@type":"EntryPoint","urlTemplate":"https:\/\/www.logistika.ba\/?s={search_term_string}"},"query-input":"required name=search_term_string"}],"inLanguage":"de"},{"@type":"Person","@id":"https:\/\/www.logistika.ba\/#\/schema\/person\/46ef21d9f81bfe4fd9b6a2013bae7314","name":"Klaster Logistika","url":"https:\/\/www.logistika.ba\/de\/author\/veliborp\/"}]}},"_links":{"self":[{"href":"https:\/\/www.logistika.ba\/de\/wp-json\/wp\/v2\/posts\/136020","targetHints":{"allow":["GET"]}}],"collection":[{"href":"https:\/\/www.logistika.ba\/de\/wp-json\/wp\/v2\/posts"}],"about":[{"href":"https:\/\/www.logistika.ba\/de\/wp-json\/wp\/v2\/types\/post"}],"author":[{"embeddable":true,"href":"https:\/\/www.logistika.ba\/de\/wp-json\/wp\/v2\/users\/2"}],"replies":[{"embeddable":true,"href":"https:\/\/www.logistika.ba\/de\/wp-json\/wp\/v2\/comments?post=136020"}],"version-history":[{"count":1,"href":"https:\/\/www.logistika.ba\/de\/wp-json\/wp\/v2\/posts\/136020\/revisions"}],"predecessor-version":[{"id":136026,"href":"https:\/\/www.logistika.ba\/de\/wp-json\/wp\/v2\/posts\/136020\/revisions\/136026"}],"wp:featuredmedia":[{"embeddable":true,"href":"https:\/\/www.logistika.ba\/de\/wp-json\/wp\/v2\/media\/126642"}],"wp:attachment":[{"href":"https:\/\/www.logistika.ba\/de\/wp-json\/wp\/v2\/media?parent=136020"}],"wp:term":[{"taxonomy":"category","embeddable":true,"href":"https:\/\/www.logistika.ba\/de\/wp-json\/wp\/v2\/categories?post=136020"},{"taxonomy":"post_tag","embeddable":true,"href":"https:\/\/www.logistika.ba\/de\/wp-json\/wp\/v2\/tags?post=136020"}],"curies":[{"name":"wp","href":"https:\/\/api.w.org\/{rel}","templated":true}]}}