{"id":149351,"date":"2026-04-26T08:30:36","date_gmt":"2026-04-26T08:30:36","guid":{"rendered":"https:\/\/www.logistika.ba\/zabrane-kretanja-teretnih-vozila-u-italiji-i-evropi-25-04-04-05-2026-pregled-kljucnih-termina-i-uticaja-na-logistiku\/"},"modified":"2026-04-26T08:47:07","modified_gmt":"2026-04-26T08:47:07","slug":"zabrane-kretanja-teretnih-vozila-u-italiji-i-evropi-25-04-04-05-2026-pregled-kljucnih-termina-i-uticaja-na-logistiku","status":"publish","type":"post","link":"https:\/\/www.logistika.ba\/de\/zabrane-kretanja-teretnih-vozila-u-italiji-i-evropi-25-04-04-05-2026-pregled-kljucnih-termina-i-uticaja-na-logistiku\/","title":{"rendered":"ZABRANE KRETANJA TERETNIH VOZILA U ITALIJI I EVROPI (25.04 \u2013 04.05.2026) Pregled klju\u010dnih termina i uticaja na logistiku"},"content":{"rendered":"<p data-start=\"236\" data-end=\"481\">Period od 25. aprila do 4. maja 2026. godine karakteri\u0161u intenzivne zabrane kretanja teretnih vozila \u0161irom Evrope, uzrokovane praznicima i pove\u0107anim prometom. Ovaj interval predstavlja jedan od operativno najzahtjevnijih u planiranju transporta.<\/p>\n<p data-start=\"488\" data-end=\"598\"><strong data-start=\"488\" data-end=\"520\">ITALIJA \u2013 NACIONALNE ZABRANE<\/strong><br data-start=\"520\" data-end=\"523\" \/>Zabrane va\u017ee za vozila preko 7,5 tona na cijeloj mre\u017ei puteva i autoputeva:<\/p>\n<ul data-start=\"600\" data-end=\"764\">\n<li data-section-id=\"1amy9e6\" data-start=\"600\" data-end=\"646\">\n<ol start=\"25\" data-start=\"602\" data-end=\"646\">\n<li data-section-id=\"8v8083\" data-start=\"602\" data-end=\"646\">april (Dan oslobo\u0111enja): 09:00 \u2013 22:00<\/li>\n<\/ol>\n<\/li>\n<li data-section-id=\"1qtro2q\" data-start=\"647\" data-end=\"686\">\n<ol start=\"26\" data-start=\"649\" data-end=\"686\">\n<li data-section-id=\"14p601b\" data-start=\"649\" data-end=\"686\">april (nedjelja): 09:00 \u2013 22:00<\/li>\n<\/ol>\n<\/li>\n<li data-section-id=\"1vdkik3\" data-start=\"687\" data-end=\"727\">\n<ol data-start=\"689\" data-end=\"727\">\n<li data-section-id=\"n1fkim\" data-start=\"689\" data-end=\"727\">maj (Praznik rada): 09:00 \u2013 22:00<\/li>\n<\/ol>\n<\/li>\n<li data-section-id=\"gdi985\" data-start=\"728\" data-end=\"764\">\n<ol start=\"3\" data-start=\"730\" data-end=\"764\">\n<li data-section-id=\"iiotnc\" data-start=\"730\" data-end=\"764\">maj (nedjelja): 09:00 \u2013 22:00<\/li>\n<\/ol>\n<\/li>\n<\/ul>\n<p data-start=\"771\" data-end=\"805\"><strong data-start=\"771\" data-end=\"805\">EVROPA \u2013 NAJZNA\u010cAJNIJI TERMINI<\/strong><\/p>\n<p data-start=\"807\" data-end=\"822\"><strong data-start=\"807\" data-end=\"820\">25. april<\/strong><\/p>\n<ul data-start=\"823\" data-end=\"961\">\n<li data-section-id=\"1jmsxz9\" data-start=\"823\" data-end=\"904\"><span class=\"hover:entity-accent entity-underline inline cursor-pointer align-baseline\"><span class=\"whitespace-normal\">Austrija<\/span><\/span>: 11:00 \u2013 15:00 (A12, A13 prema Italiji)<\/li>\n<li data-section-id=\"11qusfp\" data-start=\"905\" data-end=\"961\"><span class=\"hover:entity-accent entity-underline inline cursor-pointer align-baseline\"><span class=\"whitespace-normal\">Italija<\/span><\/span>: 09:00 \u2013 22:00<\/li>\n<\/ul>\n<p data-start=\"963\" data-end=\"978\"><strong data-start=\"963\" data-end=\"976\">27. april<\/strong><\/p>\n<ul data-start=\"979\" data-end=\"1035\">\n<li data-section-id=\"q059tg\" data-start=\"979\" data-end=\"1035\"><span class=\"hover:entity-accent entity-underline inline cursor-pointer align-baseline\"><span class=\"whitespace-normal\">Slovenija<\/span><\/span>: 08:00 \u2013 22:00<\/li>\n<\/ul>\n<p data-start=\"1037\" data-end=\"1052\"><strong data-start=\"1037\" data-end=\"1050\">30. april<\/strong><\/p>\n<ul data-start=\"1053\" data-end=\"1352\">\n<li data-section-id=\"27hkyh\" data-start=\"1053\" data-end=\"1109\"><span class=\"hover:entity-accent entity-underline inline cursor-pointer align-baseline\"><span class=\"whitespace-normal\">Hrvatska<\/span><\/span>: 15:00 \u2013 23:00<\/li>\n<li data-section-id=\"1w3cc6y\" data-start=\"1110\" data-end=\"1166\"><span class=\"hover:entity-accent entity-underline inline cursor-pointer align-baseline\"><span class=\"whitespace-normal\">Francuska<\/span><\/span>: 22:00 \u2013 24:00<\/li>\n<li data-section-id=\"mf5d0a\" data-start=\"1167\" data-end=\"1238\"><span class=\"hover:entity-accent entity-underline inline cursor-pointer align-baseline\"><span class=\"whitespace-normal\">Luksemburg<\/span><\/span>: ve\u010dernji termini prema FR\/DE<\/li>\n<li data-section-id=\"1gfsbcl\" data-start=\"1239\" data-end=\"1295\"><span class=\"hover:entity-accent entity-underline inline cursor-pointer align-baseline\"><span class=\"whitespace-normal\">Poljska<\/span><\/span>: 18:00 \u2013 22:00<\/li>\n<li data-section-id=\"11ewlay\" data-start=\"1296\" data-end=\"1352\"><span class=\"hover:entity-accent entity-underline inline cursor-pointer align-baseline\"><span class=\"whitespace-normal\">Ma\u0111arska<\/span><\/span>: 22:00 \u2013 24:00<\/li>\n<\/ul>\n<p data-start=\"1354\" data-end=\"1389\"><strong data-start=\"1354\" data-end=\"1387\">1. maj \u2013 gotovo cijela Evropa<\/strong><\/p>\n<ul data-start=\"1390\" data-end=\"1584\">\n<li data-section-id=\"10cebr4\" data-start=\"1390\" data-end=\"1584\"><span class=\"hover:entity-accent entity-underline inline cursor-pointer align-baseline\"><span class=\"whitespace-normal\">Njema\u010dka<\/span><\/span>, <span class=\"hover:entity-accent entity-underline inline cursor-pointer align-baseline\"><span class=\"whitespace-normal\">Francuska<\/span><\/span>, <span class=\"hover:entity-accent entity-underline inline cursor-pointer align-baseline\"><span class=\"whitespace-normal\">Austrija<\/span><\/span>, <span class=\"hover:entity-accent entity-underline inline cursor-pointer align-baseline\"><span class=\"whitespace-normal\">Italija<\/span><\/span> i druge: uglavnom 00:00 \u2013 22:00<\/li>\n<\/ul>\n<p data-start=\"1586\" data-end=\"1598\"><strong data-start=\"1586\" data-end=\"1596\">2. maj<\/strong><\/p>\n<ul data-start=\"1599\" data-end=\"1716\">\n<li data-section-id=\"jjgus5\" data-start=\"1599\" data-end=\"1657\"><span class=\"hover:entity-accent entity-underline inline cursor-pointer align-baseline\"><span class=\"whitespace-normal\">Poljska<\/span><\/span>: 18:00 \u2013 22:00<\/li>\n<li data-section-id=\"11g0444\" data-start=\"1658\" data-end=\"1716\"><span class=\"hover:entity-accent entity-underline inline cursor-pointer align-baseline\"><span class=\"whitespace-normal\">Slovenija<\/span><\/span>: 08:00 \u2013 22:00<\/li>\n<\/ul>\n<p data-start=\"1718\" data-end=\"1730\"><strong data-start=\"1718\" data-end=\"1728\">3. maj<\/strong><\/p>\n<ul data-start=\"1731\" data-end=\"1789\">\n<li data-section-id=\"10on74k\" data-start=\"1731\" data-end=\"1789\"><span class=\"hover:entity-accent entity-underline inline cursor-pointer align-baseline\"><span class=\"whitespace-normal\">Poljska<\/span><\/span>: 08:00 \u2013 22:00<\/li>\n<\/ul>\n<p data-start=\"1796\" data-end=\"1832\"><strong data-start=\"1796\" data-end=\"1832\">OPERATIVNE IMPLIKACIJE ZA SEKTOR<\/strong><\/p>\n<p data-start=\"1834\" data-end=\"2034\">Zabrane imaju direktan uticaj na:<br data-start=\"1867\" data-end=\"1870\" \/>\u2022 produ\u017eenje tranzitnih vremena<br data-start=\"1901\" data-end=\"1904\" \/>\u2022 pove\u0107anje operativnih tro\u0161kova<br data-start=\"1936\" data-end=\"1939\" \/>\u2022 potrebu za dodatnim planiranjem i koordinacijom<br data-start=\"1988\" data-end=\"1991\" \/>\u2022 rizik od zastoja na grani\u010dnim prelazima<\/p>\n<p data-start=\"2041\" data-end=\"2067\"><strong data-start=\"2041\" data-end=\"2067\">PREPORUKE ZA KOMPANIJE<\/strong><\/p>\n<p data-start=\"2069\" data-end=\"2255\">\u2022 unaprijed planirati rute i termine vo\u017enje<br data-start=\"2112\" data-end=\"2115\" \/>\u2022 pratiti nacionalne regulative po dr\u017eavama<br data-start=\"2158\" data-end=\"2161\" \/>\u2022 optimizovati vrijeme odmora i \u010dekanja<br data-start=\"2200\" data-end=\"2203\" \/>\u2022 koristiti digitalne alate za pra\u0107enje saobra\u0107aja<\/p>\n<p data-start=\"2262\" data-end=\"2298\"><strong data-start=\"2262\" data-end=\"2298\">NAJAVA \u2013 DODATNI PRITISAK U MAJU<\/strong><\/p>\n<p data-start=\"2300\" data-end=\"2541\">Poseban izazov predstavlja najavljeni nacionalni \u0161trajk u <span class=\"hover:entity-accent entity-underline inline cursor-pointer align-baseline\"><span class=\"whitespace-normal\">Italija<\/span><\/span> (25\u201329. maj 2026), koji organizuje <span class=\"hover:entity-accent entity-underline inline cursor-pointer align-baseline\"><span class=\"whitespace-normal\">UNATRAS<\/span><\/span>, uz potencijalno zna\u010dajan uticaj na logistiku i lance snabdijevanja.<\/p>\n<p>&nbsp;<\/p>\n<p data-start=\"2563\" data-end=\"2773\">Period praznika dodatno nagla\u0161ava strukturne slabosti sistema logistike u Evropi. Za kompanije iz regiona, posebno sa Zapadnog Balkana, ovakvi uslovi zahtijevaju visok nivo operativne pripreme i fleksibilnosti.<\/p>\n","protected":false},"excerpt":{"rendered":"<p>Period od 25. aprila do 4. maja 2026. godine karakteri\u0161u intenzivne zabrane kretanja teretnih vozila \u0161irom Evrope, uzrokovane praznicima i pove\u0107anim prometom. Ovaj interval predstavlja jedan od operativno najzahtjevnijih u planiranju transporta. ITALIJA \u2013 NACIONALNE ZABRANEZabrane va\u017ee za vozila preko 7,5 tona na cijeloj mre\u017ei puteva i autoputeva: april (Dan oslobo\u0111enja): 09:00 \u2013 22:00 april&hellip;<\/p>\n","protected":false},"author":2,"featured_media":147458,"comment_status":"closed","ping_status":"closed","sticky":false,"template":"","format":"standard","meta":{"footnotes":""},"categories":[564,526],"tags":[],"class_list":["post-149351","post","type-post","status-publish","format-standard","has-post-thumbnail","hentry","category-drumski-prevoz-robe-de","category-unkategorisiert","category-564","category-526","description-off"],"yoast_head":"<!-- This site is optimized with the Yoast SEO plugin v19.6 - https:\/\/yoast.com\/wordpress\/plugins\/seo\/ -->\n<title>ZABRANE KRETANJA TERETNIH VOZILA U ITALIJI I EVROPI (25.04 \u2013 04.05.2026) Pregled klju\u010dnih termina i uticaja na logistiku - Klaster Logistika<\/title>\n<meta name=\"robots\" content=\"index, follow, max-snippet:-1, max-image-preview:large, max-video-preview:-1\" \/>\n<link rel=\"canonical\" href=\"https:\/\/www.logistika.ba\/de\/zabrane-kretanja-teretnih-vozila-u-italiji-i-evropi-25-04-04-05-2026-pregled-kljucnih-termina-i-uticaja-na-logistiku\/\" \/>\n<meta property=\"og:locale\" content=\"de_DE\" \/>\n<meta property=\"og:type\" content=\"article\" \/>\n<meta property=\"og:title\" content=\"ZABRANE KRETANJA TERETNIH VOZILA U ITALIJI I EVROPI (25.04 \u2013 04.05.2026) Pregled klju\u010dnih termina i uticaja na logistiku - Klaster Logistika\" \/>\n<meta property=\"og:description\" content=\"Period od 25. aprila do 4. maja 2026. godine karakteri\u0161u intenzivne zabrane kretanja teretnih vozila \u0161irom Evrope, uzrokovane praznicima i pove\u0107anim prometom. Ovaj interval predstavlja jedan od operativno najzahtjevnijih u planiranju transporta. ITALIJA \u2013 NACIONALNE ZABRANEZabrane va\u017ee za vozila preko 7,5 tona na cijeloj mre\u017ei puteva i autoputeva: april (Dan oslobo\u0111enja): 09:00 \u2013 22:00 april&hellip;\" \/>\n<meta property=\"og:url\" content=\"https:\/\/www.logistika.ba\/de\/zabrane-kretanja-teretnih-vozila-u-italiji-i-evropi-25-04-04-05-2026-pregled-kljucnih-termina-i-uticaja-na-logistiku\/\" \/>\n<meta property=\"og:site_name\" content=\"Klaster Logistika\" \/>\n<meta property=\"article:published_time\" content=\"2026-04-26T08:30:36+00:00\" \/>\n<meta property=\"article:modified_time\" content=\"2026-04-26T08:47:07+00:00\" \/>\n<meta property=\"og:image\" content=\"https:\/\/www.logistika.ba\/wp-content\/uploads\/2026\/02\/eec6024a7756021a43652ca0b96-1024x651-1.jpg\" \/>\n\t<meta property=\"og:image:width\" content=\"1024\" \/>\n\t<meta property=\"og:image:height\" content=\"651\" \/>\n\t<meta property=\"og:image:type\" content=\"image\/jpeg\" \/>\n<meta name=\"author\" content=\"Klaster Logistika\" \/>\n<meta name=\"twitter:card\" content=\"summary_large_image\" \/>\n<meta name=\"twitter:label1\" content=\"Verfasst von\" \/>\n\t<meta name=\"twitter:data1\" content=\"Klaster Logistika\" \/>\n\t<meta name=\"twitter:label2\" content=\"Gesch\u00e4tzte Lesezeit\" \/>\n\t<meta name=\"twitter:data2\" content=\"1\u00a0Minute\" \/>\n<script type=\"application\/ld+json\" class=\"yoast-schema-graph\">{\"@context\":\"https:\/\/schema.org\",\"@graph\":[{\"@type\":\"WebPage\",\"@id\":\"https:\/\/www.logistika.ba\/de\/zabrane-kretanja-teretnih-vozila-u-italiji-i-evropi-25-04-04-05-2026-pregled-kljucnih-termina-i-uticaja-na-logistiku\/\",\"url\":\"https:\/\/www.logistika.ba\/de\/zabrane-kretanja-teretnih-vozila-u-italiji-i-evropi-25-04-04-05-2026-pregled-kljucnih-termina-i-uticaja-na-logistiku\/\",\"name\":\"ZABRANE KRETANJA TERETNIH VOZILA U ITALIJI I EVROPI (25.04 \u2013 04.05.2026) Pregled klju\u010dnih termina i uticaja na logistiku - Klaster Logistika\",\"isPartOf\":{\"@id\":\"https:\/\/www.logistika.ba\/#website\"},\"datePublished\":\"2026-04-26T08:30:36+00:00\",\"dateModified\":\"2026-04-26T08:47:07+00:00\",\"author\":{\"@id\":\"https:\/\/www.logistika.ba\/#\/schema\/person\/46ef21d9f81bfe4fd9b6a2013bae7314\"},\"breadcrumb\":{\"@id\":\"https:\/\/www.logistika.ba\/de\/zabrane-kretanja-teretnih-vozila-u-italiji-i-evropi-25-04-04-05-2026-pregled-kljucnih-termina-i-uticaja-na-logistiku\/#breadcrumb\"},\"inLanguage\":\"de\",\"potentialAction\":[{\"@type\":\"ReadAction\",\"target\":[\"https:\/\/www.logistika.ba\/de\/zabrane-kretanja-teretnih-vozila-u-italiji-i-evropi-25-04-04-05-2026-pregled-kljucnih-termina-i-uticaja-na-logistiku\/\"]}]},{\"@type\":\"BreadcrumbList\",\"@id\":\"https:\/\/www.logistika.ba\/de\/zabrane-kretanja-teretnih-vozila-u-italiji-i-evropi-25-04-04-05-2026-pregled-kljucnih-termina-i-uticaja-na-logistiku\/#breadcrumb\",\"itemListElement\":[{\"@type\":\"ListItem\",\"position\":1,\"name\":\"Home\",\"item\":\"https:\/\/www.logistika.ba\/de\/3-creative\/\"},{\"@type\":\"ListItem\",\"position\":2,\"name\":\"ZABRANE KRETANJA TERETNIH VOZILA U ITALIJI I EVROPI (25.04 \u2013 04.05.2026) Pregled klju\u010dnih termina i uticaja na logistiku\"}]},{\"@type\":\"WebSite\",\"@id\":\"https:\/\/www.logistika.ba\/#website\",\"url\":\"https:\/\/www.logistika.ba\/\",\"name\":\"Klaster Logistika\",\"description\":\"Okupljanje za uspje\u0161nije poslovanje\",\"potentialAction\":[{\"@type\":\"SearchAction\",\"target\":{\"@type\":\"EntryPoint\",\"urlTemplate\":\"https:\/\/www.logistika.ba\/?s={search_term_string}\"},\"query-input\":\"required name=search_term_string\"}],\"inLanguage\":\"de\"},{\"@type\":\"Person\",\"@id\":\"https:\/\/www.logistika.ba\/#\/schema\/person\/46ef21d9f81bfe4fd9b6a2013bae7314\",\"name\":\"Klaster Logistika\",\"url\":\"https:\/\/www.logistika.ba\/de\/author\/veliborp\/\"}]}<\/script>\n<!-- \/ Yoast SEO plugin. -->","yoast_head_json":{"title":"ZABRANE KRETANJA TERETNIH VOZILA U ITALIJI I EVROPI (25.04 \u2013 04.05.2026) Pregled klju\u010dnih termina i uticaja na logistiku - Klaster Logistika","robots":{"index":"index","follow":"follow","max-snippet":"max-snippet:-1","max-image-preview":"max-image-preview:large","max-video-preview":"max-video-preview:-1"},"canonical":"https:\/\/www.logistika.ba\/de\/zabrane-kretanja-teretnih-vozila-u-italiji-i-evropi-25-04-04-05-2026-pregled-kljucnih-termina-i-uticaja-na-logistiku\/","og_locale":"de_DE","og_type":"article","og_title":"ZABRANE KRETANJA TERETNIH VOZILA U ITALIJI I EVROPI (25.04 \u2013 04.05.2026) Pregled klju\u010dnih termina i uticaja na logistiku - Klaster Logistika","og_description":"Period od 25. aprila do 4. maja 2026. godine karakteri\u0161u intenzivne zabrane kretanja teretnih vozila \u0161irom Evrope, uzrokovane praznicima i pove\u0107anim prometom. Ovaj interval predstavlja jedan od operativno najzahtjevnijih u planiranju transporta. ITALIJA \u2013 NACIONALNE ZABRANEZabrane va\u017ee za vozila preko 7,5 tona na cijeloj mre\u017ei puteva i autoputeva: april (Dan oslobo\u0111enja): 09:00 \u2013 22:00 april&hellip;","og_url":"https:\/\/www.logistika.ba\/de\/zabrane-kretanja-teretnih-vozila-u-italiji-i-evropi-25-04-04-05-2026-pregled-kljucnih-termina-i-uticaja-na-logistiku\/","og_site_name":"Klaster Logistika","article_published_time":"2026-04-26T08:30:36+00:00","article_modified_time":"2026-04-26T08:47:07+00:00","og_image":[{"width":1024,"height":651,"url":"https:\/\/www.logistika.ba\/wp-content\/uploads\/2026\/02\/eec6024a7756021a43652ca0b96-1024x651-1.jpg","type":"image\/jpeg"}],"author":"Klaster Logistika","twitter_card":"summary_large_image","twitter_misc":{"Verfasst von":"Klaster Logistika","Gesch\u00e4tzte Lesezeit":"1\u00a0Minute"},"schema":{"@context":"https:\/\/schema.org","@graph":[{"@type":"WebPage","@id":"https:\/\/www.logistika.ba\/de\/zabrane-kretanja-teretnih-vozila-u-italiji-i-evropi-25-04-04-05-2026-pregled-kljucnih-termina-i-uticaja-na-logistiku\/","url":"https:\/\/www.logistika.ba\/de\/zabrane-kretanja-teretnih-vozila-u-italiji-i-evropi-25-04-04-05-2026-pregled-kljucnih-termina-i-uticaja-na-logistiku\/","name":"ZABRANE KRETANJA TERETNIH VOZILA U ITALIJI I EVROPI (25.04 \u2013 04.05.2026) Pregled klju\u010dnih termina i uticaja na logistiku - Klaster Logistika","isPartOf":{"@id":"https:\/\/www.logistika.ba\/#website"},"datePublished":"2026-04-26T08:30:36+00:00","dateModified":"2026-04-26T08:47:07+00:00","author":{"@id":"https:\/\/www.logistika.ba\/#\/schema\/person\/46ef21d9f81bfe4fd9b6a2013bae7314"},"breadcrumb":{"@id":"https:\/\/www.logistika.ba\/de\/zabrane-kretanja-teretnih-vozila-u-italiji-i-evropi-25-04-04-05-2026-pregled-kljucnih-termina-i-uticaja-na-logistiku\/#breadcrumb"},"inLanguage":"de","potentialAction":[{"@type":"ReadAction","target":["https:\/\/www.logistika.ba\/de\/zabrane-kretanja-teretnih-vozila-u-italiji-i-evropi-25-04-04-05-2026-pregled-kljucnih-termina-i-uticaja-na-logistiku\/"]}]},{"@type":"BreadcrumbList","@id":"https:\/\/www.logistika.ba\/de\/zabrane-kretanja-teretnih-vozila-u-italiji-i-evropi-25-04-04-05-2026-pregled-kljucnih-termina-i-uticaja-na-logistiku\/#breadcrumb","itemListElement":[{"@type":"ListItem","position":1,"name":"Home","item":"https:\/\/www.logistika.ba\/de\/3-creative\/"},{"@type":"ListItem","position":2,"name":"ZABRANE KRETANJA TERETNIH VOZILA U ITALIJI I EVROPI (25.04 \u2013 04.05.2026) Pregled klju\u010dnih termina i uticaja na logistiku"}]},{"@type":"WebSite","@id":"https:\/\/www.logistika.ba\/#website","url":"https:\/\/www.logistika.ba\/","name":"Klaster Logistika","description":"Okupljanje za uspje\u0161nije poslovanje","potentialAction":[{"@type":"SearchAction","target":{"@type":"EntryPoint","urlTemplate":"https:\/\/www.logistika.ba\/?s={search_term_string}"},"query-input":"required name=search_term_string"}],"inLanguage":"de"},{"@type":"Person","@id":"https:\/\/www.logistika.ba\/#\/schema\/person\/46ef21d9f81bfe4fd9b6a2013bae7314","name":"Klaster Logistika","url":"https:\/\/www.logistika.ba\/de\/author\/veliborp\/"}]}},"_links":{"self":[{"href":"https:\/\/www.logistika.ba\/de\/wp-json\/wp\/v2\/posts\/149351","targetHints":{"allow":["GET"]}}],"collection":[{"href":"https:\/\/www.logistika.ba\/de\/wp-json\/wp\/v2\/posts"}],"about":[{"href":"https:\/\/www.logistika.ba\/de\/wp-json\/wp\/v2\/types\/post"}],"author":[{"embeddable":true,"href":"https:\/\/www.logistika.ba\/de\/wp-json\/wp\/v2\/users\/2"}],"replies":[{"embeddable":true,"href":"https:\/\/www.logistika.ba\/de\/wp-json\/wp\/v2\/comments?post=149351"}],"version-history":[{"count":1,"href":"https:\/\/www.logistika.ba\/de\/wp-json\/wp\/v2\/posts\/149351\/revisions"}],"predecessor-version":[{"id":149357,"href":"https:\/\/www.logistika.ba\/de\/wp-json\/wp\/v2\/posts\/149351\/revisions\/149357"}],"wp:featuredmedia":[{"embeddable":true,"href":"https:\/\/www.logistika.ba\/de\/wp-json\/wp\/v2\/media\/147458"}],"wp:attachment":[{"href":"https:\/\/www.logistika.ba\/de\/wp-json\/wp\/v2\/media?parent=149351"}],"wp:term":[{"taxonomy":"category","embeddable":true,"href":"https:\/\/www.logistika.ba\/de\/wp-json\/wp\/v2\/categories?post=149351"},{"taxonomy":"post_tag","embeddable":true,"href":"https:\/\/www.logistika.ba\/de\/wp-json\/wp\/v2\/tags?post=149351"}],"curies":[{"name":"wp","href":"https:\/\/api.w.org\/{rel}","templated":true}]}}