{"id":152179,"date":"2026-09-01T07:02:12","date_gmt":"2026-09-01T07:02:12","guid":{"rendered":"https:\/\/www.logistika.ba\/konzorcijum-logistika-bosne-i-hercegvoine-ne-kritikujmo-prevoznike-pitajmo-sta-je-od-obecanog-ispunjeno\/"},"modified":"2026-09-01T07:10:38","modified_gmt":"2026-09-01T07:10:38","slug":"konzorcijum-logistika-bosne-i-hercegvoine-ne-kritikujmo-prevoznike-pitajmo-sta-je-od-obecanog-ispunjeno","status":"publish","type":"post","link":"https:\/\/www.logistika.ba\/de\/konzorcijum-logistika-bosne-i-hercegvoine-ne-kritikujmo-prevoznike-pitajmo-sta-je-od-obecanog-ispunjeno\/","title":{"rendered":"KONZORCIJUM LOGISTIKA BOSNE I HERCEGVOINE: NE KRITIKUJMO \u2013 PITAJMO \u0160TA JE OD OBE\u0106ANOG ISPUNJENO?"},"content":{"rendered":"<h3>01.09.2025 GODINE OBE\u0106ANO \u2013 REALIZOVANO | DAN 1: RADNO VRIJEME INSPEKCIJA<\/h3>\n<p>Prevoznici su na\u0161i. Oni svakog jutra pokre\u0107u lance snabdijevanja Bosne i Hercegovine. Zato ih ne\u0107emo kritikovati. U narednim danima postavi\u0107emo mnogo jednostavnije pitanje: <strong>\u0161ta je nakon ranijih protesta obe\u0107ano doma\u0107im prevoznicima, a \u0161ta je od tih obe\u0107anja zaista realizovano?<\/strong><\/p>\n<h2>1. SEPTEMBAR 2025: 36 SATI KOJI SU POKAZALI \u0160TA ZNA\u010cI DOMA\u0106I PREVOZNIK<\/h2>\n<blockquote><p>Prije ta\u010dno godinu dana, <strong>1. septembra 2025. godine<\/strong>, bili smo ubije\u0111eni da je poruka prevoznika shva\u0107ena.<\/p>\n<p>Za samo 36 sati Bosna i Hercegovina dobila je ozbiljno upozorenje koliko je drumski transport va\u017ean.\u00a0Lanac snabdijevanja prakti\u010dno se zaustavio.<\/p>\n<p>I veoma brzo svi su mogli razumjeti jednostavnu \u010dinjenicu:<\/p>\n<p><strong>bez doma\u0107eg prevoznika nema doru\u010dka, nema ru\u010dka, nema ve\u010dere. <\/strong>Nema urednog snabdijevanja trgovina.\u00a0Nema sirovina za proizvodnju.<\/p>\n<p>Nema redovne distribucije.\u00a0Nema izvoza i uvoza u rokovima koje privreda zahtijeva.\u00a0<strong>Nema funkcionalnog lanca snabdijevanja.<\/strong><\/p><\/blockquote>\n<p>Tada su razgovori vo\u0111eni na najvi\u0161em nivou \u2013 sa predsjednicima vlada Republike Srpske i Federacije BiH, predstavnicima Savjeta ministara BiH, nadle\u017enim institucijama i inspekcijskim organima.<\/p>\n<p>Vjerovali smo da je 36 sati bilo dovoljno da svi razumiju poruku.<\/p>\n<p>Danas, <strong>1. septembra 2026. godine<\/strong>, godinu dana kasnije, ne \u017eelimo govoriti na osnovu utisaka.<\/p>\n<p>Pogledajmo rezultate.<\/p>\n<h2>DANAS PONAVLJAMO ISTO: RADNO VRIJEME INSPEKCIJA NIJE USAGLA\u0160ENO<\/h2>\n<p>Prvi zahtjev bio je jednostavan.<\/p>\n<blockquote><p><strong>Ujedna\u010diti radno vrijeme nadle\u017enih inspekcijskih slu\u017ebi na teritoriji Bosne i Hercegovine.<\/strong><\/p>\n<p>Ne tra\u017eiti privilegije.<\/p>\n<p>Ne ukidati kontrolu.<\/p>\n<p>Ne smanjivati standarde.<\/p>\n<p>Samo omogu\u0107iti da transport i privreda imaju jednake operativne uslove.<\/p>\n<p>Republika Srpska je prihvatila produ\u017eeno radno vrijeme.<\/p>\n<p>Ali godinu dana kasnije problem na nivou Bosne i Hercegovine nije rije\u0161en.<\/p>\n<p>Prema stanju sa kojim se prevoznici danas suo\u010davaju, na <strong>Bija\u010di, Iza\u010di\u0107u i drugim grani\u010dnim prelazima koji zavise od rada nadle\u017enih inspekcijskih slu\u017ebi Federacije BiH, radno vrijeme zavr\u0161ava u 16.00 \u010dasova<\/strong>, dok se u drugim dijelovima pod ingerencijom Inspekcije republike Srpske, Bosne i Hercegovine radi do <strong>20.00 \u010dasova, a na pojedinim lokacijama i du\u017ee<\/strong>.<\/p><\/blockquote>\n<p>Dakle:<\/p>\n<h3>JEDNA DR\u017dAVA \u2013 JEDNA PRIVREDA \u2013 A DVA MODELA RADNOG VREMENA.<\/h3>\n<blockquote><p>\u0160ta na to da ka\u017eemo?<\/p>\n<p>Osim, mo\u017eda:\u00a0<strong>mo\u017ee im se. (BIJA\u010cA, IZA\u010cI\u0106, ..)<\/strong><\/p><\/blockquote>\n<h2>BILO JE OBE\u0106ANJE DA \u0106E RADNO VRIJEME BITI USAGLA\u0160ENO<\/h2>\n<blockquote><p>Ovo nije pitanje koje nikada nije otvoreno.\u00a0Naprotiv.\u00a0O njemu se razgovaralo.\u00a0Postojao je dogovor.<\/p>\n<p>Postojalo je ozbiljno obe\u0107anje predsjednika Vlade Federacije BiH da \u0107e se radno vrijeme usaglasiti.<\/p>\n<p>Razgovarali su premijeri.\u00a0Razgovarali su direktori nadle\u017enih inspekcija.\u00a0Najavljivana su radna tijela.<\/p>\n<p>Govorilo se o radnoj komisiji u Federaciji BiH.\u00a0Govorilo se o komisiji Savjeta ministara BiH.\u00a0U cijelu pri\u010du bila je uklju\u010dena i Uprava za indirektno oporezivanje BiH. Inspekcija RS ispo\u0161tovali dogovoreno 01.09.2025 do danas, a FBIH ne.<\/p>\n<p>I danas?<\/p>\n<p><strong>Radno vrijeme nije usagla\u0161eno.\u00a0<\/strong>Zato vi\u0161e nije dovoljno re\u0107i da postoji razumijevanje za probleme prevoznika.<\/p>\n<p>Prevoznik ne vozi na razumijevanje.\u00a0Prevoznik vozi prema vremenu.<\/p><\/blockquote>\n<h2>\u010cETIRI SATA NA PAPIRU \u2013 MNOGO VI\u0160E U TRANSPORTU<\/h2>\n<p>Razlika izme\u0111u 16.00 i 20.00 \u010dasova nekome u administraciji mo\u017eda izgleda kao samo \u010detiri sata.<\/p>\n<blockquote><p>Za transportnu kompaniju to mogu biti:<\/p>\n<p><strong>\u010detiri sata \u010dekanja,<br \/>\nizgubljen termin,<br \/>\nporeme\u0107en dnevni raspored voza\u010da,<br \/>\nproblem sa vremenom vo\u017enje i odmora,<br \/>\ndodatni tro\u0161ak vozila,<br \/>\nka\u0161njenje isporuke,<br \/>\nproblem za uvoznika ili izvoznika i<br \/>\nporeme\u0107aj narednog transportnog naloga.<\/strong><\/p>\n<p>Kamion koji \u010deka ne proizvodi transportni rad.<\/p>\n<p>Ali njegovi tro\u0161kovi ne prestaju.<\/p>\n<p>Zato \u010detiri sata administrativne razlike mogu postati mnogo ve\u0107i tro\u0161ak za cijeli lanac snabdijevanja.<\/p><\/blockquote>\n<h2>AKO NISMO KREDIBILNI U SOPSTVENIM OBE\u0106ANJIMA \u2013 \u0160TA O\u010cEKUJEMO OD EVROPSKE UNIJE?<\/h2>\n<blockquote><p>Danas od Evropske unije tra\u017eimo razumijevanje za probleme na\u0161ih profesionalnih voza\u010da.<\/p>\n<p>Tra\u017eimo razgovore.Tra\u017eimo rje\u0161enja.Tra\u017eimo da evropske institucije razumiju specifi\u010dnost transportnog sektora Zapadnog Balkana.<\/p>\n<p>I imamo pravo da to tra\u017eimo.<\/p><\/blockquote>\n<p><img loading=\"lazy\" decoding=\"async\" class=\"alignnone  wp-image-152212\" src=\"https:\/\/www.logistika.ba\/wp-content\/uploads\/2026\/09\/cisterne-300x169.jpg\" alt=\"\" width=\"605\" height=\"341\" srcset=\"https:\/\/www.logistika.ba\/wp-content\/uploads\/2026\/09\/cisterne-300x169.jpg 300w, https:\/\/www.logistika.ba\/wp-content\/uploads\/2026\/09\/cisterne-1024x576.jpg 1024w, https:\/\/www.logistika.ba\/wp-content\/uploads\/2026\/09\/cisterne-768x432.jpg 768w, https:\/\/www.logistika.ba\/wp-content\/uploads\/2026\/09\/cisterne-1536x864.jpg 1536w, https:\/\/www.logistika.ba\/wp-content\/uploads\/2026\/09\/cisterne.jpg 1600w\" sizes=\"auto, (max-width: 605px) 100vw, 605px\" \/><\/p>\n<p>Ali moramo postaviti i pitanje sebi:<\/p>\n<h3>KOLIKO SMO MI KREDIBILNI KADA NE REALIZUJEMO NI ONO \u0160TO SMO SAMI OBE\u0106ALI?<\/h3>\n<p>Ako dva premijera mogu razgovarati o jednom operativnom pitanju;<\/p>\n<blockquote>\n<ul>\n<li>ako direktori inspekcija mogu razgovarati;<\/li>\n<li>ako se mo\u017ee najaviti komisija;<\/li>\n<li>ako se mo\u017ee obe\u0107ati usagla\u0161avanje;<\/li>\n<li>a godinu dana kasnije na jednom grani\u010dnom prelazu sistem funkcioni\u0161e do 16.00, a na drugom do 20.00 ili du\u017ee \u2013<\/li>\n<li>onda problem vi\u0161e nije u tome da rje\u0161enje ne poznajemo.<\/li>\n<\/ul>\n<\/blockquote>\n<p><strong>Problem je \u0161to dogovoreno nismo sproveli.<\/strong><\/p>\n<p>I zato, prije nego \u0161to ponovo ka\u017eemo da neko u Briselu nema dovoljno razumijevanja za probleme na\u0161ih prevoznika, moramo pokazati da smo sposobni realizovati ono \u0161to zavisi isklju\u010divo od nas.<\/p>\n<h2>DOVOLJNO ZA PRVI DAN<\/h2>\n<blockquote><p>Danas ne\u0107emo otvarati ostala pitanja.\u00a0Ne\u0107emo govoriti o svim komisijama.Ne\u0107emo govoriti o svim obe\u0107anjima.Ne\u0107emo govoriti o svim tro\u0161kovima koje prevoznici i dalje nose.<\/p><\/blockquote>\n<p>Za <strong>Dan 1<\/strong> dovoljno je samo jedno:<\/p>\n<blockquote>\n<h3>01.09.2025. \u2013 OBE\u0106ANO JE USAGLA\u0160AVANJE RADNOG VREMENA.<\/h3>\n<h3>01.09.2026. \u2013 RADNO VRIJEME I DALJE NIJE USAGLA\u0160ENO.<\/h3>\n<\/blockquote>\n<p>Godina dana je bila sasvim dovoljno vremena.Zato danas ne tra\u017eimo novo obe\u0107anje.<\/p>\n<p><strong>Tra\u017eimo odgovor \u0161ta se dogodilo sa starim.<\/strong><\/p>\n<p>Sutra nastavljamo.<\/p>\n<p><strong>Novo pitanje. Novo obe\u0107anje. I ponovo samo dvije kolone: OBE\u0106ANO \u2013 REALIZOVANO.<\/strong><\/p>\n<h3>REDAKCIJA LOGISTIKA.ba<\/h3>\n<p><strong>OBE\u0106ANO \u2013 REALIZOVANO | DAN 1<\/strong><\/p>\n<h2>DO\u0110ETE U 16.05 \u2013 PROCEDURA PO\u010cINJE SUTRA<\/h2>\n<p>Najbolje se problem razumije kroz svakodnevnu situaciju profesionalnog voza\u010da.<\/p>\n<blockquote><p>Ako profesionalni voza\u010d sa teretnim vozilom stigne na grani\u010dni prelaz u <strong>16.05 \u010dasova<\/strong>, a postupak zavisi od inspekcijske slu\u017ebe \u010dije je radno vrijeme zavr\u0161eno u 16.00, za njega tog dana prakti\u010dno vi\u0161e nema procedure.\u00a0Mora stati.Mora \u010dekati.Mora organizovati svoje vrijeme vo\u017enje, pauze i odmore.Kamion ostaje.Roba ostaje.Kupac \u010deka.Prevoznik snosi tro\u0161ak.A postupak mo\u017ee po\u010deti tek <strong>narednog dana od 08.00 \u010dasova \u2013 i to ako sve bude funkcionisalo bez dodatnog zastoja.<\/strong>Dakle, nije rije\u010d o \u201e\u010detiri sata razlike\u201c izme\u0111u radnog vremena do 16.00 i radnog vremena do 20.00.Za profesionalnog voza\u010da koji do\u0111e samo <strong>pet minuta poslije 16.00<\/strong>, administrativna razlika mo\u017ee postati <strong>\u010dekanje od gotovo 16 sati do po\u010detka narednog radnog dana<\/strong>.<\/p><\/blockquote>\n<p>I upravo tu se vidi stvarna cijena neusagla\u0161enosti.Voza\u010d nije turista koji mo\u017ee odlu\u010diti da \u0107e sutra nastaviti put.Njegovo vrijeme je regulisano.Tahograf evidentira aktivnosti.Rok isporuke te\u010de.Vozilo ima svoj naredni transportni nalog.Kupac o\u010dekuje robu.Zato pitanje radnog vremena inspekcije nije pitanje komfora prevoznika.<strong>To je pitanje proto\u010dnosti grani\u010dnog prelaza, vremena profesionalnog voza\u010da, tro\u0161ka transporta i konkurentnosti cijelog lanca snabdijevanja.<\/strong><\/p>\n<p>I zato ponavljamo jednostavno pitanje:<\/p>\n<blockquote><p><strong>Ako smo prije godinu dana mogli usaglasiti da problem postoji, za\u0161to za godinu dana nismo mogli usaglasiti radno vrijeme?<\/strong><\/p><\/blockquote>\n","protected":false},"excerpt":{"rendered":"<p>01.09.2025 GODINE OBE\u0106ANO \u2013 REALIZOVANO | DAN 1: RADNO VRIJEME INSPEKCIJA Prevoznici su na\u0161i. Oni svakog jutra pokre\u0107u lance snabdijevanja Bosne i Hercegovine. Zato ih ne\u0107emo kritikovati. U narednim danima postavi\u0107emo mnogo jednostavnije pitanje: \u0161ta je nakon ranijih protesta obe\u0107ano doma\u0107im prevoznicima, a \u0161ta je od tih obe\u0107anja zaista realizovano? 1. SEPTEMBAR 2025: 36 SATI&hellip;<\/p>\n","protected":false},"author":2,"featured_media":91814,"comment_status":"closed","ping_status":"closed","sticky":false,"template":"","format":"standard","meta":{"footnotes":""},"categories":[564,526],"tags":[],"class_list":["post-152179","post","type-post","status-publish","format-standard","has-post-thumbnail","hentry","category-drumski-prevoz-robe-de","category-unkategorisiert","category-564","category-526","description-off"],"yoast_head":"<!-- This site is optimized with the Yoast SEO plugin v19.6 - https:\/\/yoast.com\/wordpress\/plugins\/seo\/ -->\n<title>KONZORCIJUM LOGISTIKA BOSNE I HERCEGVOINE: NE KRITIKUJMO \u2013 PITAJMO \u0160TA JE OD OBE\u0106ANOG ISPUNJENO? - Klaster Logistika<\/title>\n<meta name=\"robots\" content=\"index, follow, max-snippet:-1, max-image-preview:large, max-video-preview:-1\" \/>\n<link rel=\"canonical\" href=\"https:\/\/www.logistika.ba\/de\/konzorcijum-logistika-bosne-i-hercegvoine-ne-kritikujmo-prevoznike-pitajmo-sta-je-od-obecanog-ispunjeno\/\" \/>\n<meta property=\"og:locale\" content=\"de_DE\" \/>\n<meta property=\"og:type\" content=\"article\" \/>\n<meta property=\"og:title\" content=\"KONZORCIJUM LOGISTIKA BOSNE I HERCEGVOINE: NE KRITIKUJMO \u2013 PITAJMO \u0160TA JE OD OBE\u0106ANOG ISPUNJENO? - Klaster Logistika\" \/>\n<meta property=\"og:description\" content=\"01.09.2025 GODINE OBE\u0106ANO \u2013 REALIZOVANO | DAN 1: RADNO VRIJEME INSPEKCIJA Prevoznici su na\u0161i. Oni svakog jutra pokre\u0107u lance snabdijevanja Bosne i Hercegovine. Zato ih ne\u0107emo kritikovati. U narednim danima postavi\u0107emo mnogo jednostavnije pitanje: \u0161ta je nakon ranijih protesta obe\u0107ano doma\u0107im prevoznicima, a \u0161ta je od tih obe\u0107anja zaista realizovano? 1. SEPTEMBAR 2025: 36 SATI&hellip;\" \/>\n<meta property=\"og:url\" content=\"https:\/\/www.logistika.ba\/de\/konzorcijum-logistika-bosne-i-hercegvoine-ne-kritikujmo-prevoznike-pitajmo-sta-je-od-obecanog-ispunjeno\/\" \/>\n<meta property=\"og:site_name\" content=\"Klaster Logistika\" \/>\n<meta property=\"article:published_time\" content=\"2026-09-01T07:02:12+00:00\" \/>\n<meta property=\"article:modified_time\" content=\"2026-09-01T07:10:38+00:00\" \/>\n<meta property=\"og:image\" content=\"https:\/\/www.logistika.ba\/wp-content\/uploads\/2023\/01\/bih.jpg\" \/>\n\t<meta property=\"og:image:width\" content=\"307\" \/>\n\t<meta property=\"og:image:height\" content=\"248\" \/>\n\t<meta property=\"og:image:type\" content=\"image\/jpeg\" \/>\n<meta name=\"author\" content=\"Klaster Logistika\" \/>\n<meta name=\"twitter:card\" content=\"summary_large_image\" \/>\n<meta name=\"twitter:label1\" content=\"Verfasst von\" \/>\n\t<meta name=\"twitter:data1\" content=\"Klaster Logistika\" \/>\n\t<meta name=\"twitter:label2\" content=\"Gesch\u00e4tzte Lesezeit\" \/>\n\t<meta name=\"twitter:data2\" content=\"5\u00a0Minuten\" \/>\n<script type=\"application\/ld+json\" class=\"yoast-schema-graph\">{\"@context\":\"https:\/\/schema.org\",\"@graph\":[{\"@type\":\"WebPage\",\"@id\":\"https:\/\/www.logistika.ba\/de\/konzorcijum-logistika-bosne-i-hercegvoine-ne-kritikujmo-prevoznike-pitajmo-sta-je-od-obecanog-ispunjeno\/\",\"url\":\"https:\/\/www.logistika.ba\/de\/konzorcijum-logistika-bosne-i-hercegvoine-ne-kritikujmo-prevoznike-pitajmo-sta-je-od-obecanog-ispunjeno\/\",\"name\":\"KONZORCIJUM LOGISTIKA BOSNE I HERCEGVOINE: NE KRITIKUJMO \u2013 PITAJMO \u0160TA JE OD OBE\u0106ANOG ISPUNJENO? - Klaster Logistika\",\"isPartOf\":{\"@id\":\"https:\/\/www.logistika.ba\/#website\"},\"datePublished\":\"2026-09-01T07:02:12+00:00\",\"dateModified\":\"2026-09-01T07:10:38+00:00\",\"author\":{\"@id\":\"https:\/\/www.logistika.ba\/#\/schema\/person\/46ef21d9f81bfe4fd9b6a2013bae7314\"},\"breadcrumb\":{\"@id\":\"https:\/\/www.logistika.ba\/de\/konzorcijum-logistika-bosne-i-hercegvoine-ne-kritikujmo-prevoznike-pitajmo-sta-je-od-obecanog-ispunjeno\/#breadcrumb\"},\"inLanguage\":\"de\",\"potentialAction\":[{\"@type\":\"ReadAction\",\"target\":[\"https:\/\/www.logistika.ba\/de\/konzorcijum-logistika-bosne-i-hercegvoine-ne-kritikujmo-prevoznike-pitajmo-sta-je-od-obecanog-ispunjeno\/\"]}]},{\"@type\":\"BreadcrumbList\",\"@id\":\"https:\/\/www.logistika.ba\/de\/konzorcijum-logistika-bosne-i-hercegvoine-ne-kritikujmo-prevoznike-pitajmo-sta-je-od-obecanog-ispunjeno\/#breadcrumb\",\"itemListElement\":[{\"@type\":\"ListItem\",\"position\":1,\"name\":\"Home\",\"item\":\"https:\/\/www.logistika.ba\/de\/3-creative\/\"},{\"@type\":\"ListItem\",\"position\":2,\"name\":\"KONZORCIJUM LOGISTIKA BOSNE I HERCEGVOINE: NE KRITIKUJMO \u2013 PITAJMO \u0160TA JE OD OBE\u0106ANOG ISPUNJENO?\"}]},{\"@type\":\"WebSite\",\"@id\":\"https:\/\/www.logistika.ba\/#website\",\"url\":\"https:\/\/www.logistika.ba\/\",\"name\":\"Klaster Logistika\",\"description\":\"Okupljanje za uspje\u0161nije poslovanje\",\"potentialAction\":[{\"@type\":\"SearchAction\",\"target\":{\"@type\":\"EntryPoint\",\"urlTemplate\":\"https:\/\/www.logistika.ba\/?s={search_term_string}\"},\"query-input\":\"required name=search_term_string\"}],\"inLanguage\":\"de\"},{\"@type\":\"Person\",\"@id\":\"https:\/\/www.logistika.ba\/#\/schema\/person\/46ef21d9f81bfe4fd9b6a2013bae7314\",\"name\":\"Klaster Logistika\",\"url\":\"https:\/\/www.logistika.ba\/de\/author\/veliborp\/\"}]}<\/script>\n<!-- \/ Yoast SEO plugin. -->","yoast_head_json":{"title":"KONZORCIJUM LOGISTIKA BOSNE I HERCEGVOINE: NE KRITIKUJMO \u2013 PITAJMO \u0160TA JE OD OBE\u0106ANOG ISPUNJENO? - Klaster Logistika","robots":{"index":"index","follow":"follow","max-snippet":"max-snippet:-1","max-image-preview":"max-image-preview:large","max-video-preview":"max-video-preview:-1"},"canonical":"https:\/\/www.logistika.ba\/de\/konzorcijum-logistika-bosne-i-hercegvoine-ne-kritikujmo-prevoznike-pitajmo-sta-je-od-obecanog-ispunjeno\/","og_locale":"de_DE","og_type":"article","og_title":"KONZORCIJUM LOGISTIKA BOSNE I HERCEGVOINE: NE KRITIKUJMO \u2013 PITAJMO \u0160TA JE OD OBE\u0106ANOG ISPUNJENO? - Klaster Logistika","og_description":"01.09.2025 GODINE OBE\u0106ANO \u2013 REALIZOVANO | DAN 1: RADNO VRIJEME INSPEKCIJA Prevoznici su na\u0161i. Oni svakog jutra pokre\u0107u lance snabdijevanja Bosne i Hercegovine. Zato ih ne\u0107emo kritikovati. U narednim danima postavi\u0107emo mnogo jednostavnije pitanje: \u0161ta je nakon ranijih protesta obe\u0107ano doma\u0107im prevoznicima, a \u0161ta je od tih obe\u0107anja zaista realizovano? 1. SEPTEMBAR 2025: 36 SATI&hellip;","og_url":"https:\/\/www.logistika.ba\/de\/konzorcijum-logistika-bosne-i-hercegvoine-ne-kritikujmo-prevoznike-pitajmo-sta-je-od-obecanog-ispunjeno\/","og_site_name":"Klaster Logistika","article_published_time":"2026-09-01T07:02:12+00:00","article_modified_time":"2026-09-01T07:10:38+00:00","og_image":[{"width":307,"height":248,"url":"https:\/\/www.logistika.ba\/wp-content\/uploads\/2023\/01\/bih.jpg","type":"image\/jpeg"}],"author":"Klaster Logistika","twitter_card":"summary_large_image","twitter_misc":{"Verfasst von":"Klaster Logistika","Gesch\u00e4tzte Lesezeit":"5\u00a0Minuten"},"schema":{"@context":"https:\/\/schema.org","@graph":[{"@type":"WebPage","@id":"https:\/\/www.logistika.ba\/de\/konzorcijum-logistika-bosne-i-hercegvoine-ne-kritikujmo-prevoznike-pitajmo-sta-je-od-obecanog-ispunjeno\/","url":"https:\/\/www.logistika.ba\/de\/konzorcijum-logistika-bosne-i-hercegvoine-ne-kritikujmo-prevoznike-pitajmo-sta-je-od-obecanog-ispunjeno\/","name":"KONZORCIJUM LOGISTIKA BOSNE I HERCEGVOINE: NE KRITIKUJMO \u2013 PITAJMO \u0160TA JE OD OBE\u0106ANOG ISPUNJENO? - Klaster Logistika","isPartOf":{"@id":"https:\/\/www.logistika.ba\/#website"},"datePublished":"2026-09-01T07:02:12+00:00","dateModified":"2026-09-01T07:10:38+00:00","author":{"@id":"https:\/\/www.logistika.ba\/#\/schema\/person\/46ef21d9f81bfe4fd9b6a2013bae7314"},"breadcrumb":{"@id":"https:\/\/www.logistika.ba\/de\/konzorcijum-logistika-bosne-i-hercegvoine-ne-kritikujmo-prevoznike-pitajmo-sta-je-od-obecanog-ispunjeno\/#breadcrumb"},"inLanguage":"de","potentialAction":[{"@type":"ReadAction","target":["https:\/\/www.logistika.ba\/de\/konzorcijum-logistika-bosne-i-hercegvoine-ne-kritikujmo-prevoznike-pitajmo-sta-je-od-obecanog-ispunjeno\/"]}]},{"@type":"BreadcrumbList","@id":"https:\/\/www.logistika.ba\/de\/konzorcijum-logistika-bosne-i-hercegvoine-ne-kritikujmo-prevoznike-pitajmo-sta-je-od-obecanog-ispunjeno\/#breadcrumb","itemListElement":[{"@type":"ListItem","position":1,"name":"Home","item":"https:\/\/www.logistika.ba\/de\/3-creative\/"},{"@type":"ListItem","position":2,"name":"KONZORCIJUM LOGISTIKA BOSNE I HERCEGVOINE: NE KRITIKUJMO \u2013 PITAJMO \u0160TA JE OD OBE\u0106ANOG ISPUNJENO?"}]},{"@type":"WebSite","@id":"https:\/\/www.logistika.ba\/#website","url":"https:\/\/www.logistika.ba\/","name":"Klaster Logistika","description":"Okupljanje za uspje\u0161nije poslovanje","potentialAction":[{"@type":"SearchAction","target":{"@type":"EntryPoint","urlTemplate":"https:\/\/www.logistika.ba\/?s={search_term_string}"},"query-input":"required name=search_term_string"}],"inLanguage":"de"},{"@type":"Person","@id":"https:\/\/www.logistika.ba\/#\/schema\/person\/46ef21d9f81bfe4fd9b6a2013bae7314","name":"Klaster Logistika","url":"https:\/\/www.logistika.ba\/de\/author\/veliborp\/"}]}},"_links":{"self":[{"href":"https:\/\/www.logistika.ba\/de\/wp-json\/wp\/v2\/posts\/152179","targetHints":{"allow":["GET"]}}],"collection":[{"href":"https:\/\/www.logistika.ba\/de\/wp-json\/wp\/v2\/posts"}],"about":[{"href":"https:\/\/www.logistika.ba\/de\/wp-json\/wp\/v2\/types\/post"}],"author":[{"embeddable":true,"href":"https:\/\/www.logistika.ba\/de\/wp-json\/wp\/v2\/users\/2"}],"replies":[{"embeddable":true,"href":"https:\/\/www.logistika.ba\/de\/wp-json\/wp\/v2\/comments?post=152179"}],"version-history":[{"count":5,"href":"https:\/\/www.logistika.ba\/de\/wp-json\/wp\/v2\/posts\/152179\/revisions"}],"predecessor-version":[{"id":152221,"href":"https:\/\/www.logistika.ba\/de\/wp-json\/wp\/v2\/posts\/152179\/revisions\/152221"}],"wp:featuredmedia":[{"embeddable":true,"href":"https:\/\/www.logistika.ba\/de\/wp-json\/wp\/v2\/media\/91814"}],"wp:attachment":[{"href":"https:\/\/www.logistika.ba\/de\/wp-json\/wp\/v2\/media?parent=152179"}],"wp:term":[{"taxonomy":"category","embeddable":true,"href":"https:\/\/www.logistika.ba\/de\/wp-json\/wp\/v2\/categories?post=152179"},{"taxonomy":"post_tag","embeddable":true,"href":"https:\/\/www.logistika.ba\/de\/wp-json\/wp\/v2\/tags?post=152179"}],"curies":[{"name":"wp","href":"https:\/\/api.w.org\/{rel}","templated":true}]}}