{"id":142315,"date":"2025-06-25T10:04:46","date_gmt":"2025-06-25T10:04:46","guid":{"rendered":"https:\/\/www.logistika.ba\/starke-verkehrseinschrankungen-in-mont-blanc-und-frejus-tunnel-vrijeme-izvodjenja-radova-sredina-juna-pocetak-jula-2025\/"},"modified":"2025-06-25T10:05:36","modified_gmt":"2025-06-25T10:05:36","slug":"starke-verkehrseinschrankungen-in-mont-blanc-und-frejus-tunnel-vrijeme-izvodjenja-radova-sredina-juna-pocetak-jula-2025","status":"publish","type":"post","link":"https:\/\/www.logistika.ba\/en\/starke-verkehrseinschrankungen-in-mont-blanc-und-frejus-tunnel-vrijeme-izvodjenja-radova-sredina-juna-pocetak-jula-2025\/","title":{"rendered":"Starke Verkehrseinschr\u00e4nkungen in Mont-Blanc- und Fr\u00e9jus-Tunnel Vrijeme izvo\u0111enja radova: sredina juna \u2013 po\u010detak jula 2025."},"content":{"rendered":"<p data-start=\"264\" data-end=\"496\">Prevoznici na pravcu <strong data-start=\"285\" data-end=\"306\">Francuska\u2013Italija<\/strong> suo\u010davaju se s ozbiljnim ograni\u010denjima i potencijalnim ka\u0161njenjima zbog <strong data-start=\"379\" data-end=\"438\">no\u0107nih zatvaranja i regulacije jednosmjernog saobra\u0107aja<\/strong> u dva klju\u010dna alpska tunela: <strong data-start=\"468\" data-end=\"482\">Mont Blanc<\/strong> i <strong data-start=\"485\" data-end=\"495\">Fr\u00e9jus<\/strong>.<\/p>\n<h3 data-start=\"503\" data-end=\"541\">\ud83d\udd34 <strong data-start=\"510\" data-end=\"541\">Mont-Blanc tunel (GEIE-TMB)<\/strong><\/h3>\n<h4 data-start=\"542\" data-end=\"597\">\ud83d\udccc <strong data-start=\"550\" data-end=\"597\">Vollsperrung \/ Potpuna obustava saobra\u0107aja:<\/strong><\/h4>\n<ul data-start=\"598\" data-end=\"700\">\n<li data-start=\"598\" data-end=\"638\">\n<p data-start=\"600\" data-end=\"638\"><strong data-start=\"600\" data-end=\"638\">\u010cetvrtak, 26. juni (22:00 \u2013 06:00)<\/strong><\/p>\n<\/li>\n<li data-start=\"639\" data-end=\"700\">\n<p data-start=\"641\" data-end=\"700\"><strong data-start=\"641\" data-end=\"700\">Ponedjeljak, 30. juni (22:00) \u2013 utorak, 1. juli (06:00)<\/strong><\/p>\n<\/li>\n<\/ul>\n<h4 data-start=\"702\" data-end=\"770\">\ud83d\udd04 <strong data-start=\"710\" data-end=\"770\">Einbahnverkehr \/ Jednosmjerni saobra\u0107aj (22:30 \u2013 06:00):<\/strong><\/h4>\n<ul data-start=\"771\" data-end=\"825\">\n<li data-start=\"771\" data-end=\"825\">\n<p data-start=\"773\" data-end=\"825\">No\u0107i: <strong data-start=\"779\" data-end=\"795\">25.\/26. juni<\/strong>, <strong data-start=\"797\" data-end=\"825\">1.\/2., 2.\/3., 3.\/4. juli<\/strong><\/p>\n<\/li>\n<\/ul>\n<p data-start=\"827\" data-end=\"971\">\u27a1\ufe0f Saobra\u0107aj se reguli\u0161e svjetlosnim signalima i osobljem tunela. Posebno su <strong data-start=\"904\" data-end=\"923\">LKW (kamionski)<\/strong> transporti pogo\u0111eni, s mogu\u0107im du\u017eim \u010dekanjima.<\/p>\n<h3 data-start=\"978\" data-end=\"1009\">\ud83d\udfe0 <strong data-start=\"985\" data-end=\"1009\">Fr\u00e9jus tunel (SFTRF)<\/strong><\/h3>\n<h4 data-start=\"1010\" data-end=\"1066\">\ud83d\udd52 <strong data-start=\"1018\" data-end=\"1066\">No\u0107na regulacija smjera vo\u017enje \u2013 do 30. juna<\/strong><\/h4>\n<div class=\"_tableContainer_16hzy_1\">\n<div class=\"_tableWrapper_16hzy_14 group flex w-fit flex-col-reverse\" tabindex=\"-1\">\n<table class=\"w-fit min-w-(--thread-content-width)\" data-start=\"1068\" data-end=\"1469\">\n<thead data-start=\"1068\" data-end=\"1123\">\n<tr data-start=\"1068\" data-end=\"1123\">\n<th data-start=\"1068\" data-end=\"1078\" data-col-size=\"sm\">Vrijeme<\/th>\n<th data-start=\"1078\" data-end=\"1100\" data-col-size=\"sm\">Italija \u2192 Francuska<\/th>\n<th data-start=\"1100\" data-end=\"1123\" data-col-size=\"sm\">Francuska \u2192 Italija<\/th>\n<\/tr>\n<\/thead>\n<tbody data-start=\"1181\" data-end=\"1469\">\n<tr data-start=\"1181\" data-end=\"1222\">\n<td data-start=\"1181\" data-end=\"1197\" data-col-size=\"sm\">22:30 \u2013 23:15<\/td>\n<td data-col-size=\"sm\" data-start=\"1197\" data-end=\"1209\">Zatvoreno<\/td>\n<td data-col-size=\"sm\" data-start=\"1209\" data-end=\"1222\">Zatvoreno<\/td>\n<\/tr>\n<tr data-start=\"1223\" data-end=\"1263\">\n<td data-start=\"1223\" data-end=\"1239\" data-col-size=\"sm\">23:15 \u2013 23:55<\/td>\n<td data-col-size=\"sm\" data-start=\"1239\" data-end=\"1250\">Otvoreno<\/td>\n<td data-col-size=\"sm\" data-start=\"1250\" data-end=\"1263\">Zatvoreno<\/td>\n<\/tr>\n<tr data-start=\"1264\" data-end=\"1305\">\n<td data-start=\"1264\" data-end=\"1280\" data-col-size=\"sm\">00:10 \u2013 00:50<\/td>\n<td data-col-size=\"sm\" data-start=\"1280\" data-end=\"1292\">Zatvoreno<\/td>\n<td data-col-size=\"sm\" data-start=\"1292\" data-end=\"1305\">Zatvoreno<\/td>\n<\/tr>\n<tr data-start=\"1306\" data-end=\"1346\">\n<td data-start=\"1306\" data-end=\"1322\" data-col-size=\"sm\">01:05 \u2013 01:45<\/td>\n<td data-col-size=\"sm\" data-start=\"1322\" data-end=\"1333\">Otvoreno<\/td>\n<td data-col-size=\"sm\" data-start=\"1333\" data-end=\"1346\">Zatvoreno<\/td>\n<\/tr>\n<tr data-start=\"1347\" data-end=\"1387\">\n<td data-start=\"1347\" data-end=\"1363\" data-col-size=\"sm\">02:00 \u2013 02:40<\/td>\n<td data-col-size=\"sm\" data-start=\"1363\" data-end=\"1375\">Zatvoreno<\/td>\n<td data-col-size=\"sm\" data-start=\"1375\" data-end=\"1387\">Otvoreno<\/td>\n<\/tr>\n<tr data-start=\"1388\" data-end=\"1428\">\n<td data-start=\"1388\" data-end=\"1404\" data-col-size=\"sm\">02:55 \u2013 03:30<\/td>\n<td data-col-size=\"sm\" data-start=\"1404\" data-end=\"1415\">Otvoreno<\/td>\n<td data-col-size=\"sm\" data-start=\"1415\" data-end=\"1428\">Zatvoreno<\/td>\n<\/tr>\n<tr data-start=\"1429\" data-end=\"1469\">\n<td data-start=\"1429\" data-end=\"1445\" data-col-size=\"sm\">03:45 \u2013 04:15<\/td>\n<td data-col-size=\"sm\" data-start=\"1445\" data-end=\"1457\">Zatvoreno<\/td>\n<td data-col-size=\"sm\" data-start=\"1457\" data-end=\"1469\">Otvoreno<\/td>\n<\/tr>\n<\/tbody>\n<\/table>\n<div class=\"sticky end-(--thread-content-margin) h-0 self-end select-none\">\n<div class=\"absolute end-0 flex items-end\"><\/div>\n<\/div>\n<\/div>\n<\/div>\n<p data-start=\"1471\" data-end=\"1502\">\ud83d\udfe2 <strong data-start=\"1474\" data-end=\"1502\">Izuzeci bez ograni\u010denja:<\/strong><\/p>\n<ul data-start=\"1503\" data-end=\"1545\">\n<li data-start=\"1503\" data-end=\"1545\">\n<p data-start=\"1505\" data-end=\"1545\">No\u0107i <strong data-start=\"1510\" data-end=\"1526\">28.\/29. juni<\/strong> i <strong data-start=\"1529\" data-end=\"1545\">29.\/30. juni<\/strong><\/p>\n<\/li>\n<\/ul>\n<p data-start=\"1547\" data-end=\"1684\">\u2139\ufe0f Planovi se mogu mijenjati u kratkom roku \u2014 preporu\u010duje se provjera aktuelnih informacija na slu\u017ebenim web stranicama GEIE-TMB i SFTRF.<\/p>\n<h3 data-start=\"1691\" data-end=\"1726\">\ud83d\udd27 <strong data-start=\"1698\" data-end=\"1726\">Preporuka za prevoznike:<\/strong><\/h3>\n<ul data-start=\"1727\" data-end=\"1959\">\n<li data-start=\"1727\" data-end=\"1772\">\n<p data-start=\"1729\" data-end=\"1772\">Planirati rute i rokove isporuke s rezervom<\/p>\n<\/li>\n<li data-start=\"1773\" data-end=\"1829\">\n<p data-start=\"1775\" data-end=\"1829\">Uklju\u010diti informacije o mogu\u0107im ka\u0161njenjima klijentima<\/p>\n<\/li>\n<li data-start=\"1830\" data-end=\"1959\">\n<p data-start=\"1832\" data-end=\"1865\">Redovno provjeravati stanje na:<\/p>\n<ul data-start=\"1868\" data-end=\"1959\">\n<li data-start=\"1868\" data-end=\"1917\">\n<p data-start=\"1870\" data-end=\"1917\"><a class=\"\" href=\"https:\/\/www.tunnelmb.net\" target=\"_new\" rel=\"noopener\" data-start=\"1870\" data-end=\"1915\">Mont Blanc tunnel<\/a><\/p>\n<\/li>\n<li data-start=\"1920\" data-end=\"1959\">\n<p data-start=\"1922\" data-end=\"1959\"><a class=\"\" href=\"https:\/\/www.sftrf.fr\" target=\"_new\" rel=\"noopener\" data-start=\"1922\" data-end=\"1959\">Fr\u00e9jus tunnel<\/a><\/p>\n<\/li>\n<\/ul>\n<\/li>\n<\/ul>\n<p><img decoding=\"async\" src=\"https:\/\/cdn-trans.info\/uploads\/2022\/01\/cec63ada325c95acac5ecc1f1aa-e1712039153544.jpg\" \/><\/p>\n","protected":false},"excerpt":{"rendered":"<p>Prevoznici na pravcu Francuska\u2013Italija suo\u010davaju se s ozbiljnim ograni\u010denjima i potencijalnim ka\u0161njenjima zbog no\u0107nih zatvaranja i regulacije jednosmjernog saobra\u0107aja u dva klju\u010dna alpska tunela: Mont Blanc i Fr\u00e9jus. \ud83d\udd34 Mont-Blanc tunel (GEIE-TMB) \ud83d\udccc Vollsperrung \/ Potpuna obustava saobra\u0107aja: \u010cetvrtak, 26. juni (22:00 \u2013 06:00) Ponedjeljak, 30. juni (22:00) \u2013 utorak, 1. juli (06:00) \ud83d\udd04 Einbahnverkehr&hellip;<\/p>\n","protected":false},"author":2,"featured_media":86707,"comment_status":"closed","ping_status":"closed","sticky":false,"template":"","format":"standard","meta":{"footnotes":""},"categories":[563,525],"tags":[],"class_list":["post-142315","post","type-post","status-publish","format-standard","has-post-thumbnail","hentry","category-drumski-prevoz-robe-en","category-uncategorized","category-563","category-525","description-off"],"yoast_head":"<!-- This site is optimized with the Yoast SEO plugin v19.6 - https:\/\/yoast.com\/wordpress\/plugins\/seo\/ -->\n<title>Starke Verkehrseinschr\u00e4nkungen in Mont-Blanc- und Fr\u00e9jus-Tunnel Vrijeme izvo\u0111enja radova: sredina juna \u2013 po\u010detak jula 2025. - Klaster Logistika<\/title>\n<meta name=\"robots\" content=\"index, follow, max-snippet:-1, max-image-preview:large, max-video-preview:-1\" \/>\n<link rel=\"canonical\" href=\"https:\/\/www.logistika.ba\/en\/starke-verkehrseinschrankungen-in-mont-blanc-und-frejus-tunnel-vrijeme-izvodjenja-radova-sredina-juna-pocetak-jula-2025\/\" \/>\n<meta property=\"og:locale\" content=\"en_US\" \/>\n<meta property=\"og:type\" content=\"article\" \/>\n<meta property=\"og:title\" content=\"Starke Verkehrseinschr\u00e4nkungen in Mont-Blanc- und Fr\u00e9jus-Tunnel Vrijeme izvo\u0111enja radova: sredina juna \u2013 po\u010detak jula 2025. - Klaster Logistika\" \/>\n<meta property=\"og:description\" content=\"Prevoznici na pravcu Francuska\u2013Italija suo\u010davaju se s ozbiljnim ograni\u010denjima i potencijalnim ka\u0161njenjima zbog no\u0107nih zatvaranja i regulacije jednosmjernog saobra\u0107aja u dva klju\u010dna alpska tunela: Mont Blanc i Fr\u00e9jus. \ud83d\udd34 Mont-Blanc tunel (GEIE-TMB) \ud83d\udccc Vollsperrung \/ Potpuna obustava saobra\u0107aja: \u010cetvrtak, 26. juni (22:00 \u2013 06:00) Ponedjeljak, 30. juni (22:00) \u2013 utorak, 1. juli (06:00) \ud83d\udd04 Einbahnverkehr&hellip;\" \/>\n<meta property=\"og:url\" content=\"https:\/\/www.logistika.ba\/en\/starke-verkehrseinschrankungen-in-mont-blanc-und-frejus-tunnel-vrijeme-izvodjenja-radova-sredina-juna-pocetak-jula-2025\/\" \/>\n<meta property=\"og:site_name\" content=\"Klaster Logistika\" \/>\n<meta property=\"article:published_time\" content=\"2025-06-25T10:04:46+00:00\" \/>\n<meta property=\"article:modified_time\" content=\"2025-06-25T10:05:36+00:00\" \/>\n<meta property=\"og:image\" content=\"https:\/\/cdn-trans.info\/uploads\/2022\/01\/cec63ada325c95acac5ecc1f1aa-e1712039153544.jpg\" \/>\n<meta name=\"author\" content=\"Klaster Logistika\" \/>\n<meta name=\"twitter:card\" content=\"summary_large_image\" \/>\n<meta name=\"twitter:label1\" content=\"Written by\" \/>\n\t<meta name=\"twitter:data1\" content=\"Klaster Logistika\" \/>\n\t<meta name=\"twitter:label2\" content=\"Est. reading time\" \/>\n\t<meta name=\"twitter:data2\" content=\"1 minute\" \/>\n<script type=\"application\/ld+json\" class=\"yoast-schema-graph\">{\"@context\":\"https:\/\/schema.org\",\"@graph\":[{\"@type\":\"WebPage\",\"@id\":\"https:\/\/www.logistika.ba\/en\/starke-verkehrseinschrankungen-in-mont-blanc-und-frejus-tunnel-vrijeme-izvodjenja-radova-sredina-juna-pocetak-jula-2025\/\",\"url\":\"https:\/\/www.logistika.ba\/en\/starke-verkehrseinschrankungen-in-mont-blanc-und-frejus-tunnel-vrijeme-izvodjenja-radova-sredina-juna-pocetak-jula-2025\/\",\"name\":\"Starke Verkehrseinschr\u00e4nkungen in Mont-Blanc- und Fr\u00e9jus-Tunnel Vrijeme izvo\u0111enja radova: sredina juna \u2013 po\u010detak jula 2025. - Klaster Logistika\",\"isPartOf\":{\"@id\":\"https:\/\/www.logistika.ba\/#website\"},\"datePublished\":\"2025-06-25T10:04:46+00:00\",\"dateModified\":\"2025-06-25T10:05:36+00:00\",\"author\":{\"@id\":\"https:\/\/www.logistika.ba\/#\/schema\/person\/46ef21d9f81bfe4fd9b6a2013bae7314\"},\"breadcrumb\":{\"@id\":\"https:\/\/www.logistika.ba\/en\/starke-verkehrseinschrankungen-in-mont-blanc-und-frejus-tunnel-vrijeme-izvodjenja-radova-sredina-juna-pocetak-jula-2025\/#breadcrumb\"},\"inLanguage\":\"en-US\",\"potentialAction\":[{\"@type\":\"ReadAction\",\"target\":[\"https:\/\/www.logistika.ba\/en\/starke-verkehrseinschrankungen-in-mont-blanc-und-frejus-tunnel-vrijeme-izvodjenja-radova-sredina-juna-pocetak-jula-2025\/\"]}]},{\"@type\":\"BreadcrumbList\",\"@id\":\"https:\/\/www.logistika.ba\/en\/starke-verkehrseinschrankungen-in-mont-blanc-und-frejus-tunnel-vrijeme-izvodjenja-radova-sredina-juna-pocetak-jula-2025\/#breadcrumb\",\"itemListElement\":[{\"@type\":\"ListItem\",\"position\":1,\"name\":\"Home\",\"item\":\"https:\/\/www.logistika.ba\/en\/\"},{\"@type\":\"ListItem\",\"position\":2,\"name\":\"Starke Verkehrseinschr\u00e4nkungen in Mont-Blanc- und Fr\u00e9jus-Tunnel Vrijeme izvo\u0111enja radova: sredina juna \u2013 po\u010detak jula 2025.\"}]},{\"@type\":\"WebSite\",\"@id\":\"https:\/\/www.logistika.ba\/#website\",\"url\":\"https:\/\/www.logistika.ba\/\",\"name\":\"Klaster Logistika\",\"description\":\"Okupljanje za uspje\u0161nije poslovanje\",\"potentialAction\":[{\"@type\":\"SearchAction\",\"target\":{\"@type\":\"EntryPoint\",\"urlTemplate\":\"https:\/\/www.logistika.ba\/?s={search_term_string}\"},\"query-input\":\"required name=search_term_string\"}],\"inLanguage\":\"en-US\"},{\"@type\":\"Person\",\"@id\":\"https:\/\/www.logistika.ba\/#\/schema\/person\/46ef21d9f81bfe4fd9b6a2013bae7314\",\"name\":\"Klaster Logistika\",\"url\":\"https:\/\/www.logistika.ba\/en\/author\/veliborp\/\"}]}<\/script>\n<!-- \/ Yoast SEO plugin. -->","yoast_head_json":{"title":"Starke Verkehrseinschr\u00e4nkungen in Mont-Blanc- und Fr\u00e9jus-Tunnel Vrijeme izvo\u0111enja radova: sredina juna \u2013 po\u010detak jula 2025. - Klaster Logistika","robots":{"index":"index","follow":"follow","max-snippet":"max-snippet:-1","max-image-preview":"max-image-preview:large","max-video-preview":"max-video-preview:-1"},"canonical":"https:\/\/www.logistika.ba\/en\/starke-verkehrseinschrankungen-in-mont-blanc-und-frejus-tunnel-vrijeme-izvodjenja-radova-sredina-juna-pocetak-jula-2025\/","og_locale":"en_US","og_type":"article","og_title":"Starke Verkehrseinschr\u00e4nkungen in Mont-Blanc- und Fr\u00e9jus-Tunnel Vrijeme izvo\u0111enja radova: sredina juna \u2013 po\u010detak jula 2025. - Klaster Logistika","og_description":"Prevoznici na pravcu Francuska\u2013Italija suo\u010davaju se s ozbiljnim ograni\u010denjima i potencijalnim ka\u0161njenjima zbog no\u0107nih zatvaranja i regulacije jednosmjernog saobra\u0107aja u dva klju\u010dna alpska tunela: Mont Blanc i Fr\u00e9jus. \ud83d\udd34 Mont-Blanc tunel (GEIE-TMB) \ud83d\udccc Vollsperrung \/ Potpuna obustava saobra\u0107aja: \u010cetvrtak, 26. juni (22:00 \u2013 06:00) Ponedjeljak, 30. juni (22:00) \u2013 utorak, 1. juli (06:00) \ud83d\udd04 Einbahnverkehr&hellip;","og_url":"https:\/\/www.logistika.ba\/en\/starke-verkehrseinschrankungen-in-mont-blanc-und-frejus-tunnel-vrijeme-izvodjenja-radova-sredina-juna-pocetak-jula-2025\/","og_site_name":"Klaster Logistika","article_published_time":"2025-06-25T10:04:46+00:00","article_modified_time":"2025-06-25T10:05:36+00:00","og_image":[{"url":"https:\/\/cdn-trans.info\/uploads\/2022\/01\/cec63ada325c95acac5ecc1f1aa-e1712039153544.jpg"}],"author":"Klaster Logistika","twitter_card":"summary_large_image","twitter_misc":{"Written by":"Klaster Logistika","Est. reading time":"1 minute"},"schema":{"@context":"https:\/\/schema.org","@graph":[{"@type":"WebPage","@id":"https:\/\/www.logistika.ba\/en\/starke-verkehrseinschrankungen-in-mont-blanc-und-frejus-tunnel-vrijeme-izvodjenja-radova-sredina-juna-pocetak-jula-2025\/","url":"https:\/\/www.logistika.ba\/en\/starke-verkehrseinschrankungen-in-mont-blanc-und-frejus-tunnel-vrijeme-izvodjenja-radova-sredina-juna-pocetak-jula-2025\/","name":"Starke Verkehrseinschr\u00e4nkungen in Mont-Blanc- und Fr\u00e9jus-Tunnel Vrijeme izvo\u0111enja radova: sredina juna \u2013 po\u010detak jula 2025. - Klaster Logistika","isPartOf":{"@id":"https:\/\/www.logistika.ba\/#website"},"datePublished":"2025-06-25T10:04:46+00:00","dateModified":"2025-06-25T10:05:36+00:00","author":{"@id":"https:\/\/www.logistika.ba\/#\/schema\/person\/46ef21d9f81bfe4fd9b6a2013bae7314"},"breadcrumb":{"@id":"https:\/\/www.logistika.ba\/en\/starke-verkehrseinschrankungen-in-mont-blanc-und-frejus-tunnel-vrijeme-izvodjenja-radova-sredina-juna-pocetak-jula-2025\/#breadcrumb"},"inLanguage":"en-US","potentialAction":[{"@type":"ReadAction","target":["https:\/\/www.logistika.ba\/en\/starke-verkehrseinschrankungen-in-mont-blanc-und-frejus-tunnel-vrijeme-izvodjenja-radova-sredina-juna-pocetak-jula-2025\/"]}]},{"@type":"BreadcrumbList","@id":"https:\/\/www.logistika.ba\/en\/starke-verkehrseinschrankungen-in-mont-blanc-und-frejus-tunnel-vrijeme-izvodjenja-radova-sredina-juna-pocetak-jula-2025\/#breadcrumb","itemListElement":[{"@type":"ListItem","position":1,"name":"Home","item":"https:\/\/www.logistika.ba\/en\/"},{"@type":"ListItem","position":2,"name":"Starke Verkehrseinschr\u00e4nkungen in Mont-Blanc- und Fr\u00e9jus-Tunnel Vrijeme izvo\u0111enja radova: sredina juna \u2013 po\u010detak jula 2025."}]},{"@type":"WebSite","@id":"https:\/\/www.logistika.ba\/#website","url":"https:\/\/www.logistika.ba\/","name":"Klaster Logistika","description":"Okupljanje za uspje\u0161nije poslovanje","potentialAction":[{"@type":"SearchAction","target":{"@type":"EntryPoint","urlTemplate":"https:\/\/www.logistika.ba\/?s={search_term_string}"},"query-input":"required name=search_term_string"}],"inLanguage":"en-US"},{"@type":"Person","@id":"https:\/\/www.logistika.ba\/#\/schema\/person\/46ef21d9f81bfe4fd9b6a2013bae7314","name":"Klaster Logistika","url":"https:\/\/www.logistika.ba\/en\/author\/veliborp\/"}]}},"_links":{"self":[{"href":"https:\/\/www.logistika.ba\/en\/wp-json\/wp\/v2\/posts\/142315","targetHints":{"allow":["GET"]}}],"collection":[{"href":"https:\/\/www.logistika.ba\/en\/wp-json\/wp\/v2\/posts"}],"about":[{"href":"https:\/\/www.logistika.ba\/en\/wp-json\/wp\/v2\/types\/post"}],"author":[{"embeddable":true,"href":"https:\/\/www.logistika.ba\/en\/wp-json\/wp\/v2\/users\/2"}],"replies":[{"embeddable":true,"href":"https:\/\/www.logistika.ba\/en\/wp-json\/wp\/v2\/comments?post=142315"}],"version-history":[{"count":1,"href":"https:\/\/www.logistika.ba\/en\/wp-json\/wp\/v2\/posts\/142315\/revisions"}],"predecessor-version":[{"id":142321,"href":"https:\/\/www.logistika.ba\/en\/wp-json\/wp\/v2\/posts\/142315\/revisions\/142321"}],"wp:featuredmedia":[{"embeddable":true,"href":"https:\/\/www.logistika.ba\/en\/wp-json\/wp\/v2\/media\/86707"}],"wp:attachment":[{"href":"https:\/\/www.logistika.ba\/en\/wp-json\/wp\/v2\/media?parent=142315"}],"wp:term":[{"taxonomy":"category","embeddable":true,"href":"https:\/\/www.logistika.ba\/en\/wp-json\/wp\/v2\/categories?post=142315"},{"taxonomy":"post_tag","embeddable":true,"href":"https:\/\/www.logistika.ba\/en\/wp-json\/wp\/v2\/tags?post=142315"}],"curies":[{"name":"wp","href":"https:\/\/api.w.org\/{rel}","templated":true}]}}