{"id":115744,"date":"2023-09-01T10:41:35","date_gmt":"2023-09-01T10:41:35","guid":{"rendered":"https:\/\/www.logistika.ba\/bosna-i-hercegovine-granicni-prelazi-za-prevoz-oruzja-i-vojne-opreme-opasnih-eksplozivnih-i-radioaktivnih-materijala\/"},"modified":"2023-09-01T10:48:29","modified_gmt":"2023-09-01T10:48:29","slug":"bosna-i-hercegovine-granicni-prelazi-za-prevoz-oruzja-i-vojne-opreme-opasnih-eksplozivnih-i-radioaktivnih-materijala","status":"publish","type":"post","link":"https:\/\/www.logistika.ba\/hr\/bosna-i-hercegovine-granicni-prelazi-za-prevoz-oruzja-i-vojne-opreme-opasnih-eksplozivnih-i-radioaktivnih-materijala\/","title":{"rendered":"BOSNA I HERCEGOVINA: GRANI\u010cNI PRELAZI ZA PREVOZ ORU\u017dJA I VOJNE OPREME, OPASNIH, EKSPLOZIVNIH I RADIOAKTIVNIH MATERIJALA"},"content":{"rendered":"<div>Vije\u0107e ministara BiH, na 21. redovnoj sjednici Vije\u0107a ministara Bosne i Hercegovine 31.08.2023.na prijedlog Ministarstva sigurnosti BiH, donijelo je Odluku o odre\u0111ivanju me\u0111unarodnih grani\u010dnih prelaza za prevoz oru\u017eja i vojne opreme, opasnih, eksplozivnih i radioaktivnih materijala i robe dvojne namjene.<\/div>\n<div><\/div>\n<blockquote>\n<div>Odlukom su za uvoz, izvoz i tranzit ovih roba odre\u0111eni me\u0111unarodni grani\u010dni prelazi u cestovnom prevozu (Doljani, Bija\u010da, Kamensko, Iza\u010di\u0107, Gradina, Gradi\u0161ka, Brod, Ora\u0161je, Ra\u010da, Vardi\u0161te i Klobuk), u zra\u010dnom prevozu (aerodromi Sarajevo, Mostar, Banjaluka i Tuzla) te u \u017eeljezni\u010dkom prevozu (Br\u010dko, \u0160amac, \u010capljina, Martin Brod i Zvornik).<\/div>\n<\/blockquote>\n<div><\/div>\n<blockquote>\n<div>Precizirano je da \u0107e se prevoz roba preko me\u0111unarodnog grani\u010dnog prelaza \u201eBrod\u201c vr\u0161iti u periodu od 22.00 do 6.00 sati, i to samo za izvoz i uvoz te\u010dnih naftnih derivata, te\u010dnog naftnog gasa, naftnog bitumena i te\u010dnog i granuliranog sumpora. Prevoz preko me\u0111unarodnog grani\u010dnog prelaza \u201eGradi\u0161ka\u201c vr\u0161it \u0107e se radnim danima u periodu od 22.00 do 6.00 sati.<\/div>\n<\/blockquote>\n<div><\/div>\n<div>Odluka \u0107e stupiti na snagu osmog dana od dana objavljivanja u Slu\u017ebenom glasniku BiH i tada \u0107e prestati va\u017eiti prethodna Odluka o odre\u0111ivanju me\u0111unarodnih grani\u010dnih prelaza za prijevoz oru\u017eja i vojne opreme, opasnih, eksplozivnih i radioaktivnih materija i robe dvojne namjene.<\/div>\n<div><\/div>\n<div><\/div>\n","protected":false},"excerpt":{"rendered":"<p>Vije\u0107e ministara BiH, na 21. redovnoj sjednici Vije\u0107a ministara Bosne i Hercegovine 31.08.2023.na prijedlog Ministarstva sigurnosti BiH, donijelo je Odluku o odre\u0111ivanju me\u0111unarodnih grani\u010dnih prelaza za prevoz oru\u017eja i vojne opreme, opasnih, eksplozivnih i radioaktivnih materijala i robe dvojne namjene. Odlukom su za uvoz, izvoz i tranzit ovih roba odre\u0111eni me\u0111unarodni grani\u010dni prelazi u cestovnom&hellip;<\/p>\n","protected":false},"author":2,"featured_media":74772,"comment_status":"closed","ping_status":"closed","sticky":false,"template":"","format":"standard","meta":{"footnotes":""},"categories":[562,524],"tags":[],"class_list":["post-115744","post","type-post","status-publish","format-standard","has-post-thumbnail","hentry","category-drumski-prevoz-robe-hr","category-uncategorized-hr","category-562","category-524","description-off"],"yoast_head":"<!-- This site is optimized with the Yoast SEO plugin v19.6 - https:\/\/yoast.com\/wordpress\/plugins\/seo\/ -->\n<title>BOSNA I HERCEGOVINA: GRANI\u010cNI PRELAZI ZA PREVOZ ORU\u017dJA I VOJNE OPREME, OPASNIH, EKSPLOZIVNIH I RADIOAKTIVNIH MATERIJALA - Klaster Logistika<\/title>\n<meta name=\"robots\" content=\"index, follow, max-snippet:-1, max-image-preview:large, max-video-preview:-1\" \/>\n<link rel=\"canonical\" href=\"https:\/\/www.logistika.ba\/hr\/bosna-i-hercegovine-granicni-prelazi-za-prevoz-oruzja-i-vojne-opreme-opasnih-eksplozivnih-i-radioaktivnih-materijala\/\" \/>\n<meta property=\"og:locale\" content=\"hr_HR\" \/>\n<meta property=\"og:type\" content=\"article\" \/>\n<meta property=\"og:title\" content=\"BOSNA I HERCEGOVINA: GRANI\u010cNI PRELAZI ZA PREVOZ ORU\u017dJA I VOJNE OPREME, OPASNIH, EKSPLOZIVNIH I RADIOAKTIVNIH MATERIJALA - Klaster Logistika\" \/>\n<meta property=\"og:description\" content=\"Vije\u0107e ministara BiH, na 21. redovnoj sjednici Vije\u0107a ministara Bosne i Hercegovine 31.08.2023.na prijedlog Ministarstva sigurnosti BiH, donijelo je Odluku o odre\u0111ivanju me\u0111unarodnih grani\u010dnih prelaza za prevoz oru\u017eja i vojne opreme, opasnih, eksplozivnih i radioaktivnih materijala i robe dvojne namjene. Odlukom su za uvoz, izvoz i tranzit ovih roba odre\u0111eni me\u0111unarodni grani\u010dni prelazi u cestovnom&hellip;\" \/>\n<meta property=\"og:url\" content=\"https:\/\/www.logistika.ba\/hr\/bosna-i-hercegovine-granicni-prelazi-za-prevoz-oruzja-i-vojne-opreme-opasnih-eksplozivnih-i-radioaktivnih-materijala\/\" \/>\n<meta property=\"og:site_name\" content=\"Klaster Logistika\" \/>\n<meta property=\"article:published_time\" content=\"2023-09-01T10:41:35+00:00\" \/>\n<meta property=\"article:modified_time\" content=\"2023-09-01T10:48:29+00:00\" \/>\n<meta property=\"og:image\" content=\"https:\/\/www.logistika.ba\/wp-content\/uploads\/2022\/10\/bih.jpg\" \/>\n\t<meta property=\"og:image:width\" content=\"307\" \/>\n\t<meta property=\"og:image:height\" content=\"248\" \/>\n\t<meta property=\"og:image:type\" content=\"image\/jpeg\" \/>\n<meta name=\"author\" content=\"Klaster Logistika\" \/>\n<meta name=\"twitter:card\" content=\"summary_large_image\" \/>\n<meta name=\"twitter:label1\" content=\"Napisao\/la\" \/>\n\t<meta name=\"twitter:data1\" content=\"Klaster Logistika\" \/>\n\t<meta name=\"twitter:label2\" content=\"Procijenjeno vrijeme \u010ditanja\" \/>\n\t<meta name=\"twitter:data2\" content=\"1 minuta\" \/>\n<script type=\"application\/ld+json\" class=\"yoast-schema-graph\">{\"@context\":\"https:\/\/schema.org\",\"@graph\":[{\"@type\":\"WebPage\",\"@id\":\"https:\/\/www.logistika.ba\/hr\/bosna-i-hercegovine-granicni-prelazi-za-prevoz-oruzja-i-vojne-opreme-opasnih-eksplozivnih-i-radioaktivnih-materijala\/\",\"url\":\"https:\/\/www.logistika.ba\/hr\/bosna-i-hercegovine-granicni-prelazi-za-prevoz-oruzja-i-vojne-opreme-opasnih-eksplozivnih-i-radioaktivnih-materijala\/\",\"name\":\"BOSNA I HERCEGOVINA: GRANI\u010cNI PRELAZI ZA PREVOZ ORU\u017dJA I VOJNE OPREME, OPASNIH, EKSPLOZIVNIH I RADIOAKTIVNIH MATERIJALA - Klaster Logistika\",\"isPartOf\":{\"@id\":\"https:\/\/www.logistika.ba\/#website\"},\"datePublished\":\"2023-09-01T10:41:35+00:00\",\"dateModified\":\"2023-09-01T10:48:29+00:00\",\"author\":{\"@id\":\"https:\/\/www.logistika.ba\/#\/schema\/person\/46ef21d9f81bfe4fd9b6a2013bae7314\"},\"breadcrumb\":{\"@id\":\"https:\/\/www.logistika.ba\/hr\/bosna-i-hercegovine-granicni-prelazi-za-prevoz-oruzja-i-vojne-opreme-opasnih-eksplozivnih-i-radioaktivnih-materijala\/#breadcrumb\"},\"inLanguage\":\"hr\",\"potentialAction\":[{\"@type\":\"ReadAction\",\"target\":[\"https:\/\/www.logistika.ba\/hr\/bosna-i-hercegovine-granicni-prelazi-za-prevoz-oruzja-i-vojne-opreme-opasnih-eksplozivnih-i-radioaktivnih-materijala\/\"]}]},{\"@type\":\"BreadcrumbList\",\"@id\":\"https:\/\/www.logistika.ba\/hr\/bosna-i-hercegovine-granicni-prelazi-za-prevoz-oruzja-i-vojne-opreme-opasnih-eksplozivnih-i-radioaktivnih-materijala\/#breadcrumb\",\"itemListElement\":[{\"@type\":\"ListItem\",\"position\":1,\"name\":\"Home\",\"item\":\"https:\/\/www.logistika.ba\/hr\/3-creative\/\"},{\"@type\":\"ListItem\",\"position\":2,\"name\":\"BOSNA I HERCEGOVINA: GRANI\u010cNI PRELAZI ZA PREVOZ ORU\u017dJA I VOJNE OPREME, OPASNIH, EKSPLOZIVNIH I RADIOAKTIVNIH MATERIJALA\"}]},{\"@type\":\"WebSite\",\"@id\":\"https:\/\/www.logistika.ba\/#website\",\"url\":\"https:\/\/www.logistika.ba\/\",\"name\":\"Klaster Logistika\",\"description\":\"Okupljanje za uspje\u0161nije poslovanje\",\"potentialAction\":[{\"@type\":\"SearchAction\",\"target\":{\"@type\":\"EntryPoint\",\"urlTemplate\":\"https:\/\/www.logistika.ba\/?s={search_term_string}\"},\"query-input\":\"required name=search_term_string\"}],\"inLanguage\":\"hr\"},{\"@type\":\"Person\",\"@id\":\"https:\/\/www.logistika.ba\/#\/schema\/person\/46ef21d9f81bfe4fd9b6a2013bae7314\",\"name\":\"Klaster Logistika\",\"url\":\"https:\/\/www.logistika.ba\/hr\/author\/veliborp\/\"}]}<\/script>\n<!-- \/ Yoast SEO plugin. -->","yoast_head_json":{"title":"BOSNA I HERCEGOVINA: GRANI\u010cNI PRELAZI ZA PREVOZ ORU\u017dJA I VOJNE OPREME, OPASNIH, EKSPLOZIVNIH I RADIOAKTIVNIH MATERIJALA - Klaster Logistika","robots":{"index":"index","follow":"follow","max-snippet":"max-snippet:-1","max-image-preview":"max-image-preview:large","max-video-preview":"max-video-preview:-1"},"canonical":"https:\/\/www.logistika.ba\/hr\/bosna-i-hercegovine-granicni-prelazi-za-prevoz-oruzja-i-vojne-opreme-opasnih-eksplozivnih-i-radioaktivnih-materijala\/","og_locale":"hr_HR","og_type":"article","og_title":"BOSNA I HERCEGOVINA: GRANI\u010cNI PRELAZI ZA PREVOZ ORU\u017dJA I VOJNE OPREME, OPASNIH, EKSPLOZIVNIH I RADIOAKTIVNIH MATERIJALA - Klaster Logistika","og_description":"Vije\u0107e ministara BiH, na 21. redovnoj sjednici Vije\u0107a ministara Bosne i Hercegovine 31.08.2023.na prijedlog Ministarstva sigurnosti BiH, donijelo je Odluku o odre\u0111ivanju me\u0111unarodnih grani\u010dnih prelaza za prevoz oru\u017eja i vojne opreme, opasnih, eksplozivnih i radioaktivnih materijala i robe dvojne namjene. Odlukom su za uvoz, izvoz i tranzit ovih roba odre\u0111eni me\u0111unarodni grani\u010dni prelazi u cestovnom&hellip;","og_url":"https:\/\/www.logistika.ba\/hr\/bosna-i-hercegovine-granicni-prelazi-za-prevoz-oruzja-i-vojne-opreme-opasnih-eksplozivnih-i-radioaktivnih-materijala\/","og_site_name":"Klaster Logistika","article_published_time":"2023-09-01T10:41:35+00:00","article_modified_time":"2023-09-01T10:48:29+00:00","og_image":[{"width":307,"height":248,"url":"https:\/\/www.logistika.ba\/wp-content\/uploads\/2022\/10\/bih.jpg","type":"image\/jpeg"}],"author":"Klaster Logistika","twitter_card":"summary_large_image","twitter_misc":{"Napisao\/la":"Klaster Logistika","Procijenjeno vrijeme \u010ditanja":"1 minuta"},"schema":{"@context":"https:\/\/schema.org","@graph":[{"@type":"WebPage","@id":"https:\/\/www.logistika.ba\/hr\/bosna-i-hercegovine-granicni-prelazi-za-prevoz-oruzja-i-vojne-opreme-opasnih-eksplozivnih-i-radioaktivnih-materijala\/","url":"https:\/\/www.logistika.ba\/hr\/bosna-i-hercegovine-granicni-prelazi-za-prevoz-oruzja-i-vojne-opreme-opasnih-eksplozivnih-i-radioaktivnih-materijala\/","name":"BOSNA I HERCEGOVINA: GRANI\u010cNI PRELAZI ZA PREVOZ ORU\u017dJA I VOJNE OPREME, OPASNIH, EKSPLOZIVNIH I RADIOAKTIVNIH MATERIJALA - Klaster Logistika","isPartOf":{"@id":"https:\/\/www.logistika.ba\/#website"},"datePublished":"2023-09-01T10:41:35+00:00","dateModified":"2023-09-01T10:48:29+00:00","author":{"@id":"https:\/\/www.logistika.ba\/#\/schema\/person\/46ef21d9f81bfe4fd9b6a2013bae7314"},"breadcrumb":{"@id":"https:\/\/www.logistika.ba\/hr\/bosna-i-hercegovine-granicni-prelazi-za-prevoz-oruzja-i-vojne-opreme-opasnih-eksplozivnih-i-radioaktivnih-materijala\/#breadcrumb"},"inLanguage":"hr","potentialAction":[{"@type":"ReadAction","target":["https:\/\/www.logistika.ba\/hr\/bosna-i-hercegovine-granicni-prelazi-za-prevoz-oruzja-i-vojne-opreme-opasnih-eksplozivnih-i-radioaktivnih-materijala\/"]}]},{"@type":"BreadcrumbList","@id":"https:\/\/www.logistika.ba\/hr\/bosna-i-hercegovine-granicni-prelazi-za-prevoz-oruzja-i-vojne-opreme-opasnih-eksplozivnih-i-radioaktivnih-materijala\/#breadcrumb","itemListElement":[{"@type":"ListItem","position":1,"name":"Home","item":"https:\/\/www.logistika.ba\/hr\/3-creative\/"},{"@type":"ListItem","position":2,"name":"BOSNA I HERCEGOVINA: GRANI\u010cNI PRELAZI ZA PREVOZ ORU\u017dJA I VOJNE OPREME, OPASNIH, EKSPLOZIVNIH I RADIOAKTIVNIH MATERIJALA"}]},{"@type":"WebSite","@id":"https:\/\/www.logistika.ba\/#website","url":"https:\/\/www.logistika.ba\/","name":"Klaster Logistika","description":"Okupljanje za uspje\u0161nije poslovanje","potentialAction":[{"@type":"SearchAction","target":{"@type":"EntryPoint","urlTemplate":"https:\/\/www.logistika.ba\/?s={search_term_string}"},"query-input":"required name=search_term_string"}],"inLanguage":"hr"},{"@type":"Person","@id":"https:\/\/www.logistika.ba\/#\/schema\/person\/46ef21d9f81bfe4fd9b6a2013bae7314","name":"Klaster Logistika","url":"https:\/\/www.logistika.ba\/hr\/author\/veliborp\/"}]}},"_links":{"self":[{"href":"https:\/\/www.logistika.ba\/hr\/wp-json\/wp\/v2\/posts\/115744","targetHints":{"allow":["GET"]}}],"collection":[{"href":"https:\/\/www.logistika.ba\/hr\/wp-json\/wp\/v2\/posts"}],"about":[{"href":"https:\/\/www.logistika.ba\/hr\/wp-json\/wp\/v2\/types\/post"}],"author":[{"embeddable":true,"href":"https:\/\/www.logistika.ba\/hr\/wp-json\/wp\/v2\/users\/2"}],"replies":[{"embeddable":true,"href":"https:\/\/www.logistika.ba\/hr\/wp-json\/wp\/v2\/comments?post=115744"}],"version-history":[{"count":2,"href":"https:\/\/www.logistika.ba\/hr\/wp-json\/wp\/v2\/posts\/115744\/revisions"}],"predecessor-version":[{"id":115771,"href":"https:\/\/www.logistika.ba\/hr\/wp-json\/wp\/v2\/posts\/115744\/revisions\/115771"}],"wp:featuredmedia":[{"embeddable":true,"href":"https:\/\/www.logistika.ba\/hr\/wp-json\/wp\/v2\/media\/74772"}],"wp:attachment":[{"href":"https:\/\/www.logistika.ba\/hr\/wp-json\/wp\/v2\/media?parent=115744"}],"wp:term":[{"taxonomy":"category","embeddable":true,"href":"https:\/\/www.logistika.ba\/hr\/wp-json\/wp\/v2\/categories?post=115744"},{"taxonomy":"post_tag","embeddable":true,"href":"https:\/\/www.logistika.ba\/hr\/wp-json\/wp\/v2\/tags?post=115744"}],"curies":[{"name":"wp","href":"https:\/\/api.w.org\/{rel}","templated":true}]}}