{"id":118858,"date":"2023-10-15T11:28:07","date_gmt":"2023-10-15T11:28:07","guid":{"rendered":"https:\/\/www.logistika.ba\/studija-21-e-kamion-testiran-u-realnim-uslovima\/"},"modified":"2023-10-15T11:28:29","modified_gmt":"2023-10-15T11:28:29","slug":"studija-21-e-kamion-testiran-u-realnim-uslovima","status":"publish","type":"post","link":"https:\/\/www.logistika.ba\/hr\/studija-21-e-kamion-testiran-u-realnim-uslovima\/","title":{"rendered":"Studija: 21 e-kamion testiran u realnim uslovima"},"content":{"rendered":"<div class=\"px-2 px-md-4\">\n<div class=\"d-flex gap-4 flex-column flex-lg-row justify-content-between align-items-lg-center\">\n<div class=\"_author-intro_authorIntroWrapper__5uH6S pl-4 author-article-content _author-intro_authorIntroColorscheme-standard__x_w2f\">\n<div class=\"_author-intro_authorIntro__c5ZcF _author-intro_authorRow__ydDNe\" data-test=\"author.intro.avatar\">\n<div class=\"_author-intro_authorInfo__OUlTM pointer\">\n<div class=\"_author-intro_authorInfoLine__hUETY\">\n<div class=\"_author-intro_authorDate__BXmaf\" data-test=\"author.intro.date\">\n<p>U okviru ameri\u010dke studije, <strong>razli\u010diti elektri\u010dni kamioni testirani su u svakodnevnom \u017eivotu u 10 pionirskih flota &#8211; uklju\u010duju\u0107i elektri\u010dni Tesla Semi<\/strong> kamion na baterije. Javnu studiju u okviru testnih vo\u017enji &#8220;Run on Less&#8221; redovno sprovodi nezavisno ameri\u010dko udru\u017eenje Severnoameri\u010dko ve\u0107e za efikasnost tereta (NACFE). Ove godine razni elektri\u010dni kamioni iz 10 ameri\u010dkih kompanija testirani su u svakodnevnom \u017eivotu u realnim uslovima i podaci su objavljeni u realnom vremenu.<\/p>\n<\/div>\n<\/div>\n<\/div>\n<\/div>\n<\/div>\n<\/div>\n<div class=\"row mb-5 justify-content-md-between\">\n<div class=\"col-24 col-md-auto d-none d-lg-block\">\n<div class=\"author-intro-wrapper pl-4 author-article-content author-intro-colorscheme-article\">\n<div class=\"author-intro author-row\" data-test=\"author.intro.avatar\"><\/div>\n<\/div>\n<\/div>\n<div class=\"col-24 col-md-auto d-none d-lg-flex justify-content-md-end justify-content-center pb-1 pb-md-0\">\n<div class=\"share-bar\">\n<div class=\"circle social color p-0 messenger\" data-test=\"shareBtn.messenger\">\n<div class=\"center-mode SvgWrapper_wrapper__tDMbb\"><img decoding=\"async\" class=\"img-fluid w-100 pb-2\" src=\"https:\/\/cdn-trans.info\/uploads\/2021\/12\/3a2c8353f66bdae7fa01b7fdffa-e1678880450828.jpeg\" alt=\"Studija: 21 e-kamion testiran u realnim uslovima\" data-test=\"article.cover.photo\" data-cmp-info=\"10\" \/><\/div>\n<\/div>\n<\/div>\n<\/div>\n<\/div>\n<\/div>\n<div class=\"article-content_protected-container\">\n<div class=\"\">\n<div class=\"header-img-caption px-2 px-md-0\">Foto: AdobeStock \/scharfsinn86<\/div>\n<\/div>\n<\/div>\n<div class=\"visible-container \">\n<div class=\"visible-top\">E-mail u 18-dnevnom testu<\/div>\n<\/div>\n<div class=\"px-2 article-content__body\">\n<p>Probne vo\u017enje su izvo\u0111ene od 11. do 30. septembra \u2013 uklju\u010duju\u0107i tri Tesla Semi kamiona u akciji za Pepsi Co u Kaliforniji, <strong>od kojih je jedan postavio novi rekord na velike udaljenosti.<\/strong><\/p>\n<div id=\"attachment_367591\" class=\"wp-caption aligncenter\">\n<div class=\"wp-image-367591 size-full\">\n<div data-rmiz-wrap=\"visible\"><img loading=\"lazy\" decoding=\"async\" class=\"wp-image-367591 size-full\" src=\"https:\/\/cdn-trans.info\/uploads\/2023\/10\/cb27b18d06fbbc1ea94bfc5f2a8.png\" sizes=\"auto, (max-width: 1152px) 100vw, 1152px\" srcset=\"https:\/\/cdn-trans.info\/uploads\/2023\/10\/cb27b18d06fbbc1ea94bfc5f2a8.png 1152w, https:\/\/cdn-trans.info\/uploads\/2023\/10\/cb27b18d06fbbc1ea94bfc5f2a8-600x439.png 600w, https:\/\/cdn-trans.info\/uploads\/2023\/10\/cb27b18d06fbbc1ea94bfc5f2a8-1024x749.png 1024w, https:\/\/cdn-trans.info\/uploads\/2023\/10\/cb27b18d06fbbc1ea94bfc5f2a8-768x562.png 768w\" alt=\"\" width=\"1152\" height=\"843\" aria-describedby=\"caption-attachment-367591\" data-cmp-info=\"10\" \/><button aria-label=\"Zumiraj sliku\" data-rmiz-btn-open=\"true\"><\/button><\/div>\n<\/div>\n<p id=\"caption-attachment-367591\" class=\"wp-caption-text\">Izvor: <a href=\"https:\/\/results-2023.runonless.com\/\" target=\"_blank\" rel=\"nofollow noopener\">https:\/\/results-2023.runonless.com\/<\/a> \u2013 Prekidi punjenja i brzine vo\u0111ene 17. dana testova.<\/p>\n<\/div>\n<blockquote><p>Na kraju probne faze, ta\u010dno 17. dana, kamion Semi je uspeo da pre\u0111e 1.076 milja, \u0161to je ekvivalent od 1.731 kilometar. Kao \u0161to mo\u017eete videti sa dijagrama, <strong>e-kamion je imao ukupno tri pauze za punjenje<\/strong>, <strong>tokom kojih kamion nije uvek bio potpuno napunjen.<\/strong><\/p><\/blockquote>\n<h3>Procedura za obaranje rekorda<\/h3>\n<blockquote><p>Na dana\u0161nji dan, Tesla Semi je po\u010deo u pono\u0107 u 0:00 sati sa 100% SoC (stanje punjenja), a u 6:00 sati i dalje je pokazivao domet od 560 posto nakon vi\u0161e od 10 kilometara. Na prvom stajali\u0161tu za punjenje napunjen je na 50 posto i prevezeno jo\u0161 300 kilometara. Naredne dvije sesije uslijedile su u popodnevnim i ve\u010dernjim satima. Putovanje je zavr\u0161eno u 24 sati nakon ukupno 00.1 kilometra sa SoC od 731 posto.<\/p>\n<p>Prema kompaniji, vreme punjenja Tesla Semi je <strong>30 minuta od 0 do 70 procenata.<\/strong> Tokom testiranja vozilo je utovareno u prosjeku sa 32 tone, a prevezena su pi\u0107a.<\/p><\/blockquote>\n<p>Detalji testova mogu se na\u0107i direktno na NACFE-u: <a href=\"https:\/\/runonless.com\/\" target=\"_blank\" rel=\"nofollow noopener\">https:\/\/runonless.com\/<\/a><\/p>\n<\/div>\n<p>Lesen Sie mehr unter: https:\/\/trans.info\/de\/e-lkw-im-test-367555<\/p>\n","protected":false},"excerpt":{"rendered":"<p>U okviru ameri\u010dke studije, razli\u010diti elektri\u010dni kamioni testirani su u svakodnevnom \u017eivotu u 10 pionirskih flota &#8211; uklju\u010duju\u0107i elektri\u010dni Tesla Semi kamion na baterije. Javnu studiju u okviru testnih vo\u017enji &#8220;Run on Less&#8221; redovno sprovodi nezavisno ameri\u010dko udru\u017eenje Severnoameri\u010dko ve\u0107e za efikasnost tereta (NACFE). Ove godine razni elektri\u010dni kamioni iz 10 ameri\u010dkih kompanija testirani su&hellip;<\/p>\n","protected":false},"author":2,"featured_media":92269,"comment_status":"closed","ping_status":"closed","sticky":false,"template":"","format":"standard","meta":{"footnotes":""},"categories":[562,524],"tags":[],"class_list":["post-118858","post","type-post","status-publish","format-standard","has-post-thumbnail","hentry","category-drumski-prevoz-robe-hr","category-uncategorized-hr","category-562","category-524","description-off"],"yoast_head":"<!-- This site is optimized with the Yoast SEO plugin v19.6 - https:\/\/yoast.com\/wordpress\/plugins\/seo\/ -->\n<title>Studija: 21 e-kamion testiran u realnim uslovima - Klaster Logistika<\/title>\n<meta name=\"robots\" content=\"index, follow, max-snippet:-1, max-image-preview:large, max-video-preview:-1\" \/>\n<link rel=\"canonical\" href=\"https:\/\/www.logistika.ba\/hr\/studija-21-e-kamion-testiran-u-realnim-uslovima\/\" \/>\n<meta property=\"og:locale\" content=\"hr_HR\" \/>\n<meta property=\"og:type\" content=\"article\" \/>\n<meta property=\"og:title\" content=\"Studija: 21 e-kamion testiran u realnim uslovima - Klaster Logistika\" \/>\n<meta property=\"og:description\" content=\"U okviru ameri\u010dke studije, razli\u010diti elektri\u010dni kamioni testirani su u svakodnevnom \u017eivotu u 10 pionirskih flota &#8211; uklju\u010duju\u0107i elektri\u010dni Tesla Semi kamion na baterije. Javnu studiju u okviru testnih vo\u017enji &#8220;Run on Less&#8221; redovno sprovodi nezavisno ameri\u010dko udru\u017eenje Severnoameri\u010dko ve\u0107e za efikasnost tereta (NACFE). Ove godine razni elektri\u010dni kamioni iz 10 ameri\u010dkih kompanija testirani su&hellip;\" \/>\n<meta property=\"og:url\" content=\"https:\/\/www.logistika.ba\/hr\/studija-21-e-kamion-testiran-u-realnim-uslovima\/\" \/>\n<meta property=\"og:site_name\" content=\"Klaster Logistika\" \/>\n<meta property=\"article:published_time\" content=\"2023-10-15T11:28:07+00:00\" \/>\n<meta property=\"article:modified_time\" content=\"2023-10-15T11:28:29+00:00\" \/>\n<meta property=\"og:image\" content=\"https:\/\/www.logistika.ba\/wp-content\/uploads\/2023\/01\/Tesla-Semi-2023-articleDetail-2a5537d8-363595.jpg\" \/>\n\t<meta property=\"og:image:width\" content=\"740\" \/>\n\t<meta property=\"og:image:height\" content=\"400\" \/>\n\t<meta property=\"og:image:type\" content=\"image\/jpeg\" \/>\n<meta name=\"author\" content=\"Klaster Logistika\" \/>\n<meta name=\"twitter:card\" content=\"summary_large_image\" \/>\n<meta name=\"twitter:label1\" content=\"Napisao\/la\" \/>\n\t<meta name=\"twitter:data1\" content=\"Klaster Logistika\" \/>\n\t<meta name=\"twitter:label2\" content=\"Procijenjeno vrijeme \u010ditanja\" \/>\n\t<meta name=\"twitter:data2\" content=\"1 minuta\" \/>\n<script type=\"application\/ld+json\" class=\"yoast-schema-graph\">{\"@context\":\"https:\/\/schema.org\",\"@graph\":[{\"@type\":\"WebPage\",\"@id\":\"https:\/\/www.logistika.ba\/hr\/studija-21-e-kamion-testiran-u-realnim-uslovima\/\",\"url\":\"https:\/\/www.logistika.ba\/hr\/studija-21-e-kamion-testiran-u-realnim-uslovima\/\",\"name\":\"Studija: 21 e-kamion testiran u realnim uslovima - Klaster Logistika\",\"isPartOf\":{\"@id\":\"https:\/\/www.logistika.ba\/#website\"},\"datePublished\":\"2023-10-15T11:28:07+00:00\",\"dateModified\":\"2023-10-15T11:28:29+00:00\",\"author\":{\"@id\":\"https:\/\/www.logistika.ba\/#\/schema\/person\/46ef21d9f81bfe4fd9b6a2013bae7314\"},\"breadcrumb\":{\"@id\":\"https:\/\/www.logistika.ba\/hr\/studija-21-e-kamion-testiran-u-realnim-uslovima\/#breadcrumb\"},\"inLanguage\":\"hr\",\"potentialAction\":[{\"@type\":\"ReadAction\",\"target\":[\"https:\/\/www.logistika.ba\/hr\/studija-21-e-kamion-testiran-u-realnim-uslovima\/\"]}]},{\"@type\":\"BreadcrumbList\",\"@id\":\"https:\/\/www.logistika.ba\/hr\/studija-21-e-kamion-testiran-u-realnim-uslovima\/#breadcrumb\",\"itemListElement\":[{\"@type\":\"ListItem\",\"position\":1,\"name\":\"Home\",\"item\":\"https:\/\/www.logistika.ba\/hr\/3-creative\/\"},{\"@type\":\"ListItem\",\"position\":2,\"name\":\"Studija: 21 e-kamion testiran u realnim uslovima\"}]},{\"@type\":\"WebSite\",\"@id\":\"https:\/\/www.logistika.ba\/#website\",\"url\":\"https:\/\/www.logistika.ba\/\",\"name\":\"Klaster Logistika\",\"description\":\"Okupljanje za uspje\u0161nije poslovanje\",\"potentialAction\":[{\"@type\":\"SearchAction\",\"target\":{\"@type\":\"EntryPoint\",\"urlTemplate\":\"https:\/\/www.logistika.ba\/?s={search_term_string}\"},\"query-input\":\"required name=search_term_string\"}],\"inLanguage\":\"hr\"},{\"@type\":\"Person\",\"@id\":\"https:\/\/www.logistika.ba\/#\/schema\/person\/46ef21d9f81bfe4fd9b6a2013bae7314\",\"name\":\"Klaster Logistika\",\"url\":\"https:\/\/www.logistika.ba\/hr\/author\/veliborp\/\"}]}<\/script>\n<!-- \/ Yoast SEO plugin. -->","yoast_head_json":{"title":"Studija: 21 e-kamion testiran u realnim uslovima - Klaster Logistika","robots":{"index":"index","follow":"follow","max-snippet":"max-snippet:-1","max-image-preview":"max-image-preview:large","max-video-preview":"max-video-preview:-1"},"canonical":"https:\/\/www.logistika.ba\/hr\/studija-21-e-kamion-testiran-u-realnim-uslovima\/","og_locale":"hr_HR","og_type":"article","og_title":"Studija: 21 e-kamion testiran u realnim uslovima - Klaster Logistika","og_description":"U okviru ameri\u010dke studije, razli\u010diti elektri\u010dni kamioni testirani su u svakodnevnom \u017eivotu u 10 pionirskih flota &#8211; uklju\u010duju\u0107i elektri\u010dni Tesla Semi kamion na baterije. Javnu studiju u okviru testnih vo\u017enji &#8220;Run on Less&#8221; redovno sprovodi nezavisno ameri\u010dko udru\u017eenje Severnoameri\u010dko ve\u0107e za efikasnost tereta (NACFE). Ove godine razni elektri\u010dni kamioni iz 10 ameri\u010dkih kompanija testirani su&hellip;","og_url":"https:\/\/www.logistika.ba\/hr\/studija-21-e-kamion-testiran-u-realnim-uslovima\/","og_site_name":"Klaster Logistika","article_published_time":"2023-10-15T11:28:07+00:00","article_modified_time":"2023-10-15T11:28:29+00:00","og_image":[{"width":740,"height":400,"url":"https:\/\/www.logistika.ba\/wp-content\/uploads\/2023\/01\/Tesla-Semi-2023-articleDetail-2a5537d8-363595.jpg","type":"image\/jpeg"}],"author":"Klaster Logistika","twitter_card":"summary_large_image","twitter_misc":{"Napisao\/la":"Klaster Logistika","Procijenjeno vrijeme \u010ditanja":"1 minuta"},"schema":{"@context":"https:\/\/schema.org","@graph":[{"@type":"WebPage","@id":"https:\/\/www.logistika.ba\/hr\/studija-21-e-kamion-testiran-u-realnim-uslovima\/","url":"https:\/\/www.logistika.ba\/hr\/studija-21-e-kamion-testiran-u-realnim-uslovima\/","name":"Studija: 21 e-kamion testiran u realnim uslovima - Klaster Logistika","isPartOf":{"@id":"https:\/\/www.logistika.ba\/#website"},"datePublished":"2023-10-15T11:28:07+00:00","dateModified":"2023-10-15T11:28:29+00:00","author":{"@id":"https:\/\/www.logistika.ba\/#\/schema\/person\/46ef21d9f81bfe4fd9b6a2013bae7314"},"breadcrumb":{"@id":"https:\/\/www.logistika.ba\/hr\/studija-21-e-kamion-testiran-u-realnim-uslovima\/#breadcrumb"},"inLanguage":"hr","potentialAction":[{"@type":"ReadAction","target":["https:\/\/www.logistika.ba\/hr\/studija-21-e-kamion-testiran-u-realnim-uslovima\/"]}]},{"@type":"BreadcrumbList","@id":"https:\/\/www.logistika.ba\/hr\/studija-21-e-kamion-testiran-u-realnim-uslovima\/#breadcrumb","itemListElement":[{"@type":"ListItem","position":1,"name":"Home","item":"https:\/\/www.logistika.ba\/hr\/3-creative\/"},{"@type":"ListItem","position":2,"name":"Studija: 21 e-kamion testiran u realnim uslovima"}]},{"@type":"WebSite","@id":"https:\/\/www.logistika.ba\/#website","url":"https:\/\/www.logistika.ba\/","name":"Klaster Logistika","description":"Okupljanje za uspje\u0161nije poslovanje","potentialAction":[{"@type":"SearchAction","target":{"@type":"EntryPoint","urlTemplate":"https:\/\/www.logistika.ba\/?s={search_term_string}"},"query-input":"required name=search_term_string"}],"inLanguage":"hr"},{"@type":"Person","@id":"https:\/\/www.logistika.ba\/#\/schema\/person\/46ef21d9f81bfe4fd9b6a2013bae7314","name":"Klaster Logistika","url":"https:\/\/www.logistika.ba\/hr\/author\/veliborp\/"}]}},"_links":{"self":[{"href":"https:\/\/www.logistika.ba\/hr\/wp-json\/wp\/v2\/posts\/118858","targetHints":{"allow":["GET"]}}],"collection":[{"href":"https:\/\/www.logistika.ba\/hr\/wp-json\/wp\/v2\/posts"}],"about":[{"href":"https:\/\/www.logistika.ba\/hr\/wp-json\/wp\/v2\/types\/post"}],"author":[{"embeddable":true,"href":"https:\/\/www.logistika.ba\/hr\/wp-json\/wp\/v2\/users\/2"}],"replies":[{"embeddable":true,"href":"https:\/\/www.logistika.ba\/hr\/wp-json\/wp\/v2\/comments?post=118858"}],"version-history":[{"count":1,"href":"https:\/\/www.logistika.ba\/hr\/wp-json\/wp\/v2\/posts\/118858\/revisions"}],"predecessor-version":[{"id":118865,"href":"https:\/\/www.logistika.ba\/hr\/wp-json\/wp\/v2\/posts\/118858\/revisions\/118865"}],"wp:featuredmedia":[{"embeddable":true,"href":"https:\/\/www.logistika.ba\/hr\/wp-json\/wp\/v2\/media\/92269"}],"wp:attachment":[{"href":"https:\/\/www.logistika.ba\/hr\/wp-json\/wp\/v2\/media?parent=118858"}],"wp:term":[{"taxonomy":"category","embeddable":true,"href":"https:\/\/www.logistika.ba\/hr\/wp-json\/wp\/v2\/categories?post=118858"},{"taxonomy":"post_tag","embeddable":true,"href":"https:\/\/www.logistika.ba\/hr\/wp-json\/wp\/v2\/tags?post=118858"}],"curies":[{"name":"wp","href":"https:\/\/api.w.org\/{rel}","templated":true}]}}