{"id":65641,"date":"2022-09-01T07:21:48","date_gmt":"2022-09-01T07:21:48","guid":{"rendered":"https:\/\/www.logistika.ba\/obb-rail-cargo-group-sa-novom-prenosom-prikljucka-iz-beneluk-a-i-podrucja-rurlja-u-rumuniju-i-tursku\/"},"modified":"2022-09-01T07:22:31","modified_gmt":"2022-09-01T07:22:31","slug":"obb-rail-cargo-group-sa-novom-prenosom-prikljucka-iz-beneluk-a-i-podrucja-rurlja-u-rumuniju-i-tursku","status":"publish","type":"post","link":"https:\/\/www.logistika.ba\/hr\/obb-rail-cargo-group-sa-novom-prenosom-prikljucka-iz-beneluk-a-i-podrucja-rurlja-u-rumuniju-i-tursku\/","title":{"rendered":"OBB Rail Cargo Group sa novom linijom priklju\u010dka iz Beneluks-a i podru\u010dja Rurlja u Rumuniju i Tursku"},"content":{"rendered":"<blockquote><p>OBB Rail Cargo Group sa novom prenosom priklju\u010dka iz Beneluk-a i podru\u010dja Rurlja u Rumuniju i Tursku<br \/>\nNova intermodalna slu\u017eba iz Genka (Belgija) &#8211; Curcici (Rumunija)<br \/>\nSkrac\u0301eno tranzitno vrijeme putovanja Turske<br \/>\nFiksni raspored sa tri kru\u017ena putovanja nedeljno<\/p><\/blockquote>\n<p>Zbog sve vec\u0301e potra\u017enje, OBB Rail Cargo Group (RCG) uspostavlja novu ne-stopnu vezu kao atraktivno transport za kontejnere (20 do 45 stopa), uklju\u010dujuc\u0301i opasnu robu izme\u0111u Genk (Belgija) i Curcici (Rumunija). Curcici posebno postaje sve vi\u0161e postaje sredi\u0161te teretnog prevoza za lokalne koli\u010dine iz Rumunije i Turske prema regionima Beneluk i Ruhr. Ovaj odr\u017eivi teretni prevoz radi tri kru\u017ena putovanja nedeljno sa vremenom od trajanja od oko 40 sati.<\/p>\n<blockquote><p>&nbsp;<\/p>\n<p>Skrac\u0301ivanje vremena vo\u0111enja iz Belgije do Turske V.V.<br \/>\nKombinujuc\u0301i novu prenosni\u010dku vezu sa RCG transferom Curtici-Istanbul, moguc\u0301e je skratiti prethodni tranzitni trenuci iz Belgije u Tursku V.V. za oko jednog dana. Turska posebno igra va\u017enu ulogu kao me\u0111unarodna logisti\u010dka sredina zbog svoje veli\u010dine i strate\u0161ke lokacije izme\u0111u Evrope i Azije. Kao drugi najvec\u0301i \u017eelezni\u010dki teretni operater u Evropi, RCG povezuje portove, ekonomske i industrijske centre iz Evrope u Aziju.<\/p><\/blockquote>\n<p><strong>RCG pro\u0161iruje svoju mre\u017eu &#8211; Transet<\/strong><br \/>\nNovom vezom RCG pro\u0161iruje digitalni transnet, u kojem su svi priklju\u010dci za prenos mre\u017ee i iz svih priklju\u010daka, ekonomski i industrijski centri dostupni na prvi pogled. Pod motom &#8220;Transet, igrajmo se!&#8221;, Ove rute, kao i kombinacije, mogu se istra\u017eiti i nove rute stvorene u dvanaest jezika. Nakon odabira odgovarajuc\u0301e rute, ikone pokazuju koje su usluge dostupne na odabranim lokacijama.<\/p>\n<p><strong>Transfer &#8211; Veza<\/strong><br \/>\nOBB Rail Cargo Group prevozi robu preko celog evroazijskog kontinenta sa oko 60 priklju\u010daka prenosa, vi\u0161e od 700 kombinacija prenosa i mnogo prilagodljivih ruta. Transportne jedinice se razlikuju od celog vagona i intermodalnog prevoza do potpunih prilagodljivih re\u0161enja. Dodatne teretne usluge kao \u0161to su pretovarivanje, skladi\u0161ni logistika i carine mogu se rezervisati prema mestu polaska i odredi\u0161ta. RCG vodi ra\u010duna o svim detaljima &#8211; od prvog do poslednje milje.<\/p>\n<blockquote><p><strong>Rail Cargo Group: Podjela teretnog prevoza OBB<\/strong><br \/>\nKao vodec\u0301a \u017eeljezni\u010dka logistika u Evropi, oblikujemo industriju. 365 dana u godini &#8211; 24 sata dnevno. Preko Evrope i \u0161ire u Aziju. Povezujemo ljude, preduzec\u0301a i tr\u017ei\u0161ta &#8211; od prvog do poslednje milje. Mi smo prisutni u 18 zemalja &#8211; u 15 od njih sa na\u0161im zaposlenima. Zahvaljujuc\u0301i na\u0161im 5.755 logisti\u010dkim profesionalcima iz 34 nacije da 463.000 vozova godi\u0161nje, odnosno 1.270 dnevno, dosec\u0301i njihove destinacije sigurne i zvuke. Sa na\u0161im efikasnim uslovima za krajnji logistiku, transportujemo 94 miliona mre\u017enih tona tereta svake godine. Modalni udeo od 28% (preliminarna vrednost) ukupnog teretnog tr\u017ei\u0161ta u Austriji \u010dini nas vrhom lige u Evropi. Operativno upravljanje \u017eelezni\u010dkim teretnim grupama le\u017ei sa \u017eelezni\u010dkom teretom Austria AG.<\/p><\/blockquote>\n","protected":false},"excerpt":{"rendered":"<p>OBB Rail Cargo Group sa novom prenosom priklju\u010dka iz Beneluk-a i podru\u010dja Rurlja u Rumuniju i Tursku Nova intermodalna slu\u017eba iz Genka (Belgija) &#8211; Curcici (Rumunija) Skrac\u0301eno tranzitno vrijeme putovanja Turske Fiksni raspored sa tri kru\u017ena putovanja nedeljno Zbog sve vec\u0301e potra\u017enje, OBB Rail Cargo Group (RCG) uspostavlja novu ne-stopnu vezu kao atraktivno transport za&hellip;<\/p>\n","protected":false},"author":2,"featured_media":65634,"comment_status":"closed","ping_status":"closed","sticky":false,"template":"","format":"standard","meta":{"footnotes":""},"categories":[524,599],"tags":[],"class_list":["post-65641","post","type-post","status-publish","format-standard","has-post-thumbnail","hentry","category-uncategorized-hr","category-zeljeznicki-transport-hr","category-524","category-599","description-off"],"yoast_head":"<!-- This site is optimized with the Yoast SEO plugin v19.6 - https:\/\/yoast.com\/wordpress\/plugins\/seo\/ -->\n<title>OBB Rail Cargo Group sa novom linijom priklju\u010dka iz Beneluks-a i podru\u010dja Rurlja u Rumuniju i Tursku - Klaster Logistika<\/title>\n<meta name=\"robots\" content=\"index, follow, max-snippet:-1, max-image-preview:large, max-video-preview:-1\" \/>\n<link rel=\"canonical\" href=\"https:\/\/www.logistika.ba\/hr\/obb-rail-cargo-group-sa-novom-prenosom-prikljucka-iz-beneluk-a-i-podrucja-rurlja-u-rumuniju-i-tursku\/\" \/>\n<meta property=\"og:locale\" content=\"hr_HR\" \/>\n<meta property=\"og:type\" content=\"article\" \/>\n<meta property=\"og:title\" content=\"OBB Rail Cargo Group sa novom linijom priklju\u010dka iz Beneluks-a i podru\u010dja Rurlja u Rumuniju i Tursku - Klaster Logistika\" \/>\n<meta property=\"og:description\" content=\"OBB Rail Cargo Group sa novom prenosom priklju\u010dka iz Beneluk-a i podru\u010dja Rurlja u Rumuniju i Tursku Nova intermodalna slu\u017eba iz Genka (Belgija) &#8211; Curcici (Rumunija) Skrac\u0301eno tranzitno vrijeme putovanja Turske Fiksni raspored sa tri kru\u017ena putovanja nedeljno Zbog sve vec\u0301e potra\u017enje, OBB Rail Cargo Group (RCG) uspostavlja novu ne-stopnu vezu kao atraktivno transport za&hellip;\" \/>\n<meta property=\"og:url\" content=\"https:\/\/www.logistika.ba\/hr\/obb-rail-cargo-group-sa-novom-prenosom-prikljucka-iz-beneluk-a-i-podrucja-rurlja-u-rumuniju-i-tursku\/\" \/>\n<meta property=\"og:site_name\" content=\"Klaster Logistika\" \/>\n<meta property=\"article:published_time\" content=\"2022-09-01T07:21:48+00:00\" \/>\n<meta property=\"article:modified_time\" content=\"2022-09-01T07:22:31+00:00\" \/>\n<meta property=\"og:image\" content=\"https:\/\/www.logistika.ba\/wp-content\/uploads\/2022\/09\/20220802-PI-OBB-RCG-c-OBB-Heider-Klausner.jpg\" \/>\n\t<meta property=\"og:image:width\" content=\"600\" \/>\n\t<meta property=\"og:image:height\" content=\"388\" \/>\n\t<meta property=\"og:image:type\" content=\"image\/jpeg\" \/>\n<meta name=\"author\" content=\"Klaster Logistika\" \/>\n<meta name=\"twitter:card\" content=\"summary_large_image\" \/>\n<meta name=\"twitter:label1\" content=\"Napisao\/la\" \/>\n\t<meta name=\"twitter:data1\" content=\"Klaster Logistika\" \/>\n\t<meta name=\"twitter:label2\" content=\"Procijenjeno vrijeme \u010ditanja\" \/>\n\t<meta name=\"twitter:data2\" content=\"3 minute\" \/>\n<script type=\"application\/ld+json\" class=\"yoast-schema-graph\">{\"@context\":\"https:\/\/schema.org\",\"@graph\":[{\"@type\":\"WebPage\",\"@id\":\"https:\/\/www.logistika.ba\/hr\/obb-rail-cargo-group-sa-novom-prenosom-prikljucka-iz-beneluk-a-i-podrucja-rurlja-u-rumuniju-i-tursku\/\",\"url\":\"https:\/\/www.logistika.ba\/hr\/obb-rail-cargo-group-sa-novom-prenosom-prikljucka-iz-beneluk-a-i-podrucja-rurlja-u-rumuniju-i-tursku\/\",\"name\":\"OBB Rail Cargo Group sa novom linijom priklju\u010dka iz Beneluks-a i podru\u010dja Rurlja u Rumuniju i Tursku - Klaster Logistika\",\"isPartOf\":{\"@id\":\"https:\/\/www.logistika.ba\/#website\"},\"datePublished\":\"2022-09-01T07:21:48+00:00\",\"dateModified\":\"2022-09-01T07:22:31+00:00\",\"author\":{\"@id\":\"https:\/\/www.logistika.ba\/#\/schema\/person\/46ef21d9f81bfe4fd9b6a2013bae7314\"},\"breadcrumb\":{\"@id\":\"https:\/\/www.logistika.ba\/hr\/obb-rail-cargo-group-sa-novom-prenosom-prikljucka-iz-beneluk-a-i-podrucja-rurlja-u-rumuniju-i-tursku\/#breadcrumb\"},\"inLanguage\":\"hr\",\"potentialAction\":[{\"@type\":\"ReadAction\",\"target\":[\"https:\/\/www.logistika.ba\/hr\/obb-rail-cargo-group-sa-novom-prenosom-prikljucka-iz-beneluk-a-i-podrucja-rurlja-u-rumuniju-i-tursku\/\"]}]},{\"@type\":\"BreadcrumbList\",\"@id\":\"https:\/\/www.logistika.ba\/hr\/obb-rail-cargo-group-sa-novom-prenosom-prikljucka-iz-beneluk-a-i-podrucja-rurlja-u-rumuniju-i-tursku\/#breadcrumb\",\"itemListElement\":[{\"@type\":\"ListItem\",\"position\":1,\"name\":\"Home\",\"item\":\"https:\/\/www.logistika.ba\/hr\/3-creative\/\"},{\"@type\":\"ListItem\",\"position\":2,\"name\":\"OBB Rail Cargo Group sa novom linijom priklju\u010dka iz Beneluks-a i podru\u010dja Rurlja u Rumuniju i Tursku\"}]},{\"@type\":\"WebSite\",\"@id\":\"https:\/\/www.logistika.ba\/#website\",\"url\":\"https:\/\/www.logistika.ba\/\",\"name\":\"Klaster Logistika\",\"description\":\"Okupljanje za uspje\u0161nije poslovanje\",\"potentialAction\":[{\"@type\":\"SearchAction\",\"target\":{\"@type\":\"EntryPoint\",\"urlTemplate\":\"https:\/\/www.logistika.ba\/?s={search_term_string}\"},\"query-input\":\"required name=search_term_string\"}],\"inLanguage\":\"hr\"},{\"@type\":\"Person\",\"@id\":\"https:\/\/www.logistika.ba\/#\/schema\/person\/46ef21d9f81bfe4fd9b6a2013bae7314\",\"name\":\"Klaster Logistika\",\"url\":\"https:\/\/www.logistika.ba\/hr\/author\/veliborp\/\"}]}<\/script>\n<!-- \/ Yoast SEO plugin. -->","yoast_head_json":{"title":"OBB Rail Cargo Group sa novom linijom priklju\u010dka iz Beneluks-a i podru\u010dja Rurlja u Rumuniju i Tursku - Klaster Logistika","robots":{"index":"index","follow":"follow","max-snippet":"max-snippet:-1","max-image-preview":"max-image-preview:large","max-video-preview":"max-video-preview:-1"},"canonical":"https:\/\/www.logistika.ba\/hr\/obb-rail-cargo-group-sa-novom-prenosom-prikljucka-iz-beneluk-a-i-podrucja-rurlja-u-rumuniju-i-tursku\/","og_locale":"hr_HR","og_type":"article","og_title":"OBB Rail Cargo Group sa novom linijom priklju\u010dka iz Beneluks-a i podru\u010dja Rurlja u Rumuniju i Tursku - Klaster Logistika","og_description":"OBB Rail Cargo Group sa novom prenosom priklju\u010dka iz Beneluk-a i podru\u010dja Rurlja u Rumuniju i Tursku Nova intermodalna slu\u017eba iz Genka (Belgija) &#8211; Curcici (Rumunija) Skrac\u0301eno tranzitno vrijeme putovanja Turske Fiksni raspored sa tri kru\u017ena putovanja nedeljno Zbog sve vec\u0301e potra\u017enje, OBB Rail Cargo Group (RCG) uspostavlja novu ne-stopnu vezu kao atraktivno transport za&hellip;","og_url":"https:\/\/www.logistika.ba\/hr\/obb-rail-cargo-group-sa-novom-prenosom-prikljucka-iz-beneluk-a-i-podrucja-rurlja-u-rumuniju-i-tursku\/","og_site_name":"Klaster Logistika","article_published_time":"2022-09-01T07:21:48+00:00","article_modified_time":"2022-09-01T07:22:31+00:00","og_image":[{"width":600,"height":388,"url":"https:\/\/www.logistika.ba\/wp-content\/uploads\/2022\/09\/20220802-PI-OBB-RCG-c-OBB-Heider-Klausner.jpg","type":"image\/jpeg"}],"author":"Klaster Logistika","twitter_card":"summary_large_image","twitter_misc":{"Napisao\/la":"Klaster Logistika","Procijenjeno vrijeme \u010ditanja":"3 minute"},"schema":{"@context":"https:\/\/schema.org","@graph":[{"@type":"WebPage","@id":"https:\/\/www.logistika.ba\/hr\/obb-rail-cargo-group-sa-novom-prenosom-prikljucka-iz-beneluk-a-i-podrucja-rurlja-u-rumuniju-i-tursku\/","url":"https:\/\/www.logistika.ba\/hr\/obb-rail-cargo-group-sa-novom-prenosom-prikljucka-iz-beneluk-a-i-podrucja-rurlja-u-rumuniju-i-tursku\/","name":"OBB Rail Cargo Group sa novom linijom priklju\u010dka iz Beneluks-a i podru\u010dja Rurlja u Rumuniju i Tursku - Klaster Logistika","isPartOf":{"@id":"https:\/\/www.logistika.ba\/#website"},"datePublished":"2022-09-01T07:21:48+00:00","dateModified":"2022-09-01T07:22:31+00:00","author":{"@id":"https:\/\/www.logistika.ba\/#\/schema\/person\/46ef21d9f81bfe4fd9b6a2013bae7314"},"breadcrumb":{"@id":"https:\/\/www.logistika.ba\/hr\/obb-rail-cargo-group-sa-novom-prenosom-prikljucka-iz-beneluk-a-i-podrucja-rurlja-u-rumuniju-i-tursku\/#breadcrumb"},"inLanguage":"hr","potentialAction":[{"@type":"ReadAction","target":["https:\/\/www.logistika.ba\/hr\/obb-rail-cargo-group-sa-novom-prenosom-prikljucka-iz-beneluk-a-i-podrucja-rurlja-u-rumuniju-i-tursku\/"]}]},{"@type":"BreadcrumbList","@id":"https:\/\/www.logistika.ba\/hr\/obb-rail-cargo-group-sa-novom-prenosom-prikljucka-iz-beneluk-a-i-podrucja-rurlja-u-rumuniju-i-tursku\/#breadcrumb","itemListElement":[{"@type":"ListItem","position":1,"name":"Home","item":"https:\/\/www.logistika.ba\/hr\/3-creative\/"},{"@type":"ListItem","position":2,"name":"OBB Rail Cargo Group sa novom linijom priklju\u010dka iz Beneluks-a i podru\u010dja Rurlja u Rumuniju i Tursku"}]},{"@type":"WebSite","@id":"https:\/\/www.logistika.ba\/#website","url":"https:\/\/www.logistika.ba\/","name":"Klaster Logistika","description":"Okupljanje za uspje\u0161nije poslovanje","potentialAction":[{"@type":"SearchAction","target":{"@type":"EntryPoint","urlTemplate":"https:\/\/www.logistika.ba\/?s={search_term_string}"},"query-input":"required name=search_term_string"}],"inLanguage":"hr"},{"@type":"Person","@id":"https:\/\/www.logistika.ba\/#\/schema\/person\/46ef21d9f81bfe4fd9b6a2013bae7314","name":"Klaster Logistika","url":"https:\/\/www.logistika.ba\/hr\/author\/veliborp\/"}]}},"_links":{"self":[{"href":"https:\/\/www.logistika.ba\/hr\/wp-json\/wp\/v2\/posts\/65641","targetHints":{"allow":["GET"]}}],"collection":[{"href":"https:\/\/www.logistika.ba\/hr\/wp-json\/wp\/v2\/posts"}],"about":[{"href":"https:\/\/www.logistika.ba\/hr\/wp-json\/wp\/v2\/types\/post"}],"author":[{"embeddable":true,"href":"https:\/\/www.logistika.ba\/hr\/wp-json\/wp\/v2\/users\/2"}],"replies":[{"embeddable":true,"href":"https:\/\/www.logistika.ba\/hr\/wp-json\/wp\/v2\/comments?post=65641"}],"version-history":[{"count":1,"href":"https:\/\/www.logistika.ba\/hr\/wp-json\/wp\/v2\/posts\/65641\/revisions"}],"predecessor-version":[{"id":65648,"href":"https:\/\/www.logistika.ba\/hr\/wp-json\/wp\/v2\/posts\/65641\/revisions\/65648"}],"wp:featuredmedia":[{"embeddable":true,"href":"https:\/\/www.logistika.ba\/hr\/wp-json\/wp\/v2\/media\/65634"}],"wp:attachment":[{"href":"https:\/\/www.logistika.ba\/hr\/wp-json\/wp\/v2\/media?parent=65641"}],"wp:term":[{"taxonomy":"category","embeddable":true,"href":"https:\/\/www.logistika.ba\/hr\/wp-json\/wp\/v2\/categories?post=65641"},{"taxonomy":"post_tag","embeddable":true,"href":"https:\/\/www.logistika.ba\/hr\/wp-json\/wp\/v2\/tags?post=65641"}],"curies":[{"name":"wp","href":"https:\/\/api.w.org\/{rel}","templated":true}]}}