{"id":107531,"date":"2023-05-20T11:25:13","date_gmt":"2023-05-20T11:25:13","guid":{"rendered":"https:\/\/www.logistika.ba\/daf-prikazuje-xg-sa-660-ks\/"},"modified":"2023-05-20T11:27:24","modified_gmt":"2023-05-20T11:27:24","slug":"daf-prikazuje-xg-sa-660-ks","status":"publish","type":"post","link":"https:\/\/www.logistika.ba\/sl\/daf-prikazuje-xg-sa-660-ks\/","title":{"rendered":"DAF prikazuje XG+ sa 660 KS"},"content":{"rendered":"<header class=\"entry-header\">\n<div class=\"entry-meta\">\n<div class=\"entry-date-author\"><strong>Paccar je prvi na Brisbane sajmu kamiona u Australiji: novi DAF XG+. To u Holandiji znamo ve\u0107 neko vreme, ali ne znamo X15d motor sa 660 KS ovde.<\/strong><\/div>\n<\/div>\n<\/header>\n<div class=\"entry-content\">\n<p>DAF je aktivan na australijskom tr\u017ei\u0161tu ve\u0107 godinama, gde je drumski saobra\u0107aj \u010desto malo te\u017ei nego u Evropi. Zato su DAF-ovi prethodne generacije ve\u0107 bili dostupni sa 15-litarskim motorom, dobrim za 660 KS.<\/p>\n<div class=\"wp-block-jetpack-slideshow aligncenter\" data-effect=\"slide\" data-jetpack-block-initialized=\"true\">\n<div class=\"wp-block-jetpack-slideshow_container swiper-container swiper-container-initialized swiper-container-horizontal swiper-container-pointer-events wp-swiper-initialized\">\n<ul id=\"swiper-wrapper-f47a34bf84e39c75\" class=\"wp-block-jetpack-slideshow_swiper-wrapper swiper-wrapper\" aria-live=\"polite\">\n<li class=\"wp-block-jetpack-slideshow_slide swiper-slide swiper-slide-duplicate swiper-slide-prev\" role=\"group\" data-swiper-slide-index=\"3\" aria-hidden=\"true\" aria-label=\"1 \/ 6\">\n<figure><img loading=\"lazy\" decoding=\"async\" class=\"wp-block-jetpack-slideshow_image wp-image-153366\" src=\"https:\/\/www.ttm.nl\/wp-content\/uploads\/2023\/05\/1684373228645-1-768x1024.jpeg\" sizes=\"auto, (max-width: 768px) 100vw, 768px\" srcset=\"https:\/\/www.ttm.nl\/wp-content\/uploads\/2023\/05\/1684373228645-1-768x1024.jpeg 768w, https:\/\/www.ttm.nl\/wp-content\/uploads\/2023\/05\/1684373228645-1-225x300.jpeg 225w, https:\/\/www.ttm.nl\/wp-content\/uploads\/2023\/05\/1684373228645-1-1152x1536.jpeg 1152w, https:\/\/www.ttm.nl\/wp-content\/uploads\/2023\/05\/1684373228645-1-156x208.jpeg 156w, https:\/\/www.ttm.nl\/wp-content\/uploads\/2023\/05\/1684373228645-1-336x448.jpeg 336w, https:\/\/www.ttm.nl\/wp-content\/uploads\/2023\/05\/1684373228645-1.jpeg 1170w\" alt=\"\" width=\"768\" height=\"1024\" data-id=\"153366\" \/><\/figure>\n<\/li>\n<li class=\"wp-block-jetpack-slideshow_slide swiper-slide swiper-slide-active\" tabindex=\"-1\" role=\"group\" data-swiper-slide-index=\"0\" aria-hidden=\"false\" aria-label=\"2 \/ 6\">\n<figure><img loading=\"lazy\" decoding=\"async\" class=\"wp-block-jetpack-slideshow_image wp-image-153362\" src=\"https:\/\/www.ttm.nl\/wp-content\/uploads\/2023\/05\/076e32c1-9edd-434a-ba36-24690671bba0-768x1024.jpeg\" sizes=\"auto, (max-width: 768px) 100vw, 768px\" srcset=\"https:\/\/www.ttm.nl\/wp-content\/uploads\/2023\/05\/076e32c1-9edd-434a-ba36-24690671bba0-768x1024.jpeg 768w, https:\/\/www.ttm.nl\/wp-content\/uploads\/2023\/05\/076e32c1-9edd-434a-ba36-24690671bba0-225x300.jpeg 225w, https:\/\/www.ttm.nl\/wp-content\/uploads\/2023\/05\/076e32c1-9edd-434a-ba36-24690671bba0-1152x1536.jpeg 1152w, https:\/\/www.ttm.nl\/wp-content\/uploads\/2023\/05\/076e32c1-9edd-434a-ba36-24690671bba0-156x208.jpeg 156w, https:\/\/www.ttm.nl\/wp-content\/uploads\/2023\/05\/076e32c1-9edd-434a-ba36-24690671bba0-336x448.jpeg 336w, https:\/\/www.ttm.nl\/wp-content\/uploads\/2023\/05\/076e32c1-9edd-434a-ba36-24690671bba0.jpeg 1200w\" alt=\"\" width=\"768\" height=\"1024\" data-id=\"153362\" \/><\/figure>\n<\/li>\n<li class=\"wp-block-jetpack-slideshow_slide swiper-slide swiper-slide-next\" role=\"group\" data-swiper-slide-index=\"1\" aria-hidden=\"true\" aria-label=\"3 \/ 6\">\n<figure><img loading=\"lazy\" decoding=\"async\" class=\"wp-block-jetpack-slideshow_image wp-image-153363\" src=\"https:\/\/www.ttm.nl\/wp-content\/uploads\/2023\/05\/347234657_784954609808731_4201239532094502971_n-1.jpg\" sizes=\"auto, (max-width: 960px) 100vw, 960px\" srcset=\"https:\/\/www.ttm.nl\/wp-content\/uploads\/2023\/05\/347234657_784954609808731_4201239532094502971_n-1.jpg 960w, https:\/\/www.ttm.nl\/wp-content\/uploads\/2023\/05\/347234657_784954609808731_4201239532094502971_n-1-300x300.jpg 300w, https:\/\/www.ttm.nl\/wp-content\/uploads\/2023\/05\/347234657_784954609808731_4201239532094502971_n-1-150x150.jpg 150w, https:\/\/www.ttm.nl\/wp-content\/uploads\/2023\/05\/347234657_784954609808731_4201239532094502971_n-1-768x768.jpg 768w, https:\/\/www.ttm.nl\/wp-content\/uploads\/2023\/05\/347234657_784954609808731_4201239532094502971_n-1-336x336.jpg 336w, https:\/\/www.ttm.nl\/wp-content\/uploads\/2023\/05\/347234657_784954609808731_4201239532094502971_n-1-100x100.jpg 100w\" alt=\"\" width=\"960\" height=\"960\" data-id=\"153363\" \/><\/figure>\n<\/li>\n<li class=\"wp-block-jetpack-slideshow_slide swiper-slide\" role=\"group\" data-swiper-slide-index=\"2\" aria-hidden=\"true\" aria-label=\"4 \/ 6\">\n<figure><img loading=\"lazy\" decoding=\"async\" class=\"wp-block-jetpack-slideshow_image wp-image-153364\" src=\"https:\/\/www.ttm.nl\/wp-content\/uploads\/2023\/05\/347582036_129524676758222_3863436975636062496_n-1.jpg\" sizes=\"auto, (max-width: 960px) 100vw, 960px\" srcset=\"https:\/\/www.ttm.nl\/wp-content\/uploads\/2023\/05\/347582036_129524676758222_3863436975636062496_n-1.jpg 960w, https:\/\/www.ttm.nl\/wp-content\/uploads\/2023\/05\/347582036_129524676758222_3863436975636062496_n-1-300x300.jpg 300w, https:\/\/www.ttm.nl\/wp-content\/uploads\/2023\/05\/347582036_129524676758222_3863436975636062496_n-1-150x150.jpg 150w, https:\/\/www.ttm.nl\/wp-content\/uploads\/2023\/05\/347582036_129524676758222_3863436975636062496_n-1-768x768.jpg 768w, https:\/\/www.ttm.nl\/wp-content\/uploads\/2023\/05\/347582036_129524676758222_3863436975636062496_n-1-336x336.jpg 336w, https:\/\/www.ttm.nl\/wp-content\/uploads\/2023\/05\/347582036_129524676758222_3863436975636062496_n-1-100x100.jpg 100w\" alt=\"\" width=\"960\" height=\"960\" data-id=\"153364\" \/><\/figure>\n<\/li>\n<li class=\"wp-block-jetpack-slideshow_slide swiper-slide swiper-slide-duplicate-prev\" role=\"group\" data-swiper-slide-index=\"3\" aria-hidden=\"true\" aria-label=\"5 \/ 6\">\n<figure><img loading=\"lazy\" decoding=\"async\" class=\"wp-block-jetpack-slideshow_image wp-image-153366\" src=\"https:\/\/www.ttm.nl\/wp-content\/uploads\/2023\/05\/1684373228645-1-768x1024.jpeg\" sizes=\"auto, (max-width: 768px) 100vw, 768px\" srcset=\"https:\/\/www.ttm.nl\/wp-content\/uploads\/2023\/05\/1684373228645-1-768x1024.jpeg 768w, https:\/\/www.ttm.nl\/wp-content\/uploads\/2023\/05\/1684373228645-1-225x300.jpeg 225w, https:\/\/www.ttm.nl\/wp-content\/uploads\/2023\/05\/1684373228645-1-1152x1536.jpeg 1152w, https:\/\/www.ttm.nl\/wp-content\/uploads\/2023\/05\/1684373228645-1-156x208.jpeg 156w, https:\/\/www.ttm.nl\/wp-content\/uploads\/2023\/05\/1684373228645-1-336x448.jpeg 336w, https:\/\/www.ttm.nl\/wp-content\/uploads\/2023\/05\/1684373228645-1.jpeg 1170w\" alt=\"\" width=\"768\" height=\"1024\" data-id=\"153366\" \/><\/figure>\n<\/li>\n<li class=\"wp-block-jetpack-slideshow_slide swiper-slide swiper-slide-duplicate swiper-slide-duplicate-active\" role=\"group\" data-swiper-slide-index=\"0\" aria-hidden=\"true\" aria-label=\"6 \/ 6\">\n<figure><img loading=\"lazy\" decoding=\"async\" class=\"wp-block-jetpack-slideshow_image wp-image-153362\" src=\"https:\/\/www.ttm.nl\/wp-content\/uploads\/2023\/05\/076e32c1-9edd-434a-ba36-24690671bba0-768x1024.jpeg\" sizes=\"auto, (max-width: 768px) 100vw, 768px\" srcset=\"https:\/\/www.ttm.nl\/wp-content\/uploads\/2023\/05\/076e32c1-9edd-434a-ba36-24690671bba0-768x1024.jpeg 768w, https:\/\/www.ttm.nl\/wp-content\/uploads\/2023\/05\/076e32c1-9edd-434a-ba36-24690671bba0-225x300.jpeg 225w, https:\/\/www.ttm.nl\/wp-content\/uploads\/2023\/05\/076e32c1-9edd-434a-ba36-24690671bba0-1152x1536.jpeg 1152w, https:\/\/www.ttm.nl\/wp-content\/uploads\/2023\/05\/076e32c1-9edd-434a-ba36-24690671bba0-156x208.jpeg 156w, https:\/\/www.ttm.nl\/wp-content\/uploads\/2023\/05\/076e32c1-9edd-434a-ba36-24690671bba0-336x448.jpeg 336w, https:\/\/www.ttm.nl\/wp-content\/uploads\/2023\/05\/076e32c1-9edd-434a-ba36-24690671bba0.jpeg 1200w\" alt=\"\" width=\"768\" height=\"1024\" data-id=\"153362\" \/><\/figure>\n<\/li>\n<\/ul>\n<div class=\"wp-block-jetpack-slideshow_pagination swiper-pagination swiper-pagination-white swiper-pagination-custom\"><\/div>\n<\/div>\n<\/div>\n<p>Ve\u0107 neko vreme kru\u017ee glasine da \u0107e novi Cummins X15d dobiti mesto u novoj generaciji DAF-a ako debituje na australijskom tr\u017ei\u0161tu. Te glasine su istinite, kako se ispostavilo, jer XG+ predstavljen na sajmu kamiona u Brisbaneu ima tu pogonsku jedinicu od 660 KS.<\/p>\n<div class=\"wp-block-image is-style-default\">\n<figure class=\"alignright size-full is-resized\"><img loading=\"lazy\" decoding=\"async\" class=\"wp-image-153334\" src=\"https:\/\/www.ttm.nl\/wp-content\/uploads\/2023\/05\/126-X15D-ENGINE-SOCIAL-MEDIA-1170x620px-768x407.jpg.webp\" sizes=\"auto, (max-width: 308px) 100vw, 308px\" srcset=\"https:\/\/www.ttm.nl\/wp-content\/uploads\/2023\/05\/126-X15D-ENGINE-SOCIAL-MEDIA-1170x620px-768x407.jpg.webp 768w, https:\/\/www.ttm.nl\/wp-content\/uploads\/2023\/05\/126-X15D-ENGINE-SOCIAL-MEDIA-1170x620px-768x407.jpg-300x159.webp 300w, https:\/\/www.ttm.nl\/wp-content\/uploads\/2023\/05\/126-X15D-ENGINE-SOCIAL-MEDIA-1170x620px-768x407.jpg-336x178.webp 336w\" alt=\"\" width=\"308\" height=\"163\" \/><\/figure>\n<\/div>\n<p>Cummins X15d ima obrtni moment od 660 Nm pored tih 3200 KS. Te\u017eak je nevjerojatnih 235 kg manje od X15 koji zamjenjuje i ima prijavljenih 8 posto manju potro\u0161nju goriva.<\/p>\n<p>Novi motor, koji bi se mogao zvati MX-15 u DAF-u, trenutno je rezervisan za australijsko tr\u017ei\u0161te, gde \u0107e XG+ biti na tr\u017ei\u0161tu slede\u0107e godine. Tako te\u017eak motor savr\u0161eno se uklapa sa, na primer, B-dvostrukim kombinacijama koje tamo voze. Navodno nema planova za vje\u0161anje &#8216;MX-15&#8217; u evropskim DAF-ovima.<\/p>\n<\/div>\n<p>&nbsp;<\/p>\n<p>https:\/\/www.ttm.nl\/<\/p>\n","protected":false},"excerpt":{"rendered":"<p>Paccar je prvi na Brisbane sajmu kamiona u Australiji: novi DAF XG+. To u Holandiji znamo ve\u0107 neko vreme, ali ne znamo X15d motor sa 660 KS ovde. DAF je aktivan na australijskom tr\u017ei\u0161tu ve\u0107 godinama, gde je drumski saobra\u0107aj \u010desto malo te\u017ei nego u Evropi. Zato su DAF-ovi prethodne generacije ve\u0107 bili dostupni sa&hellip;<\/p>\n","protected":false},"author":2,"featured_media":76894,"comment_status":"closed","ping_status":"closed","sticky":false,"template":"","format":"standard","meta":{"footnotes":""},"categories":[567,523],"tags":[],"class_list":["post-107531","post","type-post","status-publish","format-standard","has-post-thumbnail","hentry","category-drumski-prevoz-robe-sl","category-uncategorized-sl","category-567","category-523","description-off"],"yoast_head":"<!-- This site is optimized with the Yoast SEO plugin v19.6 - https:\/\/yoast.com\/wordpress\/plugins\/seo\/ -->\n<title>DAF prikazuje XG+ sa 660 KS - Klaster Logistika<\/title>\n<meta name=\"robots\" content=\"index, follow, max-snippet:-1, max-image-preview:large, max-video-preview:-1\" \/>\n<link rel=\"canonical\" href=\"https:\/\/www.logistika.ba\/sl\/daf-prikazuje-xg-sa-660-ks\/\" \/>\n<meta property=\"og:locale\" content=\"sl_SI\" \/>\n<meta property=\"og:type\" content=\"article\" \/>\n<meta property=\"og:title\" content=\"DAF prikazuje XG+ sa 660 KS - Klaster Logistika\" \/>\n<meta property=\"og:description\" content=\"Paccar je prvi na Brisbane sajmu kamiona u Australiji: novi DAF XG+. To u Holandiji znamo ve\u0107 neko vreme, ali ne znamo X15d motor sa 660 KS ovde. DAF je aktivan na australijskom tr\u017ei\u0161tu ve\u0107 godinama, gde je drumski saobra\u0107aj \u010desto malo te\u017ei nego u Evropi. Zato su DAF-ovi prethodne generacije ve\u0107 bili dostupni sa&hellip;\" \/>\n<meta property=\"og:url\" content=\"https:\/\/www.logistika.ba\/sl\/daf-prikazuje-xg-sa-660-ks\/\" \/>\n<meta property=\"og:site_name\" content=\"Klaster Logistika\" \/>\n<meta property=\"article:published_time\" content=\"2023-05-20T11:25:13+00:00\" \/>\n<meta property=\"article:modified_time\" content=\"2023-05-20T11:27:24+00:00\" \/>\n<meta property=\"og:image\" content=\"https:\/\/www.logistika.ba\/wp-content\/uploads\/2022\/10\/DAF-Trucks-XD-articleDetail-557e0ddc-359860.jpg\" \/>\n\t<meta property=\"og:image:width\" content=\"740\" \/>\n\t<meta property=\"og:image:height\" content=\"400\" \/>\n\t<meta property=\"og:image:type\" content=\"image\/jpeg\" \/>\n<meta name=\"author\" content=\"Klaster Logistika\" \/>\n<meta name=\"twitter:card\" content=\"summary_large_image\" \/>\n<meta name=\"twitter:label1\" content=\"Written by\" \/>\n\t<meta name=\"twitter:data1\" content=\"Klaster Logistika\" \/>\n\t<meta name=\"twitter:label2\" content=\"Est. reading time\" \/>\n\t<meta name=\"twitter:data2\" content=\"1 minuta\" \/>\n<script type=\"application\/ld+json\" class=\"yoast-schema-graph\">{\"@context\":\"https:\/\/schema.org\",\"@graph\":[{\"@type\":\"WebPage\",\"@id\":\"https:\/\/www.logistika.ba\/sl\/daf-prikazuje-xg-sa-660-ks\/\",\"url\":\"https:\/\/www.logistika.ba\/sl\/daf-prikazuje-xg-sa-660-ks\/\",\"name\":\"DAF prikazuje XG+ sa 660 KS - Klaster Logistika\",\"isPartOf\":{\"@id\":\"https:\/\/www.logistika.ba\/#website\"},\"datePublished\":\"2023-05-20T11:25:13+00:00\",\"dateModified\":\"2023-05-20T11:27:24+00:00\",\"author\":{\"@id\":\"https:\/\/www.logistika.ba\/#\/schema\/person\/46ef21d9f81bfe4fd9b6a2013bae7314\"},\"breadcrumb\":{\"@id\":\"https:\/\/www.logistika.ba\/sl\/daf-prikazuje-xg-sa-660-ks\/#breadcrumb\"},\"inLanguage\":\"sl-SI\",\"potentialAction\":[{\"@type\":\"ReadAction\",\"target\":[\"https:\/\/www.logistika.ba\/sl\/daf-prikazuje-xg-sa-660-ks\/\"]}]},{\"@type\":\"BreadcrumbList\",\"@id\":\"https:\/\/www.logistika.ba\/sl\/daf-prikazuje-xg-sa-660-ks\/#breadcrumb\",\"itemListElement\":[{\"@type\":\"ListItem\",\"position\":1,\"name\":\"Home\",\"item\":\"https:\/\/www.logistika.ba\/sl\/3-creative\/\"},{\"@type\":\"ListItem\",\"position\":2,\"name\":\"DAF prikazuje XG+ sa 660 KS\"}]},{\"@type\":\"WebSite\",\"@id\":\"https:\/\/www.logistika.ba\/#website\",\"url\":\"https:\/\/www.logistika.ba\/\",\"name\":\"Klaster Logistika\",\"description\":\"Okupljanje za uspje\u0161nije poslovanje\",\"potentialAction\":[{\"@type\":\"SearchAction\",\"target\":{\"@type\":\"EntryPoint\",\"urlTemplate\":\"https:\/\/www.logistika.ba\/?s={search_term_string}\"},\"query-input\":\"required name=search_term_string\"}],\"inLanguage\":\"sl-SI\"},{\"@type\":\"Person\",\"@id\":\"https:\/\/www.logistika.ba\/#\/schema\/person\/46ef21d9f81bfe4fd9b6a2013bae7314\",\"name\":\"Klaster Logistika\",\"url\":\"https:\/\/www.logistika.ba\/sl\/author\/veliborp\/\"}]}<\/script>\n<!-- \/ Yoast SEO plugin. -->","yoast_head_json":{"title":"DAF prikazuje XG+ sa 660 KS - Klaster Logistika","robots":{"index":"index","follow":"follow","max-snippet":"max-snippet:-1","max-image-preview":"max-image-preview:large","max-video-preview":"max-video-preview:-1"},"canonical":"https:\/\/www.logistika.ba\/sl\/daf-prikazuje-xg-sa-660-ks\/","og_locale":"sl_SI","og_type":"article","og_title":"DAF prikazuje XG+ sa 660 KS - Klaster Logistika","og_description":"Paccar je prvi na Brisbane sajmu kamiona u Australiji: novi DAF XG+. To u Holandiji znamo ve\u0107 neko vreme, ali ne znamo X15d motor sa 660 KS ovde. DAF je aktivan na australijskom tr\u017ei\u0161tu ve\u0107 godinama, gde je drumski saobra\u0107aj \u010desto malo te\u017ei nego u Evropi. Zato su DAF-ovi prethodne generacije ve\u0107 bili dostupni sa&hellip;","og_url":"https:\/\/www.logistika.ba\/sl\/daf-prikazuje-xg-sa-660-ks\/","og_site_name":"Klaster Logistika","article_published_time":"2023-05-20T11:25:13+00:00","article_modified_time":"2023-05-20T11:27:24+00:00","og_image":[{"width":740,"height":400,"url":"https:\/\/www.logistika.ba\/wp-content\/uploads\/2022\/10\/DAF-Trucks-XD-articleDetail-557e0ddc-359860.jpg","type":"image\/jpeg"}],"author":"Klaster Logistika","twitter_card":"summary_large_image","twitter_misc":{"Written by":"Klaster Logistika","Est. reading time":"1 minuta"},"schema":{"@context":"https:\/\/schema.org","@graph":[{"@type":"WebPage","@id":"https:\/\/www.logistika.ba\/sl\/daf-prikazuje-xg-sa-660-ks\/","url":"https:\/\/www.logistika.ba\/sl\/daf-prikazuje-xg-sa-660-ks\/","name":"DAF prikazuje XG+ sa 660 KS - Klaster Logistika","isPartOf":{"@id":"https:\/\/www.logistika.ba\/#website"},"datePublished":"2023-05-20T11:25:13+00:00","dateModified":"2023-05-20T11:27:24+00:00","author":{"@id":"https:\/\/www.logistika.ba\/#\/schema\/person\/46ef21d9f81bfe4fd9b6a2013bae7314"},"breadcrumb":{"@id":"https:\/\/www.logistika.ba\/sl\/daf-prikazuje-xg-sa-660-ks\/#breadcrumb"},"inLanguage":"sl-SI","potentialAction":[{"@type":"ReadAction","target":["https:\/\/www.logistika.ba\/sl\/daf-prikazuje-xg-sa-660-ks\/"]}]},{"@type":"BreadcrumbList","@id":"https:\/\/www.logistika.ba\/sl\/daf-prikazuje-xg-sa-660-ks\/#breadcrumb","itemListElement":[{"@type":"ListItem","position":1,"name":"Home","item":"https:\/\/www.logistika.ba\/sl\/3-creative\/"},{"@type":"ListItem","position":2,"name":"DAF prikazuje XG+ sa 660 KS"}]},{"@type":"WebSite","@id":"https:\/\/www.logistika.ba\/#website","url":"https:\/\/www.logistika.ba\/","name":"Klaster Logistika","description":"Okupljanje za uspje\u0161nije poslovanje","potentialAction":[{"@type":"SearchAction","target":{"@type":"EntryPoint","urlTemplate":"https:\/\/www.logistika.ba\/?s={search_term_string}"},"query-input":"required name=search_term_string"}],"inLanguage":"sl-SI"},{"@type":"Person","@id":"https:\/\/www.logistika.ba\/#\/schema\/person\/46ef21d9f81bfe4fd9b6a2013bae7314","name":"Klaster Logistika","url":"https:\/\/www.logistika.ba\/sl\/author\/veliborp\/"}]}},"_links":{"self":[{"href":"https:\/\/www.logistika.ba\/sl\/wp-json\/wp\/v2\/posts\/107531","targetHints":{"allow":["GET"]}}],"collection":[{"href":"https:\/\/www.logistika.ba\/sl\/wp-json\/wp\/v2\/posts"}],"about":[{"href":"https:\/\/www.logistika.ba\/sl\/wp-json\/wp\/v2\/types\/post"}],"author":[{"embeddable":true,"href":"https:\/\/www.logistika.ba\/sl\/wp-json\/wp\/v2\/users\/2"}],"replies":[{"embeddable":true,"href":"https:\/\/www.logistika.ba\/sl\/wp-json\/wp\/v2\/comments?post=107531"}],"version-history":[{"count":1,"href":"https:\/\/www.logistika.ba\/sl\/wp-json\/wp\/v2\/posts\/107531\/revisions"}],"predecessor-version":[{"id":107537,"href":"https:\/\/www.logistika.ba\/sl\/wp-json\/wp\/v2\/posts\/107531\/revisions\/107537"}],"wp:featuredmedia":[{"embeddable":true,"href":"https:\/\/www.logistika.ba\/sl\/wp-json\/wp\/v2\/media\/76894"}],"wp:attachment":[{"href":"https:\/\/www.logistika.ba\/sl\/wp-json\/wp\/v2\/media?parent=107531"}],"wp:term":[{"taxonomy":"category","embeddable":true,"href":"https:\/\/www.logistika.ba\/sl\/wp-json\/wp\/v2\/categories?post=107531"},{"taxonomy":"post_tag","embeddable":true,"href":"https:\/\/www.logistika.ba\/sl\/wp-json\/wp\/v2\/tags?post=107531"}],"curies":[{"name":"wp","href":"https:\/\/api.w.org\/{rel}","templated":true}]}}