{"id":128204,"date":"2024-05-17T06:31:35","date_gmt":"2024-05-17T06:31:35","guid":{"rendered":"https:\/\/www.logistika.ba\/cijena-usluga-prevoza-u-evropi-je-pala-za-dva-odsto-u-prvom-kvartalu\/"},"modified":"2024-05-17T06:40:57","modified_gmt":"2024-05-17T06:40:57","slug":"cijena-usluga-prevoza-u-evropi-je-pala-za-dva-odsto-u-prvom-kvartalu","status":"publish","type":"post","link":"https:\/\/www.logistika.ba\/sl\/cijena-usluga-prevoza-u-evropi-je-pala-za-dva-odsto-u-prvom-kvartalu\/","title":{"rendered":"Cijena usluga prevoza u Evropi je pala za dva odsto u prvom kvartalu!"},"content":{"rendered":"<p class=\"mce\">Cene drumskog transporta u Evropi su pale. U prvom kvartalu ove godine\u00a0<strong class=\"mce\">stope u ugovorima o transportu bile su za dva odsto ni\u017ee nego u prethodnom kvartalu<\/strong>. Ako se napravi pore\u0111enje izme\u0111u godina, u prvom kvartalu 2024. godine stope su pale za 0,8% u odnosu na isti period 2023. godine. Ovo su glavni zaklju\u010dci indeksa koje kvartalno objavljuju konsultantske kompanije Upply i Transport Intelligence zajedno sa transportnim udru\u017eenjem IRU.<\/p>\n<p class=\"mce\">Spot cene, koje odra\u017eavaju kratkoro\u010dnu potra\u017enju za prevozom, tako\u0111e su pale. U prvom kvartalu 2024. godine\u00a0<strong class=\"mce\">pad spot stopa je 0,9% u odnosu na prethodni kvartal i 6,2% u odnosu na isti kvartal prethodne godine<\/strong>.<\/p>\n<div class=\"inset-auto\">\n<figure class=\"media-image r16-9\"><img loading=\"lazy\" decoding=\"async\" class=\"photo loaded\" src=\"https:\/\/www.rutadeltransporte.com\/2024\/05\/14\/noticias-transporte\/Tabla-Upply-evolucion-tarifas-contratos_1875722440_1015109_660x372.jpg\" alt=\"Upply tabela sa evolucijom ugovora (crvena) i spot (ru\u017ei\u010dasta) stopa.\" width=\"660\" height=\"372\" data-orig=\"\" data-orig-dim=\"x\" data-src=\"https:\/\/www.rutadeltransporte.com\/2024\/05\/14\/noticias-transporte\/Tabla-Upply-evolucion-tarifas-contratos_1875722440_1015109_660x372.jpg\" \/><\/figure>\n<\/div>\n<div class=\"captioned-info\">\n<div class=\"captioned-info\"><\/div>\n<\/div>\n<p>Upply tabela sa evolucijom ugovora (crvena) i spot (ru\u017ei\u010dasta) stopa.<\/p>\n<blockquote>\n<p class=\"mce\">U ovom indeksu, konsultanti uzimaju cene iz januara 2017. godine kao referencu (sa 100 poena). Kao \u0161to je prikazano na grafikonu, u prvom kvartalu 2024. indeks ugovora iznosio je 127,6 bodova \u2013 2,6 bodova manje nego u prethodnom kvartalu \u2013 a indeks spot stope na 123,9 bodova \u2013 1,1 bod manje nego u prethodnom kvartalu.<\/p>\n<\/blockquote>\n<p class=\"mce\">Na linijama izme\u0111u\u00a0<strong class=\"mce\">Pariza i Madrida porasle su cene, kako u ugovornim tako i u spot tarifama<\/strong>, me\u0111utim, u suprotnom smeru (Madrid-Pariz) cene su pale. Thomas Larrieu, izvr\u0161ni direktor Upplyja, objasnio je na predstavljanju izvje\u0161taja da je to zato \u0161to &#8220;\u0160paniji ide jako dobro u ekonomskim izgledima, ali to nije slu\u010daj u Francuskoj&#8221;.<\/p>\n<p class=\"mce\">Sve u svemu, Larrieu je pozitivan u pogledu budu\u0107nosti: &#8220;Sektor drumskog saobra\u0107aja suo\u010dava se sa te\u0161kim ekonomskim okru\u017eenjem.\u00a0<strong class=\"mce\">Slaba potra\u017enja dovodi do pada spot i ugovornih stopa u prvom kvartalu 2024. godine, dok tro\u0161kovi za operatere ostaju povi\u0161eni<\/strong>. Me\u0111utim, po\u010dinju da se pojavljuju znaci ekonomskog oporavka, a cene su ve\u0107 porasle na nekim rutama u aprilu 2024. godine. O\u010dekujemo da \u0107e se situacija postepeno pobolj\u0161avati tokom godine.&#8221;<\/p>\n<blockquote>\n<p class=\"mce\">U prvom kvartalu 2024. godine,\u00a0<strong class=\"mce\">cene dizela su se smanjile \u0161irom Evrope sa vrhunca pro\u0161le godine<\/strong>, ubla\u017eavaju\u0107i pritisak na ponudu. Na kraju prvog kvartala, prose\u010dna cena dizela na pumpi u Evropi iznosila je 1,68 evra po litru, \u0161to je za devet odsto manje u odnosu na vrhunac pro\u0161le godine krajem septembra (iako je i dalje 10 odsto iznad nivoa iz januara 2022. godine).<\/p>\n<\/blockquote>\n<p class=\"mce\">U izve\u0161taju se navode i zemlje u kojima\u00a0<a class=\"mce\" href=\"https:\/\/www.rutadeltransporte.com\/noticias-transporte\/transporte-estudia-trasladar-peajes-clientes_0_1714928497.html\" target=\"_blank\" rel=\"noopener\">se ve\u0107 primenjuje Eurovignette<\/a>, \u0161to pove\u0107ava pritisak na tarife (posebno u Nema\u010dkoj).\u00a0<a class=\"mce\" href=\"https:\/\/www.rutadeltransporte.com\/noticias-transporte\/Alemania-peajes-camiones-Euro-VI_0_1777322262.html\" target=\"_blank\" rel=\"noopener\">Nakon Njema\u010dke<\/a>, putarine na bazi emisija stupile su na snagu u Austriji i Ma\u0111arskoj 1. januara 2024. godine, a u \u010ce\u0161koj u martu. Tro\u0161kovi putarine \u010dinili su oko 14% ukupnih operativnih tro\u0161kova u Njema\u010dkoj i 18% u Austriji.<\/p>\n","protected":false},"excerpt":{"rendered":"<p>Cene drumskog transporta u Evropi su pale. U prvom kvartalu ove godine\u00a0stope u ugovorima o transportu bile su za dva odsto ni\u017ee nego u prethodnom kvartalu. Ako se napravi pore\u0111enje izme\u0111u godina, u prvom kvartalu 2024. godine stope su pale za 0,8% u odnosu na isti period 2023. godine. Ovo su glavni zaklju\u010dci indeksa koje&hellip;<\/p>\n","protected":false},"author":2,"featured_media":125654,"comment_status":"closed","ping_status":"closed","sticky":false,"template":"","format":"standard","meta":{"footnotes":""},"categories":[523],"tags":[],"class_list":["post-128204","post","type-post","status-publish","format-standard","has-post-thumbnail","hentry","category-uncategorized-sl","category-523","description-off"],"yoast_head":"<!-- This site is optimized with the Yoast SEO plugin v19.6 - https:\/\/yoast.com\/wordpress\/plugins\/seo\/ -->\n<title>Cijena usluga prevoza u Evropi je pala za dva odsto u prvom kvartalu! - Klaster Logistika<\/title>\n<meta name=\"robots\" content=\"index, follow, max-snippet:-1, max-image-preview:large, max-video-preview:-1\" \/>\n<link rel=\"canonical\" href=\"https:\/\/www.logistika.ba\/sl\/cijena-usluga-prevoza-u-evropi-je-pala-za-dva-odsto-u-prvom-kvartalu\/\" \/>\n<meta property=\"og:locale\" content=\"sl_SI\" \/>\n<meta property=\"og:type\" content=\"article\" \/>\n<meta property=\"og:title\" content=\"Cijena usluga prevoza u Evropi je pala za dva odsto u prvom kvartalu! - Klaster Logistika\" \/>\n<meta property=\"og:description\" content=\"Cene drumskog transporta u Evropi su pale. U prvom kvartalu ove godine\u00a0stope u ugovorima o transportu bile su za dva odsto ni\u017ee nego u prethodnom kvartalu. Ako se napravi pore\u0111enje izme\u0111u godina, u prvom kvartalu 2024. godine stope su pale za 0,8% u odnosu na isti period 2023. godine. Ovo su glavni zaklju\u010dci indeksa koje&hellip;\" \/>\n<meta property=\"og:url\" content=\"https:\/\/www.logistika.ba\/sl\/cijena-usluga-prevoza-u-evropi-je-pala-za-dva-odsto-u-prvom-kvartalu\/\" \/>\n<meta property=\"og:site_name\" content=\"Klaster Logistika\" \/>\n<meta property=\"article:published_time\" content=\"2024-05-17T06:31:35+00:00\" \/>\n<meta property=\"article:modified_time\" content=\"2024-05-17T06:40:57+00:00\" \/>\n<meta property=\"og:image\" content=\"https:\/\/www.logistika.ba\/wp-content\/uploads\/2024\/03\/dafaaaaaaaaaaaaaa.jpg\" \/>\n\t<meta property=\"og:image:width\" content=\"1200\" \/>\n\t<meta property=\"og:image:height\" content=\"600\" \/>\n\t<meta property=\"og:image:type\" content=\"image\/jpeg\" \/>\n<meta name=\"author\" content=\"Klaster Logistika\" \/>\n<meta name=\"twitter:card\" content=\"summary_large_image\" \/>\n<meta name=\"twitter:label1\" content=\"Written by\" \/>\n\t<meta name=\"twitter:data1\" content=\"Klaster Logistika\" \/>\n\t<meta name=\"twitter:label2\" content=\"Est. reading time\" \/>\n\t<meta name=\"twitter:data2\" content=\"2 minuti\" \/>\n<script type=\"application\/ld+json\" class=\"yoast-schema-graph\">{\"@context\":\"https:\/\/schema.org\",\"@graph\":[{\"@type\":\"WebPage\",\"@id\":\"https:\/\/www.logistika.ba\/sl\/cijena-usluga-prevoza-u-evropi-je-pala-za-dva-odsto-u-prvom-kvartalu\/\",\"url\":\"https:\/\/www.logistika.ba\/sl\/cijena-usluga-prevoza-u-evropi-je-pala-za-dva-odsto-u-prvom-kvartalu\/\",\"name\":\"Cijena usluga prevoza u Evropi je pala za dva odsto u prvom kvartalu! - Klaster Logistika\",\"isPartOf\":{\"@id\":\"https:\/\/www.logistika.ba\/#website\"},\"datePublished\":\"2024-05-17T06:31:35+00:00\",\"dateModified\":\"2024-05-17T06:40:57+00:00\",\"author\":{\"@id\":\"https:\/\/www.logistika.ba\/#\/schema\/person\/46ef21d9f81bfe4fd9b6a2013bae7314\"},\"breadcrumb\":{\"@id\":\"https:\/\/www.logistika.ba\/sl\/cijena-usluga-prevoza-u-evropi-je-pala-za-dva-odsto-u-prvom-kvartalu\/#breadcrumb\"},\"inLanguage\":\"sl-SI\",\"potentialAction\":[{\"@type\":\"ReadAction\",\"target\":[\"https:\/\/www.logistika.ba\/sl\/cijena-usluga-prevoza-u-evropi-je-pala-za-dva-odsto-u-prvom-kvartalu\/\"]}]},{\"@type\":\"BreadcrumbList\",\"@id\":\"https:\/\/www.logistika.ba\/sl\/cijena-usluga-prevoza-u-evropi-je-pala-za-dva-odsto-u-prvom-kvartalu\/#breadcrumb\",\"itemListElement\":[{\"@type\":\"ListItem\",\"position\":1,\"name\":\"Home\",\"item\":\"https:\/\/www.logistika.ba\/sl\/3-creative\/\"},{\"@type\":\"ListItem\",\"position\":2,\"name\":\"Cijena usluga prevoza u Evropi je pala za dva odsto u prvom kvartalu!\"}]},{\"@type\":\"WebSite\",\"@id\":\"https:\/\/www.logistika.ba\/#website\",\"url\":\"https:\/\/www.logistika.ba\/\",\"name\":\"Klaster Logistika\",\"description\":\"Okupljanje za uspje\u0161nije poslovanje\",\"potentialAction\":[{\"@type\":\"SearchAction\",\"target\":{\"@type\":\"EntryPoint\",\"urlTemplate\":\"https:\/\/www.logistika.ba\/?s={search_term_string}\"},\"query-input\":\"required name=search_term_string\"}],\"inLanguage\":\"sl-SI\"},{\"@type\":\"Person\",\"@id\":\"https:\/\/www.logistika.ba\/#\/schema\/person\/46ef21d9f81bfe4fd9b6a2013bae7314\",\"name\":\"Klaster Logistika\",\"url\":\"https:\/\/www.logistika.ba\/sl\/author\/veliborp\/\"}]}<\/script>\n<!-- \/ Yoast SEO plugin. -->","yoast_head_json":{"title":"Cijena usluga prevoza u Evropi je pala za dva odsto u prvom kvartalu! - Klaster Logistika","robots":{"index":"index","follow":"follow","max-snippet":"max-snippet:-1","max-image-preview":"max-image-preview:large","max-video-preview":"max-video-preview:-1"},"canonical":"https:\/\/www.logistika.ba\/sl\/cijena-usluga-prevoza-u-evropi-je-pala-za-dva-odsto-u-prvom-kvartalu\/","og_locale":"sl_SI","og_type":"article","og_title":"Cijena usluga prevoza u Evropi je pala za dva odsto u prvom kvartalu! - Klaster Logistika","og_description":"Cene drumskog transporta u Evropi su pale. U prvom kvartalu ove godine\u00a0stope u ugovorima o transportu bile su za dva odsto ni\u017ee nego u prethodnom kvartalu. Ako se napravi pore\u0111enje izme\u0111u godina, u prvom kvartalu 2024. godine stope su pale za 0,8% u odnosu na isti period 2023. godine. Ovo su glavni zaklju\u010dci indeksa koje&hellip;","og_url":"https:\/\/www.logistika.ba\/sl\/cijena-usluga-prevoza-u-evropi-je-pala-za-dva-odsto-u-prvom-kvartalu\/","og_site_name":"Klaster Logistika","article_published_time":"2024-05-17T06:31:35+00:00","article_modified_time":"2024-05-17T06:40:57+00:00","og_image":[{"width":1200,"height":600,"url":"https:\/\/www.logistika.ba\/wp-content\/uploads\/2024\/03\/dafaaaaaaaaaaaaaa.jpg","type":"image\/jpeg"}],"author":"Klaster Logistika","twitter_card":"summary_large_image","twitter_misc":{"Written by":"Klaster Logistika","Est. reading time":"2 minuti"},"schema":{"@context":"https:\/\/schema.org","@graph":[{"@type":"WebPage","@id":"https:\/\/www.logistika.ba\/sl\/cijena-usluga-prevoza-u-evropi-je-pala-za-dva-odsto-u-prvom-kvartalu\/","url":"https:\/\/www.logistika.ba\/sl\/cijena-usluga-prevoza-u-evropi-je-pala-za-dva-odsto-u-prvom-kvartalu\/","name":"Cijena usluga prevoza u Evropi je pala za dva odsto u prvom kvartalu! - Klaster Logistika","isPartOf":{"@id":"https:\/\/www.logistika.ba\/#website"},"datePublished":"2024-05-17T06:31:35+00:00","dateModified":"2024-05-17T06:40:57+00:00","author":{"@id":"https:\/\/www.logistika.ba\/#\/schema\/person\/46ef21d9f81bfe4fd9b6a2013bae7314"},"breadcrumb":{"@id":"https:\/\/www.logistika.ba\/sl\/cijena-usluga-prevoza-u-evropi-je-pala-za-dva-odsto-u-prvom-kvartalu\/#breadcrumb"},"inLanguage":"sl-SI","potentialAction":[{"@type":"ReadAction","target":["https:\/\/www.logistika.ba\/sl\/cijena-usluga-prevoza-u-evropi-je-pala-za-dva-odsto-u-prvom-kvartalu\/"]}]},{"@type":"BreadcrumbList","@id":"https:\/\/www.logistika.ba\/sl\/cijena-usluga-prevoza-u-evropi-je-pala-za-dva-odsto-u-prvom-kvartalu\/#breadcrumb","itemListElement":[{"@type":"ListItem","position":1,"name":"Home","item":"https:\/\/www.logistika.ba\/sl\/3-creative\/"},{"@type":"ListItem","position":2,"name":"Cijena usluga prevoza u Evropi je pala za dva odsto u prvom kvartalu!"}]},{"@type":"WebSite","@id":"https:\/\/www.logistika.ba\/#website","url":"https:\/\/www.logistika.ba\/","name":"Klaster Logistika","description":"Okupljanje za uspje\u0161nije poslovanje","potentialAction":[{"@type":"SearchAction","target":{"@type":"EntryPoint","urlTemplate":"https:\/\/www.logistika.ba\/?s={search_term_string}"},"query-input":"required name=search_term_string"}],"inLanguage":"sl-SI"},{"@type":"Person","@id":"https:\/\/www.logistika.ba\/#\/schema\/person\/46ef21d9f81bfe4fd9b6a2013bae7314","name":"Klaster Logistika","url":"https:\/\/www.logistika.ba\/sl\/author\/veliborp\/"}]}},"_links":{"self":[{"href":"https:\/\/www.logistika.ba\/sl\/wp-json\/wp\/v2\/posts\/128204","targetHints":{"allow":["GET"]}}],"collection":[{"href":"https:\/\/www.logistika.ba\/sl\/wp-json\/wp\/v2\/posts"}],"about":[{"href":"https:\/\/www.logistika.ba\/sl\/wp-json\/wp\/v2\/types\/post"}],"author":[{"embeddable":true,"href":"https:\/\/www.logistika.ba\/sl\/wp-json\/wp\/v2\/users\/2"}],"replies":[{"embeddable":true,"href":"https:\/\/www.logistika.ba\/sl\/wp-json\/wp\/v2\/comments?post=128204"}],"version-history":[{"count":1,"href":"https:\/\/www.logistika.ba\/sl\/wp-json\/wp\/v2\/posts\/128204\/revisions"}],"predecessor-version":[{"id":128210,"href":"https:\/\/www.logistika.ba\/sl\/wp-json\/wp\/v2\/posts\/128204\/revisions\/128210"}],"wp:featuredmedia":[{"embeddable":true,"href":"https:\/\/www.logistika.ba\/sl\/wp-json\/wp\/v2\/media\/125654"}],"wp:attachment":[{"href":"https:\/\/www.logistika.ba\/sl\/wp-json\/wp\/v2\/media?parent=128204"}],"wp:term":[{"taxonomy":"category","embeddable":true,"href":"https:\/\/www.logistika.ba\/sl\/wp-json\/wp\/v2\/categories?post=128204"},{"taxonomy":"post_tag","embeddable":true,"href":"https:\/\/www.logistika.ba\/sl\/wp-json\/wp\/v2\/tags?post=128204"}],"curies":[{"name":"wp","href":"https:\/\/api.w.org\/{rel}","templated":true}]}}