{"id":135226,"date":"2024-10-29T21:50:23","date_gmt":"2024-10-29T21:50:23","guid":{"rendered":"https:\/\/www.logistika.ba\/135217\/"},"modified":"2024-10-29T21:56:03","modified_gmt":"2024-10-29T21:56:03","slug":"135217","status":"publish","type":"post","link":"https:\/\/www.logistika.ba\/sl\/135217\/","title":{"rendered":"zamaaero regionalni avio-portal: REGIONALNE  NOVOSTI AVIO-PREVOZA!"},"content":{"rendered":"<div class=\"elementor-column elementor-col-50 elementor-top-column elementor-element elementor-element-d33e7a8\" data-id=\"d33e7a8\" data-element_type=\"column\">\n<div class=\"elementor-column-wrap elementor-element-populated\">\n<div class=\"elementor-widget-wrap\">\n<div class=\"elementor-element elementor-element-c02e78a elementor-widget elementor-widget-theme-post-featured-image elementor-widget-image\" data-id=\"c02e78a\" data-element_type=\"widget\" data-widget_type=\"theme-post-featured-image.default\">\n<div class=\"elementor-widget-container\">\n<div class=\"elementor-image\"><img loading=\"lazy\" decoding=\"async\" class=\"attachment-large size-large wp-image-4321 alignright\" src=\"https:\/\/zamaaero.com\/wp-content\/uploads\/2021\/02\/KorTGD3X-1024x608.jpg\" sizes=\"auto, (max-width: 800px) 100vw, 800px\" srcset=\"https:\/\/zamaaero.com\/wp-content\/uploads\/2021\/02\/KorTGD3X-1024x608.jpg 1024w, https:\/\/zamaaero.com\/wp-content\/uploads\/2021\/02\/KorTGD3X-300x178.jpg 300w, https:\/\/zamaaero.com\/wp-content\/uploads\/2021\/02\/KorTGD3X-768x456.jpg 768w, https:\/\/zamaaero.com\/wp-content\/uploads\/2021\/02\/KorTGD3X.jpg 1080w\" alt=\"\" width=\"800\" height=\"475\" \/><\/div>\n<\/div>\n<\/div>\n<\/div>\n<\/div>\n<\/div>\n<div class=\"elementor-column elementor-col-50 elementor-top-column elementor-element elementor-element-bee22f5\" data-id=\"bee22f5\" data-element_type=\"column\">\n<div class=\"elementor-column-wrap elementor-element-populated\">\n<div class=\"elementor-widget-wrap\">\n<div id=\"Va\u017eno upozorenje Aerodroma Crne Gore\" class=\"elementor-element elementor-element-4af5e86 elementor-widget elementor-widget-theme-post-title elementor-page-title elementor-widget-heading\" data-id=\"4af5e86\" data-element_type=\"widget\" data-widget_type=\"theme-post-title.default\">\n<div class=\"elementor-widget-container\">\n<h1 class=\"elementor-heading-title elementor-size-default\"><a href=\"https:\/\/zamaaero.com\/home\">zamaaero\u00a0regionalni avio-portal<\/a><\/h1>\n<h3 class=\"elementor-heading-title elementor-size-default\"><a href=\"https:\/\/zamaaero.com\/26\/10\/2024\/novosti-iz-regije\/vazno-upozorenje-aerodroma-crne-gore\/\">Va\u017eno upozorenje Aerodroma Crne Gore<\/a><\/h3>\n<\/div>\n<\/div>\n<div class=\"elementor-element elementor-element-b316ee8 elementor-widget elementor-widget-post-info\" data-id=\"b316ee8\" data-element_type=\"widget\" data-widget_type=\"post-info.default\">\n<div class=\"elementor-widget-container\">\n<p>&nbsp;<\/p>\n<\/div>\n<\/div>\n<div class=\"elementor-element elementor-element-7552f82 elementor-widget elementor-widget-theme-post-content\" data-id=\"7552f82\" data-element_type=\"widget\" data-widget_type=\"theme-post-content.default\">\n<div class=\"elementor-widget-container\">\n<p>Aerodromi\u00a0<strong>Crne Gore<\/strong>\u00a0obavje\u0161tavaju putnike da su se na dru\u0161tvenim mre\u017eama pojavile stranice koje se la\u017eno predstavljaju kao Aerodrom Podgorica, te mole putnika da budu oprezni i ne nasjedaju na poku\u0161aje prijevare. Aerodromi Crne Gore nikada ne\u0107e tra\u017eiti od putnika osobne podatke ili podatke o kreditnim karticama preko dru\u0161tvenih mre\u017ea \u0161to ove stranice tra\u017ee.<\/p>\n<p><em>analiti\u010dar: Alen \u0160\u0107uric (Zagreb), foto: Aerodrom Podgorica<\/em><\/p>\n<div class=\"elementor-column elementor-col-50 elementor-top-column elementor-element elementor-element-d33e7a8\" data-id=\"d33e7a8\" data-element_type=\"column\">\n<div class=\"elementor-column-wrap elementor-element-populated\">\n<div class=\"elementor-widget-wrap\">\n<div class=\"elementor-element elementor-element-c02e78a elementor-widget elementor-widget-theme-post-featured-image elementor-widget-image\" data-id=\"c02e78a\" data-element_type=\"widget\" data-widget_type=\"theme-post-featured-image.default\">\n<div class=\"elementor-widget-container\">\n<div class=\"elementor-image\"><img loading=\"lazy\" decoding=\"async\" class=\"attachment-large size-large wp-image-1313 alignright\" src=\"https:\/\/zamaaero.com\/wp-content\/uploads\/2020\/11\/KorporativniLJU3x.jpg\" sizes=\"auto, (max-width: 800px) 100vw, 800px\" srcset=\"https:\/\/zamaaero.com\/wp-content\/uploads\/2020\/11\/KorporativniLJU3x.jpg 890w, https:\/\/zamaaero.com\/wp-content\/uploads\/2020\/11\/KorporativniLJU3x-300x200.jpg 300w, https:\/\/zamaaero.com\/wp-content\/uploads\/2020\/11\/KorporativniLJU3x-768x512.jpg 768w\" alt=\"\" width=\"800\" height=\"533\" \/><\/div>\n<\/div>\n<\/div>\n<\/div>\n<\/div>\n<\/div>\n<div class=\"elementor-column elementor-col-50 elementor-top-column elementor-element elementor-element-bee22f5\" data-id=\"bee22f5\" data-element_type=\"column\">\n<div class=\"elementor-column-wrap elementor-element-populated\">\n<div class=\"elementor-widget-wrap\">\n<div id=\"Ljubljana 155.801 putnika u IX. mjesecu\" class=\"elementor-element elementor-element-4af5e86 elementor-widget elementor-widget-theme-post-title elementor-page-title elementor-widget-heading\" data-id=\"4af5e86\" data-element_type=\"widget\" data-widget_type=\"theme-post-title.default\">\n<div class=\"elementor-widget-container\">\n<h3 class=\"elementor-heading-title elementor-size-default\"><a href=\"https:\/\/zamaaero.com\/25\/10\/2024\/novosti-iz-regije\/ljubljana-155-801-putnika-u-ix-mjesecu\/\">Ljubljana 155.801 putnika u IX. mjesecu<\/a><\/h3>\n<\/div>\n<\/div>\n<div class=\"elementor-element elementor-element-b316ee8 elementor-widget elementor-widget-post-info\" data-id=\"b316ee8\" data-element_type=\"widget\" data-widget_type=\"post-info.default\">\n<div class=\"elementor-widget-container\">\n<ul class=\"elementor-inline-items elementor-icon-list-items elementor-post-info\">\n<li class=\"elementor-icon-list-item elementor-repeater-item-c3bd7ce elementor-inline-item\"><span class=\"elementor-icon-list-text elementor-post-info__item elementor-post-info__item--type-date\">25.10.2024<\/span><\/li>\n<li class=\"elementor-icon-list-item elementor-repeater-item-30ca7f2 elementor-inline-item\"><span class=\"elementor-icon-list-text elementor-post-info__item elementor-post-info__item--type-time\">02:01<\/span><\/li>\n<li class=\"elementor-icon-list-item elementor-repeater-item-601ca52 elementor-inline-item\"><a href=\"https:\/\/zamaaero.com\/25\/10\/2024\/novosti-iz-regije\/ljubljana-155-801-putnika-u-ix-mjesecu\/#comments\"><span class=\"elementor-icon-list-text elementor-post-info__item elementor-post-info__item--type-comments\">2 komentara<\/span><\/a><\/li>\n<\/ul>\n<\/div>\n<\/div>\n<div class=\"elementor-element elementor-element-7552f82 elementor-widget elementor-widget-theme-post-content\" data-id=\"7552f82\" data-element_type=\"widget\" data-widget_type=\"theme-post-content.default\">\n<div class=\"elementor-widget-container\">\n<p>Aerodrom\u00a0<strong>Ljubljana<\/strong>\u00a0je u IX. mjesecu ostvario 155.801 putnika, \u0161to je 11% vi\u0161e nego u istom mjesecu 2023. (140.455). U prva tri kvartala ove godine Ljubljana je ostvarila 1.135.301 putnika, \u0161to je 16,8% vi\u0161e nego pro\u0161le godine, ali jo\u0161 uvijek tek 78,3% putnika iz istog perioda 2019.<\/p>\n<p><em>analiti\u010dar: Alen \u0160\u0107uric (Zagreb), foto: Aerodrom Ljubljana<\/em><\/p>\n<div class=\"elementor-column elementor-col-50 elementor-top-column elementor-element elementor-element-d33e7a8\" data-id=\"d33e7a8\" data-element_type=\"column\">\n<div class=\"elementor-column-wrap elementor-element-populated\">\n<div class=\"elementor-widget-wrap\">\n<div class=\"elementor-element elementor-element-c02e78a elementor-widget elementor-widget-theme-post-featured-image elementor-widget-image\" data-id=\"c02e78a\" data-element_type=\"widget\" data-widget_type=\"theme-post-featured-image.default\">\n<div class=\"elementor-widget-container\">\n<div class=\"elementor-image\"><\/div>\n<\/div>\n<\/div>\n<\/div>\n<\/div>\n<\/div>\n<div class=\"elementor-column elementor-col-50 elementor-top-column elementor-element elementor-element-bee22f5\" data-id=\"bee22f5\" data-element_type=\"column\">\n<div class=\"elementor-column-wrap elementor-element-populated\">\n<div class=\"elementor-widget-wrap\">\n<div id=\"Antalya 87 letova u regiji ovog ljeta\" class=\"elementor-element elementor-element-4af5e86 elementor-widget elementor-widget-theme-post-title elementor-page-title elementor-widget-heading\" data-id=\"4af5e86\" data-element_type=\"widget\" data-widget_type=\"theme-post-title.default\">\n<div class=\"elementor-widget-container\">\n<h3 class=\"elementor-heading-title elementor-size-default\"><a href=\"https:\/\/zamaaero.com\/25\/10\/2024\/novosti-iz-regije\/antalya-87-letova-u-regiji-ovog-ljeta\/\">Antalya 87 letova u regiji ovog ljeta<\/a><\/h3>\n<\/div>\n<\/div>\n<div class=\"elementor-element elementor-element-b316ee8 elementor-widget elementor-widget-post-info\" data-id=\"b316ee8\" data-element_type=\"widget\" data-widget_type=\"post-info.default\">\n<div class=\"elementor-widget-container\">\n<ul class=\"elementor-inline-items elementor-icon-list-items elementor-post-info\">\n<li class=\"elementor-icon-list-item elementor-repeater-item-c3bd7ce elementor-inline-item\">\n<h3><span class=\"elementor-icon-list-text elementor-post-info__item elementor-post-info__item--type-date\">25.10.2024<\/span><\/h3>\n<\/li>\n<li class=\"elementor-icon-list-item elementor-repeater-item-30ca7f2 elementor-inline-item\"><span class=\"elementor-icon-list-text elementor-post-info__item elementor-post-info__item--type-time\">02:00<\/span><\/li>\n<li class=\"elementor-icon-list-item elementor-repeater-item-601ca52 elementor-inline-item\"><a href=\"https:\/\/zamaaero.com\/25\/10\/2024\/novosti-iz-regije\/antalya-87-letova-u-regiji-ovog-ljeta\/#comments\"><span class=\"elementor-icon-list-text elementor-post-info__item elementor-post-info__item--type-comments\">11 komentara<\/span><\/a><\/li>\n<\/ul>\n<\/div>\n<\/div>\n<div class=\"elementor-element elementor-element-7552f82 elementor-widget elementor-widget-theme-post-content\" data-id=\"7552f82\" data-element_type=\"widget\" data-widget_type=\"theme-post-content.default\">\n<div class=\"elementor-widget-container\">\n<p>Temeljem zamaData za\u00a0<strong>Antalyu\u00a0<\/strong>su u VIII. mjesecu (promatrani tjedan 5-11.8.) letjeli iz:<\/p>\n<ul>\n<li>Beograda Air Serbia 24 leta i Tailwind 1 let = 25 letova tjedno<\/li>\n<li>Pri\u0161tine SunExpress 10 letova, AJet 7 letova, Pegasus 3 leta, Turkish 2 leta i Corendon 2 leta = 24 leta<\/li>\n<li>Skopja SunExpress 7 letova, Pegasus 4 leta, Freebird 4 leta i AJet 1 let = 16 letova<\/li>\n<li>Sarajeva AJet 5 letova, Pegasus 3 leta, Sunexpress 2 leta i Tailwind 1 let = 11 letova<\/li>\n<li>Tuzle Freebird 3 leta i Tailwind 1 let = 4 leta<\/li>\n<li>Ljubljane Trade Air 2 leta, Turkish 1 let i Corendon 1 let = 4 leta<\/li>\n<li>Banja Luke Freebird 2 leta<\/li>\n<li>Ni\u0161a Air Serbia 1 let tjedno<\/li>\n<\/ul>\n<p>Ovo zna\u010di da Antalya ima 87 letova iz regije tjedno (u prosjeku 12,4 dnevno) koje leti 9 kompanija. Najvi\u0161e letova ima Air Serbia, njih 25 (u prosjeku 3,6 dnevno).<\/p>\n<p><em>dopisnik: Mladen Radi\u0107 (Osijek), foto: Antalya Aerodrom<\/em><\/p>\n<\/div>\n<div class=\"elementor-column elementor-col-50 elementor-top-column elementor-element elementor-element-d33e7a8\" data-id=\"d33e7a8\" data-element_type=\"column\">\n<div class=\"elementor-column-wrap elementor-element-populated\">\n<div class=\"elementor-widget-wrap\">\n<div class=\"elementor-element elementor-element-c02e78a elementor-widget elementor-widget-theme-post-featured-image elementor-widget-image\" data-id=\"c02e78a\" data-element_type=\"widget\" data-widget_type=\"theme-post-featured-image.default\">\n<div class=\"elementor-widget-container\">\n<div class=\"elementor-image\"><img loading=\"lazy\" decoding=\"async\" class=\"attachment-large size-large wp-image-12267 alignright\" src=\"https:\/\/zamaaero.com\/wp-content\/uploads\/2021\/12\/KorSKP7x-1024x682.jpg\" sizes=\"auto, (max-width: 800px) 100vw, 800px\" srcset=\"https:\/\/zamaaero.com\/wp-content\/uploads\/2021\/12\/KorSKP7x-1024x682.jpg 1024w, https:\/\/zamaaero.com\/wp-content\/uploads\/2021\/12\/KorSKP7x-300x200.jpg 300w, https:\/\/zamaaero.com\/wp-content\/uploads\/2021\/12\/KorSKP7x-768x512.jpg 768w, https:\/\/zamaaero.com\/wp-content\/uploads\/2021\/12\/KorSKP7x.jpg 1499w\" alt=\"\" width=\"800\" height=\"533\" \/><\/div>\n<\/div>\n<\/div>\n<\/div>\n<\/div>\n<\/div>\n<div class=\"elementor-column elementor-col-50 elementor-top-column elementor-element elementor-element-bee22f5\" data-id=\"bee22f5\" data-element_type=\"column\">\n<div class=\"elementor-column-wrap elementor-element-populated\">\n<div class=\"elementor-widget-wrap\">\n<div id=\"Skopje i Ohrid 305.456 putnika u IX. mjesecu\" class=\"elementor-element elementor-element-4af5e86 elementor-widget elementor-widget-theme-post-title elementor-page-title elementor-widget-heading\" data-id=\"4af5e86\" data-element_type=\"widget\" data-widget_type=\"theme-post-title.default\">\n<div class=\"elementor-widget-container\">\n<h3 class=\"elementor-heading-title elementor-size-default\"><a href=\"https:\/\/zamaaero.com\/28\/10\/2024\/novosti-iz-regije\/skopje-i-ohrid-305-456-putnika-u-ix-mjesecu\/\">Skopje i Ohrid 305.456 putnika u IX. mjesecu<\/a><\/h3>\n<\/div>\n<\/div>\n<div class=\"elementor-element elementor-element-b316ee8 elementor-widget elementor-widget-post-info\" data-id=\"b316ee8\" data-element_type=\"widget\" data-widget_type=\"post-info.default\">\n<div class=\"elementor-widget-container\">\n<ul class=\"elementor-inline-items elementor-icon-list-items elementor-post-info\">\n<li class=\"elementor-icon-list-item elementor-repeater-item-c3bd7ce elementor-inline-item\"><span class=\"elementor-icon-list-text elementor-post-info__item elementor-post-info__item--type-date\">28.10.2024<\/span><\/li>\n<li class=\"elementor-icon-list-item elementor-repeater-item-30ca7f2 elementor-inline-item\"><span class=\"elementor-icon-list-text elementor-post-info__item elementor-post-info__item--type-time\">01:50<\/span><\/li>\n<li class=\"elementor-icon-list-item elementor-repeater-item-601ca52 elementor-inline-item\"><a href=\"https:\/\/zamaaero.com\/28\/10\/2024\/novosti-iz-regije\/skopje-i-ohrid-305-456-putnika-u-ix-mjesecu\/#comments\"><span class=\"elementor-icon-list-text elementor-post-info__item elementor-post-info__item--type-comments\">4 komentara<\/span><\/a><\/li>\n<\/ul>\n<\/div>\n<\/div>\n<div class=\"elementor-element elementor-element-7552f82 elementor-widget elementor-widget-theme-post-content\" data-id=\"7552f82\" data-element_type=\"widget\" data-widget_type=\"theme-post-content.default\">\n<div class=\"elementor-widget-container\">\n<p>Aerodromi\u00a0<strong>Skopje i Ohrid<\/strong>\u00a0su u IX. mjesecu imali 305.456 putnika (308.555 u IX\/2023). Skopje i Ohrid su u IX. mjesecu imali 2.394 operacija (2.339 u IX\/2023.). Oba aerodroma su od po\u010detka godine ostvarili 2.434.437 putnika (2.357.712 u 2023.). Od po\u010detka godine su imali i 19.590 operacija (17.683 u 2023).<\/p>\n<p><em>analiti\u010dar: Alen \u0160\u0107uric (Zagreb), foto: Aerodrom Skopje<\/em><\/p>\n<\/div>\n<article id=\"post-41636\" class=\"elementor-post elementor-grid-item ecs-post-loop post-41636 post type-post status-publish format-standard has-post-thumbnail hentry category-novosti-iz-regije tag-rijeka\">\n<div class=\"elementor elementor-956 post-41636 post type-post status-publish format-standard has-post-thumbnail hentry category-novosti-iz-regije tag-rijeka\" data-elementor-type=\"loop\" data-elementor-id=\"956\">\n<div class=\"elementor-section-wrap\">\n<section class=\"elementor-section elementor-top-section elementor-element elementor-element-46d9876 elementor-section-full_width elementor-section-height-default elementor-section-height-default\" data-id=\"46d9876\" data-element_type=\"section\">\n<div class=\"elementor-container elementor-column-gap-default\">\n<div class=\"elementor-row\">\n<div class=\"elementor-column elementor-col-50 elementor-top-column elementor-element elementor-element-d33e7a8\" data-id=\"d33e7a8\" data-element_type=\"column\">\n<div class=\"elementor-column-wrap elementor-element-populated\">\n<div class=\"elementor-widget-wrap\">\n<div class=\"elementor-element elementor-element-c02e78a elementor-widget elementor-widget-theme-post-featured-image elementor-widget-image\" data-id=\"c02e78a\" data-element_type=\"widget\" data-widget_type=\"theme-post-featured-image.default\">\n<div class=\"elementor-widget-container\">\n<div class=\"elementor-image\"><img loading=\"lazy\" decoding=\"async\" class=\"attachment-large size-large wp-image-3539 alignright\" src=\"https:\/\/zamaaero.com\/wp-content\/uploads\/2021\/01\/Rijeka-e1610402423386.jpg\" sizes=\"auto, (max-width: 800px) 100vw, 800px\" srcset=\"https:\/\/zamaaero.com\/wp-content\/uploads\/2021\/01\/Rijeka-e1610402423386.jpg 900w, https:\/\/zamaaero.com\/wp-content\/uploads\/2021\/01\/Rijeka-e1610402423386-300x141.jpg 300w, https:\/\/zamaaero.com\/wp-content\/uploads\/2021\/01\/Rijeka-e1610402423386-768x362.jpg 768w\" alt=\"\" width=\"800\" height=\"377\" \/><\/div>\n<\/div>\n<\/div>\n<\/div>\n<\/div>\n<\/div>\n<div class=\"elementor-column elementor-col-50 elementor-top-column elementor-element elementor-element-bee22f5\" data-id=\"bee22f5\" data-element_type=\"column\">\n<div class=\"elementor-column-wrap elementor-element-populated\">\n<div class=\"elementor-widget-wrap\">\n<div id=\"Rijeka 22.490 putnika u IX. mjesecu\" class=\"elementor-element elementor-element-4af5e86 elementor-widget elementor-widget-theme-post-title elementor-page-title elementor-widget-heading\" data-id=\"4af5e86\" data-element_type=\"widget\" data-widget_type=\"theme-post-title.default\">\n<div class=\"elementor-widget-container\">\n<h1 class=\"elementor-heading-title elementor-size-default\"><a href=\"https:\/\/zamaaero.com\/24\/10\/2024\/novosti-iz-regije\/rijeka-22-490-putnika-u-ix-mjesecu\/\">Rijeka 22.490 putnika u IX. mjesecu<\/a><\/h1>\n<\/div>\n<\/div>\n<div class=\"elementor-element elementor-element-b316ee8 elementor-widget elementor-widget-post-info\" data-id=\"b316ee8\" data-element_type=\"widget\" data-widget_type=\"post-info.default\">\n<div class=\"elementor-widget-container\">\n<ul class=\"elementor-inline-items elementor-icon-list-items elementor-post-info\">\n<li class=\"elementor-icon-list-item elementor-repeater-item-c3bd7ce elementor-inline-item\"><span class=\"elementor-icon-list-text elementor-post-info__item elementor-post-info__item--type-date\">24.10.2024<\/span><\/li>\n<li class=\"elementor-icon-list-item elementor-repeater-item-30ca7f2 elementor-inline-item\"><span class=\"elementor-icon-list-text elementor-post-info__item elementor-post-info__item--type-time\">01:30<\/span><\/li>\n<li class=\"elementor-icon-list-item elementor-repeater-item-601ca52 elementor-inline-item\"><a href=\"https:\/\/zamaaero.com\/24\/10\/2024\/novosti-iz-regije\/rijeka-22-490-putnika-u-ix-mjesecu\/#comments\"><span class=\"elementor-icon-list-text elementor-post-info__item elementor-post-info__item--type-comments\">31 komentara<\/span><\/a><\/li>\n<\/ul>\n<\/div>\n<\/div>\n<div class=\"elementor-element elementor-element-7552f82 elementor-widget elementor-widget-theme-post-content\" data-id=\"7552f82\" data-element_type=\"widget\" data-widget_type=\"theme-post-content.default\">\n<div class=\"elementor-widget-container\">\n<p>Zra\u010dna luka\u00a0<strong>Rijeka<\/strong>\u00a0je u IX. mjesecu imala 22.490 putnika (28.230 u IX\/2023). Ovo je ve\u0107 6 uzastopni mjesec u kojem Rijeka ima manje putnika nego 2023. U IX. mjesecu je zabilje\u017een i daleko ve\u0107i pad broj putnika spram 2023. u cijeloj godini. Rijeka je imala 498 operacija (512 u IX\/2023), te 8,1 tonu carga (86,8 tona u IX\/2023).<\/p>\n<p>Od po\u010detka godine Rijeka je ostvarila 136.590 putnika, 4224 operacija i 8,3 tone carga. Isto zna\u010di da \u0107e Rijeka imati tek neznatno preko 140.000 putnika, daleko manje nego pro\u0161le godine.<\/p>\n<p><em>analiti\u010dar: Alen \u0160\u0107uric (Zagreb), foto: ZL Rijeka<\/em><\/p>\n<\/div>\n<\/div>\n<\/div>\n<\/div>\n<\/div>\n<\/div>\n<\/div>\n<\/section>\n<\/div>\n<\/div>\n<\/article>\n<article id=\"post-41634\" class=\"elementor-post elementor-grid-item ecs-post-loop post-41634 post type-post status-publish format-standard has-post-thumbnail hentry category-novosti-iz-regije\">\n<div class=\"elementor elementor-956 post-41634 post type-post status-publish format-standard has-post-thumbnail hentry category-novosti-iz-regije\" data-elementor-type=\"loop\" data-elementor-id=\"956\">\n<div class=\"elementor-section-wrap\">\n<section class=\"elementor-section elementor-top-section elementor-element elementor-element-46d9876 elementor-section-full_width elementor-section-height-default elementor-section-height-default\" data-id=\"46d9876\" data-element_type=\"section\">\n<div class=\"elementor-container elementor-column-gap-default\">\n<div class=\"elementor-row\">\n<div class=\"elementor-column elementor-col-50 elementor-top-column elementor-element elementor-element-d33e7a8\" data-id=\"d33e7a8\" data-element_type=\"column\">\n<div class=\"elementor-column-wrap elementor-element-populated\">\n<div class=\"elementor-widget-wrap\">\n<div class=\"elementor-element elementor-element-c02e78a elementor-widget elementor-widget-theme-post-featured-image elementor-widget-image\" data-id=\"c02e78a\" data-element_type=\"widget\" data-widget_type=\"theme-post-featured-image.default\">\n<div class=\"elementor-widget-container\">\n<div class=\"elementor-image\"><img loading=\"lazy\" decoding=\"async\" class=\"attachment-large size-large wp-image-1346 alignright\" src=\"https:\/\/zamaaero.com\/wp-content\/uploads\/2020\/11\/BerlinBrandenburg1.jpeg\" sizes=\"auto, (max-width: 800px) 100vw, 800px\" srcset=\"https:\/\/zamaaero.com\/wp-content\/uploads\/2020\/11\/BerlinBrandenburg1.jpeg 800w, https:\/\/zamaaero.com\/wp-content\/uploads\/2020\/11\/BerlinBrandenburg1-300x188.jpeg 300w, https:\/\/zamaaero.com\/wp-content\/uploads\/2020\/11\/BerlinBrandenburg1-768x480.jpeg 768w\" alt=\"\" width=\"800\" height=\"500\" \/><\/div>\n<\/div>\n<\/div>\n<\/div>\n<\/div>\n<\/div>\n<div class=\"elementor-column elementor-col-50 elementor-top-column elementor-element elementor-element-bee22f5\" data-id=\"bee22f5\" data-element_type=\"column\">\n<div class=\"elementor-column-wrap elementor-element-populated\">\n<div class=\"elementor-widget-wrap\">\n<div id=\"Berlin 70 letova u regiji ovog ljeta\" class=\"elementor-element elementor-element-4af5e86 elementor-widget elementor-widget-theme-post-title elementor-page-title elementor-widget-heading\" data-id=\"4af5e86\" data-element_type=\"widget\" data-widget_type=\"theme-post-title.default\">\n<div class=\"elementor-widget-container\">\n<h1 class=\"elementor-heading-title elementor-size-default\"><a href=\"https:\/\/zamaaero.com\/24\/10\/2024\/novosti-iz-regije\/berlin-70-letova-u-regiji-ovog-ljeta\/\">Berlin 70 letova u regiji ovog ljeta<\/a><\/h1>\n<\/div>\n<\/div>\n<div class=\"elementor-element elementor-element-b316ee8 elementor-widget elementor-widget-post-info\" data-id=\"b316ee8\" data-element_type=\"widget\" data-widget_type=\"post-info.default\">\n<div class=\"elementor-widget-container\">\n<ul class=\"elementor-inline-items elementor-icon-list-items elementor-post-info\">\n<li class=\"elementor-icon-list-item elementor-repeater-item-c3bd7ce elementor-inline-item\"><span class=\"elementor-icon-list-text elementor-post-info__item elementor-post-info__item--type-date\">24.10.2024<\/span><\/li>\n<li class=\"elementor-icon-list-item elementor-repeater-item-30ca7f2 elementor-inline-item\"><span class=\"elementor-icon-list-text elementor-post-info__item elementor-post-info__item--type-time\">01:29<\/span><\/li>\n<li class=\"elementor-icon-list-item elementor-repeater-item-601ca52 elementor-inline-item\"><a href=\"https:\/\/zamaaero.com\/24\/10\/2024\/novosti-iz-regije\/berlin-70-letova-u-regiji-ovog-ljeta\/#comments\"><span class=\"elementor-icon-list-text elementor-post-info__item elementor-post-info__item--type-comments\">14 komentara<\/span><\/a><\/li>\n<\/ul>\n<\/div>\n<\/div>\n<div class=\"elementor-element elementor-element-7552f82 elementor-widget elementor-widget-theme-post-content\" data-id=\"7552f82\" data-element_type=\"widget\" data-widget_type=\"theme-post-content.default\">\n<div class=\"elementor-widget-container\">\n<p>Temeljem zamaData za\u00a0<strong>Berlin\u00a0<\/strong>su u VIII. mjesecu (promatrani tjedan 5-11.8.) letjeli iz:<\/p>\n<ul>\n<li>Splita easyJet 9 letova, Eurowings 3 leta i Croatia 1 let = 13 letova tjedno<\/li>\n<li>Beograda Air Serbia 7 letova i Wizz Air 4 leta = 11 letova<\/li>\n<li>Zadra Ryanair 5 letova, easyJet 4 leta i Eurowings 1 let = 10 letova<\/li>\n<li>Pri\u0161tine easyJet 7 letova i gp aviation 1 let = 8 letova<\/li>\n<li>Pule easyJet 6 letova<\/li>\n<li>Skopja Wizz Air 5 letova<\/li>\n<li>Dubrovnika Ryanair 2 leta, easyJet 2 leta i Eurowings 1 let = 5 letova<\/li>\n<li>Podgorice Ryanair 3 leta<\/li>\n<li>Rijeke easeJet 3 leta<\/li>\n<li>Tivta easyJet 2 leta i Eurowings 1 let = 3 leta<\/li>\n<li>Zagreba Croatia 3 leta tjedno<\/li>\n<\/ul>\n<p>Ovo zna\u010di da Berlin ima 70 letova iz regije tjedno (u prosjeku 10,0 dnevno) koje leti 7 kompanija. Najvi\u0161e letova ima easyJet, njih 33 (u prosjeku 4,7 dnevno).<\/p>\n<p><em>dopisnik: Mladen Radi\u0107 (Osijek), foto: Aerodrom Berlin<\/em><\/p>\n<\/div>\n<\/div>\n<\/div>\n<\/div>\n<\/div>\n<\/div>\n<\/div>\n<\/section>\n<\/div>\n<\/div>\n<\/article>\n<article id=\"post-41613\" class=\"elementor-post elementor-grid-item ecs-post-loop post-41613 post type-post status-publish format-standard has-post-thumbnail hentry category-novosti-iz-regije tag-beograd\">\n<div class=\"elementor elementor-956 post-41613 post type-post status-publish format-standard has-post-thumbnail hentry category-novosti-iz-regije tag-beograd\" data-elementor-type=\"loop\" data-elementor-id=\"956\">\n<div class=\"elementor-section-wrap\">\n<section class=\"elementor-section elementor-top-section elementor-element elementor-element-46d9876 elementor-section-full_width elementor-section-height-default elementor-section-height-default\" data-id=\"46d9876\" data-element_type=\"section\">\n<div class=\"elementor-container elementor-column-gap-default\">\n<div class=\"elementor-row\">\n<div class=\"elementor-column elementor-col-50 elementor-top-column elementor-element elementor-element-d33e7a8\" data-id=\"d33e7a8\" data-element_type=\"column\">\n<div class=\"elementor-column-wrap elementor-element-populated\">\n<div class=\"elementor-widget-wrap\">\n<div class=\"elementor-element elementor-element-c02e78a elementor-widget elementor-widget-theme-post-featured-image elementor-widget-image\" data-id=\"c02e78a\" data-element_type=\"widget\" data-widget_type=\"theme-post-featured-image.default\">\n<div class=\"elementor-widget-container\">\n<div class=\"elementor-image\"><img loading=\"lazy\" decoding=\"async\" class=\"attachment-large size-large wp-image-36145 alignright\" src=\"https:\/\/zamaaero.com\/wp-content\/uploads\/2024\/04\/KorBEG1X.jpg\" sizes=\"auto, (max-width: 686px) 100vw, 686px\" srcset=\"https:\/\/zamaaero.com\/wp-content\/uploads\/2024\/04\/KorBEG1X.jpg 686w, https:\/\/zamaaero.com\/wp-content\/uploads\/2024\/04\/KorBEG1X-300x141.jpg 300w\" alt=\"\" width=\"686\" height=\"323\" \/><\/div>\n<\/div>\n<\/div>\n<\/div>\n<\/div>\n<\/div>\n<div class=\"elementor-column elementor-col-50 elementor-top-column elementor-element elementor-element-bee22f5\" data-id=\"bee22f5\" data-element_type=\"column\">\n<div class=\"elementor-column-wrap elementor-element-populated\">\n<div class=\"elementor-widget-wrap\">\n<div id=\"Pruga za Aerodrom Beograd do 2027.\" class=\"elementor-element elementor-element-4af5e86 elementor-widget elementor-widget-theme-post-title elementor-page-title elementor-widget-heading\" data-id=\"4af5e86\" data-element_type=\"widget\" data-widget_type=\"theme-post-title.default\">\n<div class=\"elementor-widget-container\">\n<h1 class=\"elementor-heading-title elementor-size-default\"><a href=\"https:\/\/zamaaero.com\/23\/10\/2024\/novosti-iz-regije\/pruga-za-aerodrom-beograd-do-2027\/\">Pruga za Aerodrom Beograd do 2027.<\/a><\/h1>\n<\/div>\n<\/div>\n<div class=\"elementor-element elementor-element-b316ee8 elementor-widget elementor-widget-post-info\" data-id=\"b316ee8\" data-element_type=\"widget\" data-widget_type=\"post-info.default\">\n<div class=\"elementor-widget-container\">\n<ul class=\"elementor-inline-items elementor-icon-list-items elementor-post-info\">\n<li class=\"elementor-icon-list-item elementor-repeater-item-c3bd7ce elementor-inline-item\"><span class=\"elementor-icon-list-text elementor-post-info__item elementor-post-info__item--type-date\">23.10.2024<\/span><\/li>\n<li class=\"elementor-icon-list-item elementor-repeater-item-30ca7f2 elementor-inline-item\"><span class=\"elementor-icon-list-text elementor-post-info__item elementor-post-info__item--type-time\">01:40<\/span><\/li>\n<li class=\"elementor-icon-list-item elementor-repeater-item-601ca52 elementor-inline-item\"><a href=\"https:\/\/zamaaero.com\/23\/10\/2024\/novosti-iz-regije\/pruga-za-aerodrom-beograd-do-2027\/#comments\"><span class=\"elementor-icon-list-text elementor-post-info__item elementor-post-info__item--type-comments\">223 komentara<\/span><\/a><\/li>\n<\/ul>\n<\/div>\n<\/div>\n<div class=\"elementor-element elementor-element-7552f82 elementor-widget elementor-widget-theme-post-content\" data-id=\"7552f82\" data-element_type=\"widget\" data-widget_type=\"theme-post-content.default\">\n<div class=\"elementor-widget-container\">\n<p>Poput ve\u0107ine aerodroma svoje veli\u010dine, i beogradski aerodrom bi uskoro trebalo da dobije prugu. U VII mesecu je po\u010dela izgradnja pruge Zemun polje-Aerodrom-Nacionalni stadion, koja bi trebalo da bude zavr\u0161ena do kraja 2026. godine. Pruga \u0107e biti duga\u010dka 18,3 km, bi\u0107e dvokolose\u010dna, elektrifikovana i namenjena samo za putni\u010dki saobra\u0107aj, za sada.<\/p>\n<p>Stani\u010dna zgrada na Aerodromu \u0107e se po Planu detaljne regulacije nalaziti u blizini sada\u0161njeg cargo terminala, \u0161to je 650m od terminala, odnosno 10-ak minuta hoda. Postoje\u0107i shuttle bus \u0107e stajati i kod \u017eelezni\u010dke stanice, pa putnici ne\u0107e morati da idu pe\u0161ke.<\/p>\n<p>Postavlja se pitanje za\u0161to je stanica postavljena tako daleko od terminala. Po PDRu, stanica je trebalo da bude podzemna, me\u0111utim jer se radovi ubrzavaju zbog bajkovitog projekta Expo 2027, ona \u0107e ipak biti nadzemna. Urbanisti\u010dki zavod Beograda je sugerisao da bi stanica trebalo da bude bli\u017ee terminalu, ali to ne\u0107e biti u\u010dinjeno iz istih razloga.<\/p>\n<p>Predvi\u0111eno je da prugom saobra\u0107a jedna linija Prokop-Aerodrom, koja bi imala razli\u010dite kategorije vozova, odnosno broja stanica na koje staju. Putovanje bi trajalo 15-25 minuta. Nejasno je za\u0161to se ne uvedu i linije ka Novom Sadu i Subotici kada ve\u0107 postoji nova brza pruga ka tim gradovima. Te linije bi mnogim gra\u0111anima dale ogromnu prednost Beogradu kao polaznom aerodromu u odnosu na Budimpe\u0161tu. Umesto toga, planirano je da putnici iz tog pravca presedaju u stanici Zemun polje, \u0161to \u010dak zna\u010di da oni ne mogu da koriste brze, ve\u0107 regio vozove. U budu\u0107nosti, planirano je da se pruga osposobi i za teretni saobra\u0107aj.<\/p>\n<p><em>dopisnik: Luka Babi\u0107 (Beograd), foto: Aerodrom Beograd<\/em><\/p>\n<\/div>\n<\/div>\n<\/div>\n<\/div>\n<\/div>\n<\/div>\n<\/div>\n<\/section>\n<\/div>\n<\/div>\n<\/article>\n<article id=\"post-41619\" class=\"elementor-post elementor-grid-item ecs-post-loop post-41619 post type-post status-publish format-standard has-post-thumbnail hentry category-novosti-iz-regije tag-sarajevo\">\n<div class=\"elementor elementor-956 post-41619 post type-post status-publish format-standard has-post-thumbnail hentry category-novosti-iz-regije tag-sarajevo\" data-elementor-type=\"loop\" data-elementor-id=\"956\">\n<div class=\"elementor-section-wrap\">\n<section class=\"elementor-section elementor-top-section elementor-element elementor-element-46d9876 elementor-section-full_width elementor-section-height-default elementor-section-height-default\" data-id=\"46d9876\" data-element_type=\"section\">\n<div class=\"elementor-container elementor-column-gap-default\">\n<div class=\"elementor-row\">\n<div class=\"elementor-column elementor-col-50 elementor-top-column elementor-element elementor-element-d33e7a8\" data-id=\"d33e7a8\" data-element_type=\"column\">\n<div class=\"elementor-column-wrap elementor-element-populated\">\n<div class=\"elementor-widget-wrap\">\n<div class=\"elementor-element elementor-element-c02e78a elementor-widget elementor-widget-theme-post-featured-image elementor-widget-image\" data-id=\"c02e78a\" data-element_type=\"widget\" data-widget_type=\"theme-post-featured-image.default\">\n<div class=\"elementor-widget-container\">\n<div class=\"elementor-image\"><img loading=\"lazy\" decoding=\"async\" class=\"attachment-large size-large wp-image-25164 alignright\" src=\"https:\/\/zamaaero.com\/wp-content\/uploads\/2023\/03\/SJJas5-1024x768.jpg\" sizes=\"auto, (max-width: 800px) 100vw, 800px\" srcset=\"https:\/\/zamaaero.com\/wp-content\/uploads\/2023\/03\/SJJas5-1024x768.jpg 1024w, https:\/\/zamaaero.com\/wp-content\/uploads\/2023\/03\/SJJas5-300x225.jpg 300w, https:\/\/zamaaero.com\/wp-content\/uploads\/2023\/03\/SJJas5-768x576.jpg 768w, https:\/\/zamaaero.com\/wp-content\/uploads\/2023\/03\/SJJas5-1536x1152.jpg 1536w, https:\/\/zamaaero.com\/wp-content\/uploads\/2023\/03\/SJJas5-2048x1536.jpg 2048w\" alt=\"\" width=\"800\" height=\"600\" \/><\/div>\n<\/div>\n<\/div>\n<\/div>\n<\/div>\n<\/div>\n<div class=\"elementor-column elementor-col-50 elementor-top-column elementor-element elementor-element-bee22f5\" data-id=\"bee22f5\" data-element_type=\"column\">\n<div class=\"elementor-column-wrap elementor-element-populated\">\n<div class=\"elementor-widget-wrap\">\n<div id=\"EKSKLUZIVNO: Sarajevo u radovima\" class=\"elementor-element elementor-element-4af5e86 elementor-widget elementor-widget-theme-post-title elementor-page-title elementor-widget-heading\" data-id=\"4af5e86\" data-element_type=\"widget\" data-widget_type=\"theme-post-title.default\">\n<div class=\"elementor-widget-container\">\n<h1 class=\"elementor-heading-title elementor-size-default\"><a href=\"https:\/\/zamaaero.com\/23\/10\/2024\/novosti-iz-regije\/ekskluzivno-sarajevo-u-radovima\/\">EKSKLUZIVNO: Sarajevo u radovima<\/a><\/h1>\n<\/div>\n<\/div>\n<div class=\"elementor-element elementor-element-b316ee8 elementor-widget elementor-widget-post-info\" data-id=\"b316ee8\" data-element_type=\"widget\" data-widget_type=\"post-info.default\">\n<div class=\"elementor-widget-container\">\n<ul class=\"elementor-inline-items elementor-icon-list-items elementor-post-info\">\n<li class=\"elementor-icon-list-item elementor-repeater-item-c3bd7ce elementor-inline-item\"><span class=\"elementor-icon-list-text elementor-post-info__item elementor-post-info__item--type-date\">23.10.2024<\/span><\/li>\n<li class=\"elementor-icon-list-item elementor-repeater-item-30ca7f2 elementor-inline-item\"><span class=\"elementor-icon-list-text elementor-post-info__item elementor-post-info__item--type-time\">01:39<\/span><\/li>\n<li class=\"elementor-icon-list-item elementor-repeater-item-601ca52 elementor-inline-item\"><a href=\"https:\/\/zamaaero.com\/23\/10\/2024\/novosti-iz-regije\/ekskluzivno-sarajevo-u-radovima\/#comments\"><span class=\"elementor-icon-list-text elementor-post-info__item elementor-post-info__item--type-comments\">34 komentara<\/span><\/a><\/li>\n<\/ul>\n<\/div>\n<\/div>\n<div class=\"elementor-element elementor-element-7552f82 elementor-widget elementor-widget-theme-post-content\" data-id=\"7552f82\" data-element_type=\"widget\" data-widget_type=\"theme-post-content.default\">\n<div class=\"elementor-widget-container\">\n<p>Aerodrom\u00a0<strong>Sarajevo<\/strong>\u00a0je i ponovo u velikim radovima. U ovom momentu radi na tri projekta. Prvo pro\u0161iruje duty free trgovinu u me\u0111unarodnim odlascima. Duty free trgovina se pro\u0161iruje na 555 kvadratnih metara, te \u0107e biti suvremena walk through, tj. putnici \u0107e nakon kontrole putovnica morati pro\u0107i kroz duty free. Ovo je trend u zrakoplovstvu i poti\u010de kupovinu duty free trgovini.<\/p>\n<p>Istovremeno aerodrom gradi novi prostor na samoj isto\u010dnoj ivici starog terminala prvog kata aerodroma gdje \u0107e smjestiti ku\u0107ice za kontrolu putovnica. Time \u0107e se dobiti bitno ve\u0107i prostor za kontrolu putovnica koji \u0107e mo\u0107i smjestiti bitno vi\u0161e putnika.<\/p>\n<p>Na koncu aerodrom sre\u0111uje kafi\u0107 u prizemlju isto\u010dnog ruba starog terminala. To je nekada bio jedini kafi\u0107 na aerodromu i istinski je ostao iz nekih drugih vremena. Obnovom \u0107e se dobiti udoban i vrlo suvremen prostor. Uzgred, aerodrom je otvorio prostor kod tog starog kafi\u0107a, gdje su nekada bili dolasci, te sada na istom ima daleko vi\u0161e mjesta i prostor vi\u0161e nije klaustrofobi\u010dan.<\/p>\n<p><em>analiti\u010dar: Alen \u0160\u0107uric (Zagreb), foto: Alen \u0160\u0107uric<\/em><\/p>\n<\/div>\n<\/div>\n<\/div>\n<\/div>\n<\/div>\n<\/div>\n<\/div>\n<\/section>\n<\/div>\n<\/div>\n<\/article>\n<article id=\"post-41617\" class=\"elementor-post elementor-grid-item ecs-post-loop post-41617 post type-post status-publish format-standard has-post-thumbnail hentry category-novosti-iz-regije tag-chair tag-pristina\">\n<div class=\"elementor elementor-956 post-41617 post type-post status-publish format-standard has-post-thumbnail hentry category-novosti-iz-regije tag-chair tag-pristina\" data-elementor-type=\"loop\" data-elementor-id=\"956\">\n<div class=\"elementor-section-wrap\">\n<section class=\"elementor-section elementor-top-section elementor-element elementor-element-46d9876 elementor-section-full_width elementor-section-height-default elementor-section-height-default\" data-id=\"46d9876\" data-element_type=\"section\">\n<div class=\"elementor-container elementor-column-gap-default\">\n<div class=\"elementor-row\">\n<div class=\"elementor-column elementor-col-50 elementor-top-column elementor-element elementor-element-d33e7a8\" data-id=\"d33e7a8\" data-element_type=\"column\">\n<div class=\"elementor-column-wrap elementor-element-populated\">\n<div class=\"elementor-widget-wrap\">\n<div class=\"elementor-element elementor-element-c02e78a elementor-widget elementor-widget-theme-post-featured-image elementor-widget-image\" data-id=\"c02e78a\" data-element_type=\"widget\" data-widget_type=\"theme-post-featured-image.default\">\n<div class=\"elementor-widget-container\">\n<div class=\"elementor-image\"><img loading=\"lazy\" decoding=\"async\" class=\"attachment-large size-large wp-image-1278 alignright\" src=\"https:\/\/zamaaero.com\/wp-content\/uploads\/2020\/11\/Chair-1024x768.jpg\" sizes=\"auto, (max-width: 800px) 100vw, 800px\" srcset=\"https:\/\/zamaaero.com\/wp-content\/uploads\/2020\/11\/Chair-1024x768.jpg 1024w, https:\/\/zamaaero.com\/wp-content\/uploads\/2020\/11\/Chair-300x225.jpg 300w, https:\/\/zamaaero.com\/wp-content\/uploads\/2020\/11\/Chair-768x576.jpg 768w, https:\/\/zamaaero.com\/wp-content\/uploads\/2020\/11\/Chair-1536x1152.jpg 1536w, https:\/\/zamaaero.com\/wp-content\/uploads\/2020\/11\/Chair.jpg 1920w\" alt=\"\" width=\"800\" height=\"600\" \/><\/div>\n<\/div>\n<\/div>\n<\/div>\n<\/div>\n<\/div>\n<div class=\"elementor-column elementor-col-50 elementor-top-column elementor-element elementor-element-bee22f5\" data-id=\"bee22f5\" data-element_type=\"column\">\n<div class=\"elementor-column-wrap elementor-element-populated\">\n<div class=\"elementor-widget-wrap\">\n<div id=\"NAJAVE: Chair ozbiljno pove\u0107ava Pri\u0161tinu ove zime\" class=\"elementor-element elementor-element-4af5e86 elementor-widget elementor-widget-theme-post-title elementor-page-title elementor-widget-heading\" data-id=\"4af5e86\" data-element_type=\"widget\" data-widget_type=\"theme-post-title.default\">\n<div class=\"elementor-widget-container\">\n<h1 class=\"elementor-heading-title elementor-size-default\"><a href=\"https:\/\/zamaaero.com\/23\/10\/2024\/novosti-iz-regije\/najave-chair-ozbiljno-povecava-pristinu-ove-zime\/\">NAJAVE: Chair ozbiljno pove\u0107ava Pri\u0161tinu ove zime<\/a><\/h1>\n<\/div>\n<\/div>\n<div class=\"elementor-element elementor-element-b316ee8 elementor-widget elementor-widget-post-info\" data-id=\"b316ee8\" data-element_type=\"widget\" data-widget_type=\"post-info.default\">\n<div class=\"elementor-widget-container\">\n<ul class=\"elementor-inline-items elementor-icon-list-items elementor-post-info\">\n<li class=\"elementor-icon-list-item elementor-repeater-item-c3bd7ce elementor-inline-item\"><span class=\"elementor-icon-list-text elementor-post-info__item elementor-post-info__item--type-date\">23.10.2024<\/span><\/li>\n<li class=\"elementor-icon-list-item elementor-repeater-item-30ca7f2 elementor-inline-item\"><span class=\"elementor-icon-list-text elementor-post-info__item elementor-post-info__item--type-time\">01:38<\/span><\/li>\n<li class=\"elementor-icon-list-item elementor-repeater-item-601ca52 elementor-inline-item\"><a href=\"https:\/\/zamaaero.com\/23\/10\/2024\/novosti-iz-regije\/najave-chair-ozbiljno-povecava-pristinu-ove-zime\/#comments\"><span class=\"elementor-icon-list-text elementor-post-info__item elementor-post-info__item--type-comments\">4 komentara<\/span><\/a><\/li>\n<\/ul>\n<\/div>\n<\/div>\n<div class=\"elementor-element elementor-element-7552f82 elementor-widget elementor-widget-theme-post-content\" data-id=\"7552f82\" data-element_type=\"widget\" data-widget_type=\"theme-post-content.default\">\n<div class=\"elementor-widget-container\">\n<p>Prema zamaData\u00a0<strong>Chair<\/strong>\u00a0je pro\u0161le zime letio 12 tjednih letova na liniji Pri\u0161tina-Zurich. No, cijele ove zime \u0107e letjeti 14 letova (dva dnevno), dva vi\u0161e nego pro\u0161le zime. Pro\u0161le godine za Basel Chair je letio 7 tjednih letova, ove godine letjet \u0107e 14 (dva dnevno) i to cijele zime. To zna\u010di 7 letova vi\u0161e. Ukupno pro\u0161le zime Chair je za Pri\u0161tinu letio 19 letova, ove \u0107e letjeti 28, \u010dak 9 letova vi\u0161e. Respect!<\/p>\n<p><em>analiti\u010dar: Alen \u0160\u0107uric (Zagreb), foto: Chair<\/em><\/p>\n<\/div>\n<\/div>\n<\/div>\n<\/div>\n<\/div>\n<\/div>\n<\/div>\n<\/section>\n<\/div>\n<\/div>\n<\/article>\n<article id=\"post-41615\" class=\"elementor-post elementor-grid-item ecs-post-loop post-41615 post type-post status-publish format-standard has-post-thumbnail hentry category-novosti-iz-regije tag-ohrid\">\n<div class=\"elementor elementor-956 post-41615 post type-post status-publish format-standard has-post-thumbnail hentry category-novosti-iz-regije tag-ohrid\" data-elementor-type=\"loop\" data-elementor-id=\"956\">\n<div class=\"elementor-section-wrap\">\n<section class=\"elementor-section elementor-top-section elementor-element elementor-element-46d9876 elementor-section-full_width elementor-section-height-default elementor-section-height-default\" data-id=\"46d9876\" data-element_type=\"section\">\n<div class=\"elementor-container elementor-column-gap-default\">\n<div class=\"elementor-row\">\n<div class=\"elementor-column elementor-col-50 elementor-top-column elementor-element elementor-element-d33e7a8\" data-id=\"d33e7a8\" data-element_type=\"column\">\n<div class=\"elementor-column-wrap elementor-element-populated\">\n<div class=\"elementor-widget-wrap\">\n<div class=\"elementor-element elementor-element-c02e78a elementor-widget elementor-widget-theme-post-featured-image elementor-widget-image\" data-id=\"c02e78a\" data-element_type=\"widget\" data-widget_type=\"theme-post-featured-image.default\">\n<div class=\"elementor-widget-container\">\n<div class=\"elementor-image\"><img loading=\"lazy\" decoding=\"async\" class=\"attachment-large size-large wp-image-2906 alignright\" src=\"https:\/\/zamaaero.com\/wp-content\/uploads\/2020\/12\/KorOHD1x-1024x683.jpg\" sizes=\"auto, (max-width: 800px) 100vw, 800px\" srcset=\"https:\/\/zamaaero.com\/wp-content\/uploads\/2020\/12\/KorOHD1x-1024x683.jpg 1024w, https:\/\/zamaaero.com\/wp-content\/uploads\/2020\/12\/KorOHD1x-300x200.jpg 300w, https:\/\/zamaaero.com\/wp-content\/uploads\/2020\/12\/KorOHD1x-768x512.jpg 768w, https:\/\/zamaaero.com\/wp-content\/uploads\/2020\/12\/KorOHD1x-1536x1024.jpg 1536w, https:\/\/zamaaero.com\/wp-content\/uploads\/2020\/12\/KorOHD1x.jpg 1999w\" alt=\"\" width=\"800\" height=\"534\" \/><\/div>\n<\/div>\n<\/div>\n<\/div>\n<\/div>\n<\/div>\n<div class=\"elementor-column elementor-col-50 elementor-top-column elementor-element elementor-element-bee22f5\" data-id=\"bee22f5\" data-element_type=\"column\">\n<div class=\"elementor-column-wrap elementor-element-populated\">\n<div class=\"elementor-widget-wrap\">\n<div id=\"SMANJENJA: Wizz smanjuje Ohrid\" class=\"elementor-element elementor-element-4af5e86 elementor-widget elementor-widget-theme-post-title elementor-page-title elementor-widget-heading\" data-id=\"4af5e86\" data-element_type=\"widget\" data-widget_type=\"theme-post-title.default\">\n<div class=\"elementor-widget-container\">\n<h1 class=\"elementor-heading-title elementor-size-default\"><a href=\"https:\/\/zamaaero.com\/23\/10\/2024\/novosti-iz-regije\/smanjenja-wizz-smanjuje-ohrid\/\">SMANJENJA: Wizz smanjuje Ohrid<\/a><\/h1>\n<\/div>\n<\/div>\n<div class=\"elementor-element elementor-element-b316ee8 elementor-widget elementor-widget-post-info\" data-id=\"b316ee8\" data-element_type=\"widget\" data-widget_type=\"post-info.default\">\n<div class=\"elementor-widget-container\">\n<ul class=\"elementor-inline-items elementor-icon-list-items elementor-post-info\">\n<li class=\"elementor-icon-list-item elementor-repeater-item-c3bd7ce elementor-inline-item\"><span class=\"elementor-icon-list-text elementor-post-info__item elementor-post-info__item--type-date\">23.10.2024<\/span><\/li>\n<li class=\"elementor-icon-list-item elementor-repeater-item-30ca7f2 elementor-inline-item\"><span class=\"elementor-icon-list-text elementor-post-info__item elementor-post-info__item--type-time\">01:36<\/span><\/li>\n<li class=\"elementor-icon-list-item elementor-repeater-item-601ca52 elementor-inline-item\"><a href=\"https:\/\/zamaaero.com\/23\/10\/2024\/novosti-iz-regije\/smanjenja-wizz-smanjuje-ohrid\/#comments\"><span class=\"elementor-icon-list-text elementor-post-info__item elementor-post-info__item--type-comments\">5 komentara<\/span><\/a><\/li>\n<\/ul>\n<\/div>\n<\/div>\n<div class=\"elementor-element elementor-element-7552f82 elementor-widget elementor-widget-theme-post-content\" data-id=\"7552f82\" data-element_type=\"widget\" data-widget_type=\"theme-post-content.default\">\n<div class=\"elementor-widget-container\">\n<p><strong>Ohrid<\/strong>\u00a0je pro\u0161log XII. mjeseca imao 8 letova tjedno na 5 linija Wizz Aira. No, ove godine \u0107e imati:<\/p>\n<ul>\n<li>Be\u010d, 2 leta tjedno (ponedjeljak i petak), tre\u0107i let (srijedom) od 18.12. do 1.1.<\/li>\n<li>Dortmund 2 leta tjedno<\/li>\n<li>Memingem 2 leta tjedno<\/li>\n<\/ul>\n<p>To zna\u010di da \u0107e Ohrid imati 6 letova tjedno na samo 3 linije, dva leta i dvije linije manje nego pro\u0161le godine, a sedam letova u tri tjedna oko Nove godine.<\/p>\n<p><em>analiti\u010dar: Alen \u0160\u0107uric (Zagreb), foto: Ohrid Aerodrom<\/em><\/p>\n<\/div>\n<\/div>\n<\/div>\n<\/div>\n<\/div>\n<\/div>\n<\/div>\n<\/section>\n<\/div>\n<\/div>\n<\/article>\n<article id=\"post-41611\" class=\"elementor-post elementor-grid-item ecs-post-loop post-41611 post type-post status-publish format-standard has-post-thumbnail hentry category-novosti-iz-regije tag-beograd\">\n<div class=\"elementor elementor-956 post-41611 post type-post status-publish format-standard has-post-thumbnail hentry category-novosti-iz-regije tag-beograd\" data-elementor-type=\"loop\" data-elementor-id=\"956\">\n<div class=\"elementor-section-wrap\">\n<section class=\"elementor-section elementor-top-section elementor-element elementor-element-46d9876 elementor-section-full_width elementor-section-height-default elementor-section-height-default\" data-id=\"46d9876\" data-element_type=\"section\">\n<div class=\"elementor-container elementor-column-gap-default\">\n<div class=\"elementor-row\">\n<div class=\"elementor-column elementor-col-50 elementor-top-column elementor-element elementor-element-d33e7a8\" data-id=\"d33e7a8\" data-element_type=\"column\">\n<div class=\"elementor-column-wrap elementor-element-populated\">\n<div class=\"elementor-widget-wrap\">\n<div class=\"elementor-element elementor-element-c02e78a elementor-widget elementor-widget-theme-post-featured-image elementor-widget-image\" data-id=\"c02e78a\" data-element_type=\"widget\" data-widget_type=\"theme-post-featured-image.default\">\n<div class=\"elementor-widget-container\">\n<div class=\"elementor-image\"><img loading=\"lazy\" decoding=\"async\" class=\"attachment-large size-large wp-image-36098 alignright\" src=\"https:\/\/zamaaero.com\/wp-content\/uploads\/2024\/04\/KorBEG2X.jpg\" sizes=\"auto, (max-width: 767px) 100vw, 767px\" srcset=\"https:\/\/zamaaero.com\/wp-content\/uploads\/2024\/04\/KorBEG2X.jpg 767w, https:\/\/zamaaero.com\/wp-content\/uploads\/2024\/04\/KorBEG2X-300x147.jpg 300w\" alt=\"\" width=\"767\" height=\"375\" \/><\/div>\n<\/div>\n<\/div>\n<\/div>\n<\/div>\n<\/div>\n<div class=\"elementor-column elementor-col-50 elementor-top-column elementor-element elementor-element-bee22f5\" data-id=\"bee22f5\" data-element_type=\"column\">\n<div class=\"elementor-column-wrap elementor-element-populated\">\n<div class=\"elementor-widget-wrap\">\n<div id=\"Beograd 859.815 putnika u IX. mjesecu\" class=\"elementor-element elementor-element-4af5e86 elementor-widget elementor-widget-theme-post-title elementor-page-title elementor-widget-heading\" data-id=\"4af5e86\" data-element_type=\"widget\" data-widget_type=\"theme-post-title.default\">\n<div class=\"elementor-widget-container\">\n<h1 class=\"elementor-heading-title elementor-size-default\"><a href=\"https:\/\/zamaaero.com\/23\/10\/2024\/novosti-iz-regije\/beograd-859-815-putnika-u-ix-mjesecu\/\">Beograd 859.815 putnika u IX. mjesecu<\/a><\/h1>\n<\/div>\n<\/div>\n<div class=\"elementor-element elementor-element-b316ee8 elementor-widget elementor-widget-post-info\" data-id=\"b316ee8\" data-element_type=\"widget\" data-widget_type=\"post-info.default\">\n<div class=\"elementor-widget-container\">\n<ul class=\"elementor-inline-items elementor-icon-list-items elementor-post-info\">\n<li class=\"elementor-icon-list-item elementor-repeater-item-c3bd7ce elementor-inline-item\"><span class=\"elementor-icon-list-text elementor-post-info__item elementor-post-info__item--type-date\">23.10.2024<\/span><\/li>\n<li class=\"elementor-icon-list-item elementor-repeater-item-30ca7f2 elementor-inline-item\"><span class=\"elementor-icon-list-text elementor-post-info__item elementor-post-info__item--type-time\">01:34<\/span><\/li>\n<li class=\"elementor-icon-list-item elementor-repeater-item-601ca52 elementor-inline-item\"><a href=\"https:\/\/zamaaero.com\/23\/10\/2024\/novosti-iz-regije\/beograd-859-815-putnika-u-ix-mjesecu\/#comments\"><span class=\"elementor-icon-list-text elementor-post-info__item elementor-post-info__item--type-comments\">21 komentara<\/span><\/a><\/li>\n<\/ul>\n<\/div>\n<\/div>\n<div class=\"elementor-element elementor-element-7552f82 elementor-widget elementor-widget-theme-post-content\" data-id=\"7552f82\" data-element_type=\"widget\" data-widget_type=\"theme-post-content.default\">\n<div class=\"elementor-widget-container\">\n<p>Aerodrom\u00a0<strong>Beograd<\/strong>\u00a0je u IX. mjesecu ostvario 859.815 putnika, \u0161to je pove\u0107anje od 3,2% spram pro\u0161le godine. Ovo je ogromnih 132,9% putnika iz istog mjeseca 2019. (647.005). Broj operacija je pove\u0107an za 1,2%. Od po\u010detka godine Beograd je ostvario 6.425.639 putnika \u0161to je pove\u0107anje od 8% spram pro\u0161le godine. Do kraja godine Beograd \u0107e imati 8,4 do 8,5 milijuna putnika.<\/p>\n<p><em>analiti\u010dar: Alen \u0160\u0107uric (Zagreb), foto: Aerodrom Beograd<\/em><\/p>\n<\/div>\n<\/div>\n<\/div>\n<\/div>\n<\/div>\n<\/div>\n<\/div>\n<\/section>\n<\/div>\n<\/div>\n<\/article>\n<article id=\"post-41608\" class=\"elementor-post elementor-grid-item ecs-post-loop post-41608 post type-post status-publish format-standard has-post-thumbnail hentry category-novosti-iz-regije\">\n<div class=\"elementor elementor-956 post-41608 post type-post status-publish format-standard has-post-thumbnail hentry category-novosti-iz-regije\" data-elementor-type=\"loop\" data-elementor-id=\"956\">\n<div class=\"elementor-section-wrap\">\n<section class=\"elementor-section elementor-top-section elementor-element elementor-element-46d9876 elementor-section-full_width elementor-section-height-default elementor-section-height-default\" data-id=\"46d9876\" data-element_type=\"section\">\n<div class=\"elementor-container elementor-column-gap-default\">\n<div class=\"elementor-row\">\n<div class=\"elementor-column elementor-col-50 elementor-top-column elementor-element elementor-element-d33e7a8\" data-id=\"d33e7a8\" data-element_type=\"column\">\n<div class=\"elementor-column-wrap elementor-element-populated\">\n<div class=\"elementor-widget-wrap\">\n<div class=\"elementor-element elementor-element-c02e78a elementor-widget elementor-widget-theme-post-featured-image elementor-widget-image\" data-id=\"c02e78a\" data-element_type=\"widget\" data-widget_type=\"theme-post-featured-image.default\">\n<div class=\"elementor-widget-container\">\n<div class=\"elementor-image\"><img loading=\"lazy\" decoding=\"async\" class=\"attachment-large size-large wp-image-41609 alignright\" src=\"https:\/\/zamaaero.com\/wp-content\/uploads\/2024\/10\/Oslo.jpg\" sizes=\"auto, (max-width: 318px) 100vw, 318px\" srcset=\"https:\/\/zamaaero.com\/wp-content\/uploads\/2024\/10\/Oslo.jpg 318w, https:\/\/zamaaero.com\/wp-content\/uploads\/2024\/10\/Oslo-300x176.jpg 300w\" alt=\"\" width=\"318\" height=\"187\" \/><\/div>\n<\/div>\n<\/div>\n<\/div>\n<\/div>\n<\/div>\n<div class=\"elementor-column elementor-col-50 elementor-top-column elementor-element elementor-element-bee22f5\" data-id=\"bee22f5\" data-element_type=\"column\">\n<div class=\"elementor-column-wrap elementor-element-populated\">\n<div class=\"elementor-widget-wrap\">\n<div id=\"Oslo 61 let u regiji ovog ljeta\" class=\"elementor-element elementor-element-4af5e86 elementor-widget elementor-widget-theme-post-title elementor-page-title elementor-widget-heading\" data-id=\"4af5e86\" data-element_type=\"widget\" data-widget_type=\"theme-post-title.default\">\n<div class=\"elementor-widget-container\">\n<h1 class=\"elementor-heading-title elementor-size-default\"><a href=\"https:\/\/zamaaero.com\/23\/10\/2024\/novosti-iz-regije\/oslo-61-let-u-regiji-ovog-ljeta\/\">Oslo 61 let u regiji ovog ljeta<\/a><\/h1>\n<\/div>\n<\/div>\n<div class=\"elementor-element elementor-element-b316ee8 elementor-widget elementor-widget-post-info\" data-id=\"b316ee8\" data-element_type=\"widget\" data-widget_type=\"post-info.default\">\n<div class=\"elementor-widget-container\">\n<ul class=\"elementor-inline-items elementor-icon-list-items elementor-post-info\">\n<li class=\"elementor-icon-list-item elementor-repeater-item-c3bd7ce elementor-inline-item\"><span class=\"elementor-icon-list-text elementor-post-info__item elementor-post-info__item--type-date\">23.10.2024<\/span><\/li>\n<li class=\"elementor-icon-list-item elementor-repeater-item-30ca7f2 elementor-inline-item\"><span class=\"elementor-icon-list-text elementor-post-info__item elementor-post-info__item--type-time\">01:32<\/span><\/li>\n<li class=\"elementor-icon-list-item elementor-repeater-item-601ca52 elementor-inline-item\"><a href=\"https:\/\/zamaaero.com\/23\/10\/2024\/novosti-iz-regije\/oslo-61-let-u-regiji-ovog-ljeta\/#comments\"><span class=\"elementor-icon-list-text elementor-post-info__item elementor-post-info__item--type-comments\">5 komentara<\/span><\/a><\/li>\n<\/ul>\n<\/div>\n<\/div>\n<div class=\"elementor-element elementor-element-7552f82 elementor-widget elementor-widget-theme-post-content\" data-id=\"7552f82\" data-element_type=\"widget\" data-widget_type=\"theme-post-content.default\">\n<div class=\"elementor-widget-container\">\n<p>Temeljem zamaData za\u00a0<strong>Oslo\u00a0<\/strong>su u VIII. mjesecu (promatrani tjedan 5-11.8.) letjeli iz:<\/p>\n<ul>\n<li>Splita SAS 11 letova, Norwegian 10 letova i Braathens 1 let = 22 leta tjedno<\/li>\n<li>Beograda Air Serbia 6 letova i Norwegian 4 leta = 10 letova<\/li>\n<li>Dubrovnika Norwegian 7 letova i Ryanair 2 leta = 9 letova<\/li>\n<li>Skopja Wizz Air 2 leta i Norwegian 2 leta = 4 leta<\/li>\n<li>Zagreba Ryanair 3 leta<\/li>\n<li>Pri\u0161tine Norwegian 3 leta<\/li>\n<li>Pule Norwegian 2 leta i SAS 1 let = 3 leta<\/li>\n<li>Tivta Norwegian 2 leta i SAS 1 let = 3 leta<\/li>\n<li>Sarajeva Norwegian 2 leta<\/li>\n<li>Zadra Norwegian 2 leta<\/li>\n<\/ul>\n<p>Ovo zna\u010di da Oslo ima 61 letova iz regije tjedno (u prosjeku 8,7 dnevno) koje leti 6 kompanija. Najvi\u0161e letova ima Norwegian, njih 34 (u prosjeku 4,9 dnevno).<\/p>\n<p><em>dopisnik: Mladen Radi\u0107 (Osijek), foto: Oslo Aerodrom<\/em><\/p>\n<\/div>\n<p><a href=\"https:\/\/zamaaero.com\/novosti-iz-regije\/2\/\">novosti iz regije \u2013 Stranica 2 \u2013 zamaaero<\/a><\/p>\n<\/div>\n<\/div>\n<\/div>\n<\/div>\n<\/div>\n<\/div>\n<\/section>\n<\/div>\n<\/div>\n<\/article>\n<\/div>\n<\/div>\n<\/div>\n<\/div>\n<\/div>\n<\/div>\n<\/div>\n<\/div>\n<\/div>\n<\/div>\n<\/div>\n<\/div>\n<\/div>\n<\/div>\n<\/div>\n<\/div>\n<\/div>\n<\/div>\n","protected":false},"excerpt":{"rendered":"<p>zamaaero\u00a0regionalni avio-portal Va\u017eno upozorenje Aerodroma Crne Gore &nbsp; Aerodromi\u00a0Crne Gore\u00a0obavje\u0161tavaju putnike da su se na dru\u0161tvenim mre\u017eama pojavile stranice koje se la\u017eno predstavljaju kao Aerodrom Podgorica, te mole putnika da budu oprezni i ne nasjedaju na poku\u0161aje prijevare. Aerodromi Crne Gore nikada ne\u0107e tra\u017eiti od putnika osobne podatke ili podatke o kreditnim karticama preko dru\u0161tvenih&hellip;<\/p>\n","protected":false},"author":2,"featured_media":85634,"comment_status":"closed","ping_status":"closed","sticky":false,"template":"","format":"standard","meta":{"footnotes":""},"categories":[567,523,591],"tags":[],"class_list":["post-135226","post","type-post","status-publish","format-standard","has-post-thumbnail","hentry","category-drumski-prevoz-robe-sl","category-uncategorized-sl","category-vazdusni-transport-sl","category-567","category-523","category-591","description-off"],"yoast_head":"<!-- This site is optimized with the Yoast SEO plugin v19.6 - https:\/\/yoast.com\/wordpress\/plugins\/seo\/ -->\n<title>zamaaero regionalni avio-portal: REGIONALNE NOVOSTI AVIO-PREVOZA! - Klaster Logistika<\/title>\n<meta name=\"robots\" content=\"index, follow, max-snippet:-1, max-image-preview:large, max-video-preview:-1\" \/>\n<link rel=\"canonical\" href=\"https:\/\/www.logistika.ba\/sl\/135217\/\" \/>\n<meta property=\"og:locale\" content=\"sl_SI\" \/>\n<meta property=\"og:type\" content=\"article\" \/>\n<meta property=\"og:title\" content=\"zamaaero regionalni avio-portal: REGIONALNE NOVOSTI AVIO-PREVOZA! - Klaster Logistika\" \/>\n<meta property=\"og:description\" content=\"zamaaero\u00a0regionalni avio-portal Va\u017eno upozorenje Aerodroma Crne Gore &nbsp; Aerodromi\u00a0Crne Gore\u00a0obavje\u0161tavaju putnike da su se na dru\u0161tvenim mre\u017eama pojavile stranice koje se la\u017eno predstavljaju kao Aerodrom Podgorica, te mole putnika da budu oprezni i ne nasjedaju na poku\u0161aje prijevare. Aerodromi Crne Gore nikada ne\u0107e tra\u017eiti od putnika osobne podatke ili podatke o kreditnim karticama preko dru\u0161tvenih&hellip;\" \/>\n<meta property=\"og:url\" content=\"https:\/\/www.logistika.ba\/sl\/135217\/\" \/>\n<meta property=\"og:site_name\" content=\"Klaster Logistika\" \/>\n<meta property=\"article:published_time\" content=\"2024-10-29T21:50:23+00:00\" \/>\n<meta property=\"article:modified_time\" content=\"2024-10-29T21:56:03+00:00\" \/>\n<meta property=\"og:image\" content=\"https:\/\/www.logistika.ba\/wp-content\/uploads\/2022\/12\/tivat-aer.jpg\" \/>\n\t<meta property=\"og:image:width\" content=\"1400\" \/>\n\t<meta property=\"og:image:height\" content=\"930\" \/>\n\t<meta property=\"og:image:type\" content=\"image\/jpeg\" \/>\n<meta name=\"author\" content=\"Klaster Logistika\" \/>\n<meta name=\"twitter:card\" content=\"summary_large_image\" \/>\n<meta name=\"twitter:label1\" content=\"Written by\" \/>\n\t<meta name=\"twitter:data1\" content=\"Klaster Logistika\" \/>\n\t<meta name=\"twitter:label2\" content=\"Est. reading time\" \/>\n\t<meta name=\"twitter:data2\" content=\"7 minut\" \/>\n<script type=\"application\/ld+json\" class=\"yoast-schema-graph\">{\"@context\":\"https:\/\/schema.org\",\"@graph\":[{\"@type\":\"WebPage\",\"@id\":\"https:\/\/www.logistika.ba\/sl\/135217\/\",\"url\":\"https:\/\/www.logistika.ba\/sl\/135217\/\",\"name\":\"zamaaero regionalni avio-portal: REGIONALNE NOVOSTI AVIO-PREVOZA! - Klaster Logistika\",\"isPartOf\":{\"@id\":\"https:\/\/www.logistika.ba\/#website\"},\"datePublished\":\"2024-10-29T21:50:23+00:00\",\"dateModified\":\"2024-10-29T21:56:03+00:00\",\"author\":{\"@id\":\"https:\/\/www.logistika.ba\/#\/schema\/person\/46ef21d9f81bfe4fd9b6a2013bae7314\"},\"breadcrumb\":{\"@id\":\"https:\/\/www.logistika.ba\/sl\/135217\/#breadcrumb\"},\"inLanguage\":\"sl-SI\",\"potentialAction\":[{\"@type\":\"ReadAction\",\"target\":[\"https:\/\/www.logistika.ba\/sl\/135217\/\"]}]},{\"@type\":\"BreadcrumbList\",\"@id\":\"https:\/\/www.logistika.ba\/sl\/135217\/#breadcrumb\",\"itemListElement\":[{\"@type\":\"ListItem\",\"position\":1,\"name\":\"Home\",\"item\":\"https:\/\/www.logistika.ba\/sl\/3-creative\/\"},{\"@type\":\"ListItem\",\"position\":2,\"name\":\"zamaaero regionalni avio-portal: REGIONALNE NOVOSTI AVIO-PREVOZA!\"}]},{\"@type\":\"WebSite\",\"@id\":\"https:\/\/www.logistika.ba\/#website\",\"url\":\"https:\/\/www.logistika.ba\/\",\"name\":\"Klaster Logistika\",\"description\":\"Okupljanje za uspje\u0161nije poslovanje\",\"potentialAction\":[{\"@type\":\"SearchAction\",\"target\":{\"@type\":\"EntryPoint\",\"urlTemplate\":\"https:\/\/www.logistika.ba\/?s={search_term_string}\"},\"query-input\":\"required name=search_term_string\"}],\"inLanguage\":\"sl-SI\"},{\"@type\":\"Person\",\"@id\":\"https:\/\/www.logistika.ba\/#\/schema\/person\/46ef21d9f81bfe4fd9b6a2013bae7314\",\"name\":\"Klaster Logistika\",\"url\":\"https:\/\/www.logistika.ba\/sl\/author\/veliborp\/\"}]}<\/script>\n<!-- \/ Yoast SEO plugin. -->","yoast_head_json":{"title":"zamaaero regionalni avio-portal: REGIONALNE NOVOSTI AVIO-PREVOZA! - Klaster Logistika","robots":{"index":"index","follow":"follow","max-snippet":"max-snippet:-1","max-image-preview":"max-image-preview:large","max-video-preview":"max-video-preview:-1"},"canonical":"https:\/\/www.logistika.ba\/sl\/135217\/","og_locale":"sl_SI","og_type":"article","og_title":"zamaaero regionalni avio-portal: REGIONALNE NOVOSTI AVIO-PREVOZA! - Klaster Logistika","og_description":"zamaaero\u00a0regionalni avio-portal Va\u017eno upozorenje Aerodroma Crne Gore &nbsp; Aerodromi\u00a0Crne Gore\u00a0obavje\u0161tavaju putnike da su se na dru\u0161tvenim mre\u017eama pojavile stranice koje se la\u017eno predstavljaju kao Aerodrom Podgorica, te mole putnika da budu oprezni i ne nasjedaju na poku\u0161aje prijevare. Aerodromi Crne Gore nikada ne\u0107e tra\u017eiti od putnika osobne podatke ili podatke o kreditnim karticama preko dru\u0161tvenih&hellip;","og_url":"https:\/\/www.logistika.ba\/sl\/135217\/","og_site_name":"Klaster Logistika","article_published_time":"2024-10-29T21:50:23+00:00","article_modified_time":"2024-10-29T21:56:03+00:00","og_image":[{"width":1400,"height":930,"url":"https:\/\/www.logistika.ba\/wp-content\/uploads\/2022\/12\/tivat-aer.jpg","type":"image\/jpeg"}],"author":"Klaster Logistika","twitter_card":"summary_large_image","twitter_misc":{"Written by":"Klaster Logistika","Est. reading time":"7 minut"},"schema":{"@context":"https:\/\/schema.org","@graph":[{"@type":"WebPage","@id":"https:\/\/www.logistika.ba\/sl\/135217\/","url":"https:\/\/www.logistika.ba\/sl\/135217\/","name":"zamaaero regionalni avio-portal: REGIONALNE NOVOSTI AVIO-PREVOZA! - Klaster Logistika","isPartOf":{"@id":"https:\/\/www.logistika.ba\/#website"},"datePublished":"2024-10-29T21:50:23+00:00","dateModified":"2024-10-29T21:56:03+00:00","author":{"@id":"https:\/\/www.logistika.ba\/#\/schema\/person\/46ef21d9f81bfe4fd9b6a2013bae7314"},"breadcrumb":{"@id":"https:\/\/www.logistika.ba\/sl\/135217\/#breadcrumb"},"inLanguage":"sl-SI","potentialAction":[{"@type":"ReadAction","target":["https:\/\/www.logistika.ba\/sl\/135217\/"]}]},{"@type":"BreadcrumbList","@id":"https:\/\/www.logistika.ba\/sl\/135217\/#breadcrumb","itemListElement":[{"@type":"ListItem","position":1,"name":"Home","item":"https:\/\/www.logistika.ba\/sl\/3-creative\/"},{"@type":"ListItem","position":2,"name":"zamaaero regionalni avio-portal: REGIONALNE NOVOSTI AVIO-PREVOZA!"}]},{"@type":"WebSite","@id":"https:\/\/www.logistika.ba\/#website","url":"https:\/\/www.logistika.ba\/","name":"Klaster Logistika","description":"Okupljanje za uspje\u0161nije poslovanje","potentialAction":[{"@type":"SearchAction","target":{"@type":"EntryPoint","urlTemplate":"https:\/\/www.logistika.ba\/?s={search_term_string}"},"query-input":"required name=search_term_string"}],"inLanguage":"sl-SI"},{"@type":"Person","@id":"https:\/\/www.logistika.ba\/#\/schema\/person\/46ef21d9f81bfe4fd9b6a2013bae7314","name":"Klaster Logistika","url":"https:\/\/www.logistika.ba\/sl\/author\/veliborp\/"}]}},"_links":{"self":[{"href":"https:\/\/www.logistika.ba\/sl\/wp-json\/wp\/v2\/posts\/135226","targetHints":{"allow":["GET"]}}],"collection":[{"href":"https:\/\/www.logistika.ba\/sl\/wp-json\/wp\/v2\/posts"}],"about":[{"href":"https:\/\/www.logistika.ba\/sl\/wp-json\/wp\/v2\/types\/post"}],"author":[{"embeddable":true,"href":"https:\/\/www.logistika.ba\/sl\/wp-json\/wp\/v2\/users\/2"}],"replies":[{"embeddable":true,"href":"https:\/\/www.logistika.ba\/sl\/wp-json\/wp\/v2\/comments?post=135226"}],"version-history":[{"count":1,"href":"https:\/\/www.logistika.ba\/sl\/wp-json\/wp\/v2\/posts\/135226\/revisions"}],"predecessor-version":[{"id":135232,"href":"https:\/\/www.logistika.ba\/sl\/wp-json\/wp\/v2\/posts\/135226\/revisions\/135232"}],"wp:featuredmedia":[{"embeddable":true,"href":"https:\/\/www.logistika.ba\/sl\/wp-json\/wp\/v2\/media\/85634"}],"wp:attachment":[{"href":"https:\/\/www.logistika.ba\/sl\/wp-json\/wp\/v2\/media?parent=135226"}],"wp:term":[{"taxonomy":"category","embeddable":true,"href":"https:\/\/www.logistika.ba\/sl\/wp-json\/wp\/v2\/categories?post=135226"},{"taxonomy":"post_tag","embeddable":true,"href":"https:\/\/www.logistika.ba\/sl\/wp-json\/wp\/v2\/tags?post=135226"}],"curies":[{"name":"wp","href":"https:\/\/api.w.org\/{rel}","templated":true}]}}