{"id":79668,"date":"2022-11-07T05:59:56","date_gmt":"2022-11-07T05:59:56","guid":{"rendered":"https:\/\/www.logistika.ba\/broj-slobodnih-radnih-mjesta-profesionalnih-vozaca-porastao-je-za-44-od-januara-do-septembra-zasto-administracija-podstice-odlazak-najskuplje-radno-mjesto-u-bosni-i-hercegovini\/"},"modified":"2022-11-07T06:01:37","modified_gmt":"2022-11-07T06:01:37","slug":"broj-slobodnih-radnih-mjesta-profesionalnih-vozaca-porastao-je-za-44-od-januara-do-septembra-zasto-administracija-podstice-odlazak-najskuplje-radno-mjesto-u-bosni-i-hercegovini","status":"publish","type":"post","link":"https:\/\/www.logistika.ba\/sl\/broj-slobodnih-radnih-mjesta-profesionalnih-vozaca-porastao-je-za-44-od-januara-do-septembra-zasto-administracija-podstice-odlazak-najskuplje-radno-mjesto-u-bosni-i-hercegovini\/","title":{"rendered":"Broj slobodnih radnih mjesta profesionalnih voza\u010da porastao je za 44% od januara do septembra. Za\u0161to administracija podsti\u010de odlazak? Najskuplje radno mjesto u Bosni i Hercegovini?"},"content":{"rendered":"<h1 class=\"pg-bkn-headline \"><span style=\"font-size: 14px; font-weight: normal;\">IRU upozorava da \u0107e se &#8220;kako stvari stoje, nesta\u0161ica voza\u010da zna\u010dajno pove\u0107ati u narednim godinama.&#8221;<\/span><\/h1>\n<div class=\"inset-main\">\n<figure class=\"media-image r16-9\">Broj<strong class=\"mce\">slobodnih mesta kao profesionalnog voza\u010da u Evropi porastao je za 44 odsto od januara do septembra<\/strong>, prema najnovijim podacima IRU-a, a izve\u0161taji uklju\u010duju analize iz Danske, Francuske, Nema\u010dke, Poljske, Rumunije, \u0160panije i \u0160vedske. Me\u0111unarodna organizacija za drumski saobra\u0107aj obja\u0161njava da je manjak<strong class=\"mce\">\u00a0voza\u010da svuda i da<\/strong>\u00a0nema kraja jer je potra\u017enja za drumskim prevozom u porastu. Pored toga, profesija voza\u010da kamiona je veoma stara.<\/figure>\n<\/div>\n<div class=\"metabar\">\n<div class=\"release-container\">\n<div class=\"mce-body\">\n<blockquote>\n<p class=\"mce\">&#8220;Kako stvari stoje,\u00a0<strong class=\"mce\">predvi\u0111a se da \u0107e se nesta\u0161ica voza\u010da zna\u010dajno pove\u0107ati u narednim godinama<\/strong>, \u0161to predstavlja ozbiljnu pretnju stabilnosti i kontinuitetu lanaca mobilnosti i snabdevanja,&#8221; upozorava IRU.<\/p>\n<\/blockquote>\n<h2 class=\"mce\">PREPREKE ZA ULAZAK<\/h2>\n<blockquote>\n<p class=\"mce\">Udru\u017eenje tako\u0111e veruje da postoji nekoliko prepreka za pristup profesiji: &#8220;Prvo, morate imati 21 godinu u mnogim zemljama da biste uop\u0161te dobili licencu. \u0160ta \u0107e\u0161 da radi\u0161 izme\u0111u 18 i 21 godine?,&#8221; pita IRU. On tako\u0111e ukazuje na visoke tro\u0161kove licenciranja i obuke koji &#8220;<strong class=\"mce\">ulazak u profesiju \u010dine skupom poduhvatom.&#8221;<\/strong><\/p>\n<p>&#8220;Pored finansijske podr\u0161ke za pokrivanje tro\u0161kova kvalifikacija, <strong class=\"mce\">fokus treba da bude na pobolj\u0161anju uslova rada, smanjenju i uskla\u0111ivanju minimalne starosti za vo\u017enju i pru\u017eanju mogu\u0107nosti konverzije drugim profesionalcima<\/strong>. U suprotnom, industrija ne\u0107e mo\u0107i da zadovolji budu\u0107e zahtjeve,&#8221; upozorava IRU.<\/p><\/blockquote>\n<p>U Bosni i Hercegovini je slo\u017een i komplikovan sistem, u pore\u0111enju sa Slovenijom, voza\u010d koji je nastanjen u republici Srpskoj ima dva do tri\u00a0 pute vie\u0107e tro\u0161kove za sticanje prava za obavljanje poslova voza\u010da. Tako\u0111er, administracija se slu\u017ei najprizemnijim pristupom profitabilnih centara, po principu tri funkcije u jednoj uz maksimalne profite. ( U narednim danima objavi\u0107emo detaljne tro\u0161kove i prijetnje usmjerene voza\u010dima).<\/p>\n<blockquote><p>Regrutacija voza\u010da se nastavlja, odlazak tako\u0111e, prednost drugih zemalja okru\u017eenja je u osnovi jednostavnost dolaska do profesionalnih kompetencija EU CODE 95, prvi argument.<\/p><\/blockquote>\n<p>Klaster Logistika je pripremio opse\u017ean izvje\u0161taj i prijedlog mjera da se zaustavi trend preseljavanja kapaciteta i odlazaka profesionalnih voza\u010da, Adminisatracija na entiteskom nivou, samo podsti\u010de selidbu, stvara prepreke i nema komunikaciju ka rje\u0161avanju problema. Profitabilni centri koji su nastali u okvirima &#8220;organizacione strukture&#8221; moraju se nazvati pravim imenom, a pojedince ozna\u010diti kao uzro\u010dnike.<\/p>\n<\/div>\n<\/div>\n<\/div>\n","protected":false},"excerpt":{"rendered":"<p>IRU upozorava da \u0107e se &#8220;kako stvari stoje, nesta\u0161ica voza\u010da zna\u010dajno pove\u0107ati u narednim godinama.&#8221; Brojslobodnih mesta kao profesionalnog voza\u010da u Evropi porastao je za 44 odsto od januara do septembra, prema najnovijim podacima IRU-a, a izve\u0161taji uklju\u010duju analize iz Danske, Francuske, Nema\u010dke, Poljske, Rumunije, \u0160panije i \u0160vedske. Me\u0111unarodna organizacija za drumski saobra\u0107aj obja\u0161njava da&hellip;<\/p>\n","protected":false},"author":2,"featured_media":77295,"comment_status":"closed","ping_status":"closed","sticky":false,"template":"","format":"standard","meta":{"footnotes":""},"categories":[567,523],"tags":[],"class_list":["post-79668","post","type-post","status-publish","format-standard","has-post-thumbnail","hentry","category-drumski-prevoz-robe-sl","category-uncategorized-sl","category-567","category-523","description-off"],"yoast_head":"<!-- This site is optimized with the Yoast SEO plugin v19.6 - https:\/\/yoast.com\/wordpress\/plugins\/seo\/ -->\n<title>Broj slobodnih radnih mjesta profesionalnih voza\u010da porastao je za 44% od januara do septembra. Za\u0161to administracija podsti\u010de odlazak? Najskuplje radno mjesto u Bosni i Hercegovini? - Klaster Logistika<\/title>\n<meta name=\"robots\" content=\"index, follow, max-snippet:-1, max-image-preview:large, max-video-preview:-1\" \/>\n<link rel=\"canonical\" href=\"https:\/\/www.logistika.ba\/sl\/broj-slobodnih-radnih-mjesta-profesionalnih-vozaca-porastao-je-za-44-od-januara-do-septembra-zasto-administracija-podstice-odlazak-najskuplje-radno-mjesto-u-bosni-i-hercegovini\/\" \/>\n<meta property=\"og:locale\" content=\"sl_SI\" \/>\n<meta property=\"og:type\" content=\"article\" \/>\n<meta property=\"og:title\" content=\"Broj slobodnih radnih mjesta profesionalnih voza\u010da porastao je za 44% od januara do septembra. Za\u0161to administracija podsti\u010de odlazak? Najskuplje radno mjesto u Bosni i Hercegovini? - Klaster Logistika\" \/>\n<meta property=\"og:description\" content=\"IRU upozorava da \u0107e se &#8220;kako stvari stoje, nesta\u0161ica voza\u010da zna\u010dajno pove\u0107ati u narednim godinama.&#8221; Brojslobodnih mesta kao profesionalnog voza\u010da u Evropi porastao je za 44 odsto od januara do septembra, prema najnovijim podacima IRU-a, a izve\u0161taji uklju\u010duju analize iz Danske, Francuske, Nema\u010dke, Poljske, Rumunije, \u0160panije i \u0160vedske. Me\u0111unarodna organizacija za drumski saobra\u0107aj obja\u0161njava da&hellip;\" \/>\n<meta property=\"og:url\" content=\"https:\/\/www.logistika.ba\/sl\/broj-slobodnih-radnih-mjesta-profesionalnih-vozaca-porastao-je-za-44-od-januara-do-septembra-zasto-administracija-podstice-odlazak-najskuplje-radno-mjesto-u-bosni-i-hercegovini\/\" \/>\n<meta property=\"og:site_name\" content=\"Klaster Logistika\" \/>\n<meta property=\"article:published_time\" content=\"2022-11-07T05:59:56+00:00\" \/>\n<meta property=\"article:modified_time\" content=\"2022-11-07T06:01:37+00:00\" \/>\n<meta property=\"og:image\" content=\"https:\/\/www.logistika.ba\/wp-content\/uploads\/2022\/10\/Mercedes-Benz_eActros_Test_f685841a77.jpg\" \/>\n\t<meta property=\"og:image:width\" content=\"360\" \/>\n\t<meta property=\"og:image:height\" content=\"241\" \/>\n\t<meta property=\"og:image:type\" content=\"image\/jpeg\" \/>\n<meta name=\"author\" content=\"Klaster Logistika\" \/>\n<meta name=\"twitter:card\" content=\"summary_large_image\" \/>\n<meta name=\"twitter:label1\" content=\"Written by\" \/>\n\t<meta name=\"twitter:data1\" content=\"Klaster Logistika\" \/>\n\t<meta name=\"twitter:label2\" content=\"Est. reading time\" \/>\n\t<meta name=\"twitter:data2\" content=\"2 minuti\" \/>\n<script type=\"application\/ld+json\" class=\"yoast-schema-graph\">{\"@context\":\"https:\/\/schema.org\",\"@graph\":[{\"@type\":\"WebPage\",\"@id\":\"https:\/\/www.logistika.ba\/sl\/broj-slobodnih-radnih-mjesta-profesionalnih-vozaca-porastao-je-za-44-od-januara-do-septembra-zasto-administracija-podstice-odlazak-najskuplje-radno-mjesto-u-bosni-i-hercegovini\/\",\"url\":\"https:\/\/www.logistika.ba\/sl\/broj-slobodnih-radnih-mjesta-profesionalnih-vozaca-porastao-je-za-44-od-januara-do-septembra-zasto-administracija-podstice-odlazak-najskuplje-radno-mjesto-u-bosni-i-hercegovini\/\",\"name\":\"Broj slobodnih radnih mjesta profesionalnih voza\u010da porastao je za 44% od januara do septembra. Za\u0161to administracija podsti\u010de odlazak? Najskuplje radno mjesto u Bosni i Hercegovini? - Klaster Logistika\",\"isPartOf\":{\"@id\":\"https:\/\/www.logistika.ba\/#website\"},\"datePublished\":\"2022-11-07T05:59:56+00:00\",\"dateModified\":\"2022-11-07T06:01:37+00:00\",\"author\":{\"@id\":\"https:\/\/www.logistika.ba\/#\/schema\/person\/46ef21d9f81bfe4fd9b6a2013bae7314\"},\"breadcrumb\":{\"@id\":\"https:\/\/www.logistika.ba\/sl\/broj-slobodnih-radnih-mjesta-profesionalnih-vozaca-porastao-je-za-44-od-januara-do-septembra-zasto-administracija-podstice-odlazak-najskuplje-radno-mjesto-u-bosni-i-hercegovini\/#breadcrumb\"},\"inLanguage\":\"sl-SI\",\"potentialAction\":[{\"@type\":\"ReadAction\",\"target\":[\"https:\/\/www.logistika.ba\/sl\/broj-slobodnih-radnih-mjesta-profesionalnih-vozaca-porastao-je-za-44-od-januara-do-septembra-zasto-administracija-podstice-odlazak-najskuplje-radno-mjesto-u-bosni-i-hercegovini\/\"]}]},{\"@type\":\"BreadcrumbList\",\"@id\":\"https:\/\/www.logistika.ba\/sl\/broj-slobodnih-radnih-mjesta-profesionalnih-vozaca-porastao-je-za-44-od-januara-do-septembra-zasto-administracija-podstice-odlazak-najskuplje-radno-mjesto-u-bosni-i-hercegovini\/#breadcrumb\",\"itemListElement\":[{\"@type\":\"ListItem\",\"position\":1,\"name\":\"Home\",\"item\":\"https:\/\/www.logistika.ba\/sl\/3-creative\/\"},{\"@type\":\"ListItem\",\"position\":2,\"name\":\"Broj slobodnih radnih mjesta profesionalnih voza\u010da porastao je za 44% od januara do septembra. Za\u0161to administracija podsti\u010de odlazak? Najskuplje radno mjesto u Bosni i Hercegovini?\"}]},{\"@type\":\"WebSite\",\"@id\":\"https:\/\/www.logistika.ba\/#website\",\"url\":\"https:\/\/www.logistika.ba\/\",\"name\":\"Klaster Logistika\",\"description\":\"Okupljanje za uspje\u0161nije poslovanje\",\"potentialAction\":[{\"@type\":\"SearchAction\",\"target\":{\"@type\":\"EntryPoint\",\"urlTemplate\":\"https:\/\/www.logistika.ba\/?s={search_term_string}\"},\"query-input\":\"required name=search_term_string\"}],\"inLanguage\":\"sl-SI\"},{\"@type\":\"Person\",\"@id\":\"https:\/\/www.logistika.ba\/#\/schema\/person\/46ef21d9f81bfe4fd9b6a2013bae7314\",\"name\":\"Klaster Logistika\",\"url\":\"https:\/\/www.logistika.ba\/sl\/author\/veliborp\/\"}]}<\/script>\n<!-- \/ Yoast SEO plugin. -->","yoast_head_json":{"title":"Broj slobodnih radnih mjesta profesionalnih voza\u010da porastao je za 44% od januara do septembra. Za\u0161to administracija podsti\u010de odlazak? Najskuplje radno mjesto u Bosni i Hercegovini? - Klaster Logistika","robots":{"index":"index","follow":"follow","max-snippet":"max-snippet:-1","max-image-preview":"max-image-preview:large","max-video-preview":"max-video-preview:-1"},"canonical":"https:\/\/www.logistika.ba\/sl\/broj-slobodnih-radnih-mjesta-profesionalnih-vozaca-porastao-je-za-44-od-januara-do-septembra-zasto-administracija-podstice-odlazak-najskuplje-radno-mjesto-u-bosni-i-hercegovini\/","og_locale":"sl_SI","og_type":"article","og_title":"Broj slobodnih radnih mjesta profesionalnih voza\u010da porastao je za 44% od januara do septembra. Za\u0161to administracija podsti\u010de odlazak? Najskuplje radno mjesto u Bosni i Hercegovini? - Klaster Logistika","og_description":"IRU upozorava da \u0107e se &#8220;kako stvari stoje, nesta\u0161ica voza\u010da zna\u010dajno pove\u0107ati u narednim godinama.&#8221; Brojslobodnih mesta kao profesionalnog voza\u010da u Evropi porastao je za 44 odsto od januara do septembra, prema najnovijim podacima IRU-a, a izve\u0161taji uklju\u010duju analize iz Danske, Francuske, Nema\u010dke, Poljske, Rumunije, \u0160panije i \u0160vedske. Me\u0111unarodna organizacija za drumski saobra\u0107aj obja\u0161njava da&hellip;","og_url":"https:\/\/www.logistika.ba\/sl\/broj-slobodnih-radnih-mjesta-profesionalnih-vozaca-porastao-je-za-44-od-januara-do-septembra-zasto-administracija-podstice-odlazak-najskuplje-radno-mjesto-u-bosni-i-hercegovini\/","og_site_name":"Klaster Logistika","article_published_time":"2022-11-07T05:59:56+00:00","article_modified_time":"2022-11-07T06:01:37+00:00","og_image":[{"width":360,"height":241,"url":"https:\/\/www.logistika.ba\/wp-content\/uploads\/2022\/10\/Mercedes-Benz_eActros_Test_f685841a77.jpg","type":"image\/jpeg"}],"author":"Klaster Logistika","twitter_card":"summary_large_image","twitter_misc":{"Written by":"Klaster Logistika","Est. reading time":"2 minuti"},"schema":{"@context":"https:\/\/schema.org","@graph":[{"@type":"WebPage","@id":"https:\/\/www.logistika.ba\/sl\/broj-slobodnih-radnih-mjesta-profesionalnih-vozaca-porastao-je-za-44-od-januara-do-septembra-zasto-administracija-podstice-odlazak-najskuplje-radno-mjesto-u-bosni-i-hercegovini\/","url":"https:\/\/www.logistika.ba\/sl\/broj-slobodnih-radnih-mjesta-profesionalnih-vozaca-porastao-je-za-44-od-januara-do-septembra-zasto-administracija-podstice-odlazak-najskuplje-radno-mjesto-u-bosni-i-hercegovini\/","name":"Broj slobodnih radnih mjesta profesionalnih voza\u010da porastao je za 44% od januara do septembra. Za\u0161to administracija podsti\u010de odlazak? Najskuplje radno mjesto u Bosni i Hercegovini? - Klaster Logistika","isPartOf":{"@id":"https:\/\/www.logistika.ba\/#website"},"datePublished":"2022-11-07T05:59:56+00:00","dateModified":"2022-11-07T06:01:37+00:00","author":{"@id":"https:\/\/www.logistika.ba\/#\/schema\/person\/46ef21d9f81bfe4fd9b6a2013bae7314"},"breadcrumb":{"@id":"https:\/\/www.logistika.ba\/sl\/broj-slobodnih-radnih-mjesta-profesionalnih-vozaca-porastao-je-za-44-od-januara-do-septembra-zasto-administracija-podstice-odlazak-najskuplje-radno-mjesto-u-bosni-i-hercegovini\/#breadcrumb"},"inLanguage":"sl-SI","potentialAction":[{"@type":"ReadAction","target":["https:\/\/www.logistika.ba\/sl\/broj-slobodnih-radnih-mjesta-profesionalnih-vozaca-porastao-je-za-44-od-januara-do-septembra-zasto-administracija-podstice-odlazak-najskuplje-radno-mjesto-u-bosni-i-hercegovini\/"]}]},{"@type":"BreadcrumbList","@id":"https:\/\/www.logistika.ba\/sl\/broj-slobodnih-radnih-mjesta-profesionalnih-vozaca-porastao-je-za-44-od-januara-do-septembra-zasto-administracija-podstice-odlazak-najskuplje-radno-mjesto-u-bosni-i-hercegovini\/#breadcrumb","itemListElement":[{"@type":"ListItem","position":1,"name":"Home","item":"https:\/\/www.logistika.ba\/sl\/3-creative\/"},{"@type":"ListItem","position":2,"name":"Broj slobodnih radnih mjesta profesionalnih voza\u010da porastao je za 44% od januara do septembra. Za\u0161to administracija podsti\u010de odlazak? Najskuplje radno mjesto u Bosni i Hercegovini?"}]},{"@type":"WebSite","@id":"https:\/\/www.logistika.ba\/#website","url":"https:\/\/www.logistika.ba\/","name":"Klaster Logistika","description":"Okupljanje za uspje\u0161nije poslovanje","potentialAction":[{"@type":"SearchAction","target":{"@type":"EntryPoint","urlTemplate":"https:\/\/www.logistika.ba\/?s={search_term_string}"},"query-input":"required name=search_term_string"}],"inLanguage":"sl-SI"},{"@type":"Person","@id":"https:\/\/www.logistika.ba\/#\/schema\/person\/46ef21d9f81bfe4fd9b6a2013bae7314","name":"Klaster Logistika","url":"https:\/\/www.logistika.ba\/sl\/author\/veliborp\/"}]}},"_links":{"self":[{"href":"https:\/\/www.logistika.ba\/sl\/wp-json\/wp\/v2\/posts\/79668","targetHints":{"allow":["GET"]}}],"collection":[{"href":"https:\/\/www.logistika.ba\/sl\/wp-json\/wp\/v2\/posts"}],"about":[{"href":"https:\/\/www.logistika.ba\/sl\/wp-json\/wp\/v2\/types\/post"}],"author":[{"embeddable":true,"href":"https:\/\/www.logistika.ba\/sl\/wp-json\/wp\/v2\/users\/2"}],"replies":[{"embeddable":true,"href":"https:\/\/www.logistika.ba\/sl\/wp-json\/wp\/v2\/comments?post=79668"}],"version-history":[{"count":1,"href":"https:\/\/www.logistika.ba\/sl\/wp-json\/wp\/v2\/posts\/79668\/revisions"}],"predecessor-version":[{"id":79674,"href":"https:\/\/www.logistika.ba\/sl\/wp-json\/wp\/v2\/posts\/79668\/revisions\/79674"}],"wp:featuredmedia":[{"embeddable":true,"href":"https:\/\/www.logistika.ba\/sl\/wp-json\/wp\/v2\/media\/77295"}],"wp:attachment":[{"href":"https:\/\/www.logistika.ba\/sl\/wp-json\/wp\/v2\/media?parent=79668"}],"wp:term":[{"taxonomy":"category","embeddable":true,"href":"https:\/\/www.logistika.ba\/sl\/wp-json\/wp\/v2\/categories?post=79668"},{"taxonomy":"post_tag","embeddable":true,"href":"https:\/\/www.logistika.ba\/sl\/wp-json\/wp\/v2\/tags?post=79668"}],"curies":[{"name":"wp","href":"https:\/\/api.w.org\/{rel}","templated":true}]}}