{"id":89037,"date":"2023-01-02T09:37:54","date_gmt":"2023-01-02T09:37:54","guid":{"rendered":"https:\/\/www.logistika.ba\/eu-najvaznije-promene-u-transportnoj-industriji-u-inostranstvu-u-2023-godini-vazna-pravila\/"},"modified":"2023-01-02T09:40:01","modified_gmt":"2023-01-02T09:40:01","slug":"eu-najvaznije-promene-u-transportnoj-industriji-u-inostranstvu-u-2023-godini-vazna-pravila","status":"publish","type":"post","link":"https:\/\/www.logistika.ba\/sl\/eu-najvaznije-promene-u-transportnoj-industriji-u-inostranstvu-u-2023-godini-vazna-pravila\/","title":{"rendered":"VA\u017dNO!!!: Najva\u017enije promjene u transportnoj industriji inostranstvu u 2023. godini!"},"content":{"rendered":"<h2><b>Evropa<\/b><\/h2>\n<p><b>Nova ADR pravila<\/b><\/p>\n<blockquote><p>ADR konvencija o prevozu opasne robe obi\u010dno se revidira svake dve godine. Po\u010detkom 2023. godine ovi propisi su a\u017eurirani. Ovo su najzna\u010dajnije promjene:<\/p><\/blockquote>\n<p><b>\u2022 Obaveza imenovanja ADR konsultanta<\/b><\/p>\n<blockquote><p>Od 1. januara 2023. godine, kompanije koje deluju isklju\u010divo kao emiteri moraju imenovati savjetnika &#8211; konsultanta za bezbednost. Obaveza se odnosi i na preduze\u0107a koja vr\u0161e povremene po\u0161iljke ili male koli\u010dine robe i\/ili opasnog otpada.<\/p><\/blockquote>\n<p><b>\u2013 Automatski aparati za ga\u0161enje po\u017eara i toplotna za\u0161tita<\/b><\/p>\n<blockquote><p>Obaveza automatskog ga\u0161enja po\u017eara u prostoru motora i toplotne za\u0161tite pro\u0161irena je i na industrijska vozila koja prevoze odre\u0111ene zapaljive te\u010dnosti i gasove, posebno na vozila kategorije FL za masovni prevoz (u pro\u0161losti je oprema bila obavezna samo na vozilima kategorije EX\/III).<\/p>\n<p><b><\/b><b>Procjena te\u017eine transportovanog ADR otpada<\/b><\/p>\n<p>\u010cesto, u slu\u010daju transporta otpada, informacije o koli\u010dini transportovanog ADR otpada se procenjuju i ozna\u010davaju kao pretpostavljena vrednost.<\/p><\/blockquote>\n<p>Prema ADR 2023, ako nije mogu\u0107e izmeriti ta\u010dnu koli\u010dinu otpada na mestu utovara, mo\u017ee se proceniti u slede\u0107im slu\u010dajevima pod slede\u0107im uslovima:<\/p>\n<ul>\n<li aria-level=\"1\">u slu\u010daju ambala\u017ee, transportni dokument mora biti pra\u0107en popisom paketa u kojima se navodi vrsta i nominalni volumen,<\/li>\n<li aria-level=\"1\">za kontejnere, procjena se temelji na njihovoj nominalnoj zapremini i drugim dostupnim informacijama (npr. vrsta otpada, prosje\u010dna gusto\u0107a, stepen punjenja),<\/li>\n<li aria-level=\"1\">U slu\u010daju vakuumskih rezervoara, procena je opravdana (npr. na osnovu procene koju je dao po\u0161iljalac ili oprema vozila).<\/li>\n<\/ul>\n<p><b>Pro\u0161irenje \u0161engenskog prostora<\/b><\/p>\n<blockquote><p>Va\u017ena informacija za voza\u010de i prevoznike svakako je \u010dinjenica da <a href=\"https:\/\/www.trans.info\/pl\/wieksza-strefa-schengen-2-317175\" target=\"_blank\" rel=\"noopener\">je Hrvatska<\/a> u\u0161la u \u0161engensku zonu. Od 1. januara 2023. godine Hrvatska je punopravna \u010dlanica i \u0161engenskog prostora i eurozone. U praksi to zna\u010di da na nekim hrvatskim granicama ne\u0107e biti kontrola.<\/p><\/blockquote>\n<h2><b>Austrija <\/b><\/h2>\n<p><b>\u2013 Promjene u po\u0161iljkama otpada<\/b><\/p>\n<blockquote><p>Prema novim propisima, od 1. januara 2023. godine prevoz otpada bi\u0107e preba\u010den na \u017eeleznicu. Otpad te\u017eak vi\u0161e od 10 tona preko 300 km vi\u0161e se ne\u0107e prevoziti kamionima, ve\u0107 vozovima ili drugim vidovima transporta sa ekvivalentnim ili ni\u017eim zaga\u0111enjem ili potencijalom gasova sa efektom staklene ba\u0161te (npr. pogon gorivih \u0107elija ili elektromotor).<\/p>\n<p>Izuzetak je kada voz nije u mogu\u0107nosti da obezbedi adekvatan kapacitet ili dolazak i polazak do\/od najbli\u017eih utovarnih ta\u010daka traje 25% ili du\u017ee od samog drumskog saobra\u0107aja, izve\u0161tava Austrijska privredna komora.<\/p><\/blockquote>\n<p><b>&#8211; Pove\u0107anje putarine<\/b><\/p>\n<blockquote><p>Savezno ministarstvo za za\u0161titu klime u Austriji objavilo je 6. decembra 2023. Tro\u0161kovi infrastrukture procijenjeni su kori\u0161tenjem Indeksa potro\u0161a\u010dkih cijena (CPI) na 2,8%. Po\u010detkom ove godine stopa putarine u klasi Euro 6 porasla je za 4%. Ostale tarife su pove\u0107ane sa 2,29 na 2,8 odsto.<\/p><\/blockquote>\n<p><b>\u2013\u00a0<\/b><b>Vi\u0161e prijava blokira<\/b><\/p>\n<p>Vlada Tirola objavila je kalendar doziranja saobra\u0107aja za prvu polovinu 2023. godine. <b>U prvoj polovini 2023. godine blok provjere \u0107e se vr\u0161iti \u010dak 24<\/b> puta \u2013 za usporedbu, u istom periodu pro\u0161le godine ta ograni\u010denja su primijenjena 21 put.<\/p>\n<blockquote><p>Podsjetimo, ograni\u010denje saobra\u0107aja na autoputu A12 Inntal na podru\u010dju njema\u010dko-austrijskog grani\u010dnog prielaza Kufstein\/Kiefersfelden u ju\u017enom smjeru odvija se od 5 sati. Obi\u010dno traje do podneva, uzrokuju\u0107i kilometre kamionskih redova na njema\u010dkoj strani. Ispod su datumi prijave koje su vlasti Tirola planirale za prvu polovinu 2023. godine:<\/p>\n<p>9.januar (ponedeljak),<\/p>\n<p>6. februar (ponedjeljak),<\/p>\n<p>13. februar (ponedjeljak),<\/p>\n<p>20. februar (ponedjeljak),<\/p>\n<p>27. februar (ponedjeljak),<\/p>\n<p>6. mart (ponedjeljak),<\/p>\n<p>13. mart (ponedjeljak),<\/p>\n<p>26. april (sreda),<\/p>\n<p>27. april (\u010detvrtak),<\/p>\n<p>2. maj (utorak),<\/p>\n<p>15. maj (ponedjeljak),<\/p>\n<p>16. maj (utorak),<\/p>\n<p>17. maj (sreda),<\/p>\n<p>19. maj (petak),<\/p>\n<p>26. maj (petak),<\/p>\n<p>27. maj (subota),<\/p>\n<p>30. maj (utorak),<\/p>\n<p>31. maj (sreda),<\/p>\n<p>1. juna (\u010detvrtak),<\/p>\n<p>3. juna (subota),<\/p>\n<p>5. juna (ponedeljak),<\/p>\n<p>6. juna (utorak),<\/p>\n<p>7. juna (sreda),<\/p>\n<p>9. juni (petak).<\/p><\/blockquote>\n<h2><\/h2>\n<h2><b>Francuska<\/b><\/h2>\n<blockquote><p>U Francuskoj \u0107e cijene putarine biti a\u017eurirane u februaru 2023. godine. Stopa putarine na glavnim mre\u017eama autoputeva <b>pove\u0107a\u0107e se u proseku za 4,75 odsto.<\/b> od 1. februara. Pove\u0107anje \u0107e varirati od 4,5 do 5,07 odsto u zavisnosti od broja osovina, prema menad\u017eeru autoputa APRR (Autoroutes Paris-Rhin-Rh\u00f4ne). \u0160to se ti\u010de autoputeva Sanef (kompanija autoputeva na severu i istoku Francuske), primenjiva\u0107e se pove\u0107anje izme\u0111u 4,62 i 4,81 odsto. Prema podacima transportnog portala transportinfo.fr, cijene \u0107e pove\u0107ati upravitelje tunela \u2013 ATMB (Autoroutes et Tunnel du Mont Blanc) za 5,39 posto, a SFTRF (La Soci\u00e9t\u00e9 Fran\u00e7aise du Tunnel Routier de Fr\u00e9jus) \u2013 za 6,33 posto.<\/p><\/blockquote>\n<h2><b>\u0160panija<\/b><\/h2>\n<p><b>\u2013 Promjene u putarinama<\/b><\/p>\n<blockquote><p>\u0160panske stope putarine a\u017euriraju se svake godine prema CPI (indeks potro\u0161a\u010dkih cena) i ove godine se ne razlikuju. Prema \u0161panskom zakonu, koncesionari mogu dodati faktor korekcije CPI-u, \u0161to \u0107e dodatno pove\u0107ati cijenu. To je slu\u010daj sa AP-9 kojim upravlja operater Audas, koji je dodao dodatnih 1% pove\u0107anju kao kompenzaciju za rad vezan za pro\u0161irenje mosta Rande i obilaznice Santiago de Compostela. Stoga, pove\u0107anje stope putarine na ovom autoputu <b>dosti\u017ee 9 posto. <\/b> (Ovo je drugi najve\u0107i porast u istoriji \u0161panske putarine.) U me\u0111uvremenu, putarine u provinciji Guip\u00fazcoa pove\u0107ane su ispod CPI-a &#8211; izme\u0111u 2,25 i 3,5 posto, prema koncesionaru Bideguiju. Poznato je i da jedna od autonomnih zajednica na sjeveru \u0160panije \u2013 Baskija \u2013 uvodi sistem naplate putarine na odabranim dionicama nekih od svojih puteva. Detalji se mogu na\u0107i u <a href=\"https:\/\/www.trans.info\/pl\/podwyzki-oplat-drogowych-2023-r-318485\" target=\"_blank\" rel=\"noopener\">na\u0161em \u010dlanku na ovu temu.<\/a><\/p><\/blockquote>\n<p><b>\u2013 Skoro 150 novih zona niske emisije<\/b><\/p>\n<blockquote><p>Prema novim \u0161panskim pravilima, sve <b>\u0161panske op\u0161tine sa vi\u0161e od 50.000 stanovnika<\/b> (isklju\u010duju\u0107i ostrvske teritorije) mora\u0107e da imaju ograni\u010denu zonu niske emisije ili <b>LEZ.<\/b> To zna\u010di da \u0107e biti restrikcije u <b>skoro 150 op\u0161tina u \u0160paniji<\/b>. Svako gradsko vije\u0107e mo\u0107i \u0107e odlu\u010diti kako \u0107e primijeniti ograni\u010denja. Jedini uslov je da se kao referenca uzmu ekolo\u0161ke oznake, koje se zasnivaju na Euro standardu: A (bez oznake), B, C, ECO i ZERO. Pored toga, LEZ \u0107e morati da se uspostavi u gradovima sa vi\u0161e od 20.000 stanovnika sa takozvanim epizodama visokog zaga\u0111enja vazduha.<\/p><\/blockquote>\n<p><b>\u2013 Plan inspekcije transporta<\/b><\/p>\n<blockquote><p>Prema Nacionalnom planu inspekcije saobra\u0107aja za 2023. godinu koji je objavilo \u0161pansko Ministarstvo saobra\u0107aja, usluge \u0107e se fokusirati na borbu protiv ka\u0161njenja u pla\u0107anju, sprovo\u0111enje propisa o cijenama prevoza, po\u0161tovanje zabrane utovara i istovara, kao i hvatanje &#8220;kompanija za po\u0161tansko sandu\u010de&#8221;.<\/p><\/blockquote>\n<h2><b>Njema\u010dka <\/b><\/h2>\n<p><b>\u2013 Zakon o nadzoru lanca snabdijevanja (opskrbe)<\/b><\/p>\n<blockquote><p>Dana 1. januara 2023. godine stupio je na snagu njema\u010dki savezni zakon koji ima za cilj da spre\u010di kr\u0161enje ljudskih prava i ekolo\u0161kih standarda u globalnim lancima snabdevanja koje su stvorile nema\u010dke kompanije. Prema novim pravilima, od po\u010detka 2023. godine kompanije sa vi\u0161e od 3.000 zaposlenih moraju osigurati da njihovi dobavlja\u010di i njihovi dobavlja\u010di po\u0161tuju ljudska prava i odre\u0111ene ekolo\u0161ke i socijalne mjere.<\/p>\n<p>To zauzvrat zna\u010di da se od januara 2023. godine zakon odnosi i na mala preduze\u0107a koja, na primer, prodaju svoje proizvode velikim kompanijama koje podle\u017eu nadzoru zbog broja zaposlenih. Od 2024. godine propisi \u0107e obuhvatiti kompanije sa 1.000 ili vi\u0161e zaposlenih.<\/p>\n<p>Stoga \u0107e se njema\u010dki propisi primjenjivati i na poljske kompanije. Nema\u010dki izvo\u0111a\u010di radova poljskih kompanija mogu od njih da zatra\u017ee informacije o kooperantima, posebno ako imaju sedi\u0161te izvan Evropske unije.<\/p><\/blockquote>\n<p><b>\u2013 Obaveza no\u0161enja maski u medicinskim ormari\u0107ima<\/b><\/p>\n<blockquote><p><strong>Nema\u010dki standard za komplete za prvu pomo\u0107 je revidiran i primenjuje se od 1. februara 2022. godine. Prema novom standardu DIN 13164:2022, dvije medicinske maske su deo kompleta za prvu pomo\u0107, ali postoji prelazni period do kraja januara 2023. godine. Stoga, obaveza posedovanja dve za\u0161titne maske (ne moraju biti FFP2 maske) ne\u0107e u\u0107i do 1. februara 2023. godine. Komplet za prvu pomo\u0107, u skladu sa DIN 13164, bi\u0107e &#8220;smanjen&#8221; za jedan trouglasti \u0161al (trenutno su dva obavezna) i preliv od 40\u00d760 cm, koji \u0107e prestati da bude obavezan.<\/strong><\/p><\/blockquote>\n<p><b>&#8211; <a href=\"https:\/\/www.trans.info\/pl\/w2023-r-wzrosna-oplaty-drogowe-od-ciezarowek-w-niemczech-315004\" target=\"_blank\" rel=\"noopener\">Pove\u0107anje putarine<\/a><\/b><\/p>\n<blockquote><p>Cijene putarine u Nema\u010dkoj su zna\u010dajno porasle. U 2023. godini, u skladu sa izmjenama i dopunama Zakona, oni su sljede\u0107i:<\/p><\/blockquote>\n<table>\n<tbody>\n<tr>\n<td colspan=\"6\"><b>Pove\u0107anje penzija u 2023. godini <\/b><\/td>\n<\/tr>\n<tr>\n<td><b>Klasa emisija<\/b><\/td>\n<td><b>DMC i broj osovina<\/b><\/td>\n<td><b>Trenutna cijena putarine u centima po kilometru<\/b><\/td>\n<td><b>Cijene putarine u evrocentima po kilometru od 2023. godine<\/b><\/td>\n<td><b>Rast u evro centima<\/b><\/td>\n<td><b>Pove\u0107anje procenta<\/b><\/td>\n<\/tr>\n<tr>\n<td rowspan=\"4\"><b>Euro 6<\/b><\/td>\n<td><b>7.5-11.99 t<\/b><\/td>\n<td><b>7,9<\/b><\/td>\n<td><b>9,8<\/b><\/td>\n<td><b>+1,9<\/b><\/td>\n<td><b>+24.1%<\/b><\/td>\n<\/tr>\n<tr>\n<td><b>12-18 t<\/b><\/td>\n<td><b>12,6<\/b><\/td>\n<td><b>14,0<\/b><\/td>\n<td><b>+1,4<\/b><\/td>\n<td><b>+11.1%<\/b><\/td>\n<\/tr>\n<tr>\n<td><b>preko 18 t; Do 3 osovine<\/b><\/td>\n<td><b>16,9<\/b><\/td>\n<td><b>18,1<\/b><\/td>\n<td><b>+1,2<\/b><\/td>\n<td><b>+7.1%<\/b><\/td>\n<\/tr>\n<tr>\n<td><b>preko 18 t; od 4 osovine<\/b><\/td>\n<td><b>18,3<\/b><\/td>\n<td><b>19,4<\/b><\/td>\n<td><b>+1,1\u00a0<\/b><\/td>\n<td><b>+6.0%<\/b><\/td>\n<\/tr>\n<tr>\n<td rowspan=\"4\"><b>Euro 5, EEV 1<\/b><\/td>\n<td><b>7.5-11.99 t<\/b><\/td>\n<td><b>9,0<\/b><\/td>\n<td><b>12,6<\/b><\/td>\n<td><b>+3,6<\/b><\/td>\n<td><b>+40.0%<\/b><\/td>\n<\/tr>\n<tr>\n<td><b>12-18 t<\/b><\/td>\n<td><b>13,7<\/b><\/td>\n<td><b>17,7<\/b><\/td>\n<td><b>+4,0<\/b><\/td>\n<td><b>+29.2%<\/b><\/td>\n<\/tr>\n<tr>\n<td><b>preko 18 t; Do 3 osovine<\/b><\/td>\n<td><b>18,00<\/b><\/td>\n<td><b>22,1<\/b><\/td>\n<td><b>+4,1<\/b><\/td>\n<td><b>+22.8%<\/b><\/td>\n<\/tr>\n<tr>\n<td><b>preko 18 t; od 4 osovine<\/b><\/td>\n<td><b>19,4<\/b><\/td>\n<td><b>23,3<\/b><\/td>\n<td><b>+3,9<\/b><\/td>\n<td><b>+20.1%<\/b><\/td>\n<\/tr>\n<tr>\n<td rowspan=\"4\"><b>Euro 4, Euro 3+ PMK 2<\/b><\/td>\n<td><b>7.5-11.99 t<\/b><\/td>\n<td><b>10,1<\/b><\/td>\n<td><b>14,0<\/b><\/td>\n<td><b>+3,9<\/b><\/td>\n<td><b>+38.6%<\/b><\/td>\n<\/tr>\n<tr>\n<td><b>12-18 t<\/b><\/td>\n<td><b>14,8<\/b><\/td>\n<td><b>18,8<\/b><\/td>\n<td><b>+4,0<\/b><\/td>\n<td><b>+27.0%<\/b><\/td>\n<\/tr>\n<tr>\n<td><b>preko 18 t; Do 3 osovine<\/b><\/td>\n<td><b>19,1<\/b><\/td>\n<td><b>23,9<\/b><\/td>\n<td><b>+4,8<\/b><\/td>\n<td><b>+25.1%<\/b><\/td>\n<\/tr>\n<tr>\n<td><b>preko 18 t; od 4 osovine<\/b><\/td>\n<td><b>20,5<\/b><\/td>\n<td><b>25,8<\/b><\/td>\n<td><b>+5,3<\/b><\/td>\n<td><b>+25,9<\/b><\/td>\n<\/tr>\n<tr>\n<td rowspan=\"4\"><b>Euro 3, Euro 2+ PMK<\/b><\/td>\n<td><b>7.5-11.99 t<\/b><\/td>\n<td><b>13,4<\/b><\/td>\n<td><b>17,1<\/b><\/td>\n<td><b>+3,7<\/b><\/td>\n<td><b>+27.6%<\/b><\/td>\n<\/tr>\n<tr>\n<td><b>12-18 t<\/b><\/td>\n<td><b>18,1<\/b><\/td>\n<td><b>22,6<\/b><\/td>\n<td><b>+4,5<\/b><\/td>\n<td><b>+24.9%<\/b><\/td>\n<\/tr>\n<tr>\n<td><b>preko 18 t; Do 3 osovine<\/b><\/td>\n<td><b>22,4<\/b><\/td>\n<td><b>29,3<\/b><\/td>\n<td><b>+6,9<\/b><\/td>\n<td><b>+30.8%<\/b><\/td>\n<\/tr>\n<tr>\n<td><b>preko 18 t; od 4 osovine<\/b><\/td>\n<td><b>23,8<\/b><\/td>\n<td><b>32,0<\/b><\/td>\n<td><b>+8,2<\/b><\/td>\n<td><b>+34.5%<\/b><\/td>\n<\/tr>\n<tr>\n<td rowspan=\"4\"><b>Euro 2<\/b><\/td>\n<td><b>7.5-11.99 t<\/b><\/td>\n<td><b>14,5<\/b><\/td>\n<td><b>19,6<\/b><\/td>\n<td><b>+5,1<\/b><\/td>\n<td><b>+35.2%<\/b><\/td>\n<\/tr>\n<tr>\n<td><b>12-18 t<\/b><\/td>\n<td><b>19,2<\/b><\/td>\n<td><b>24,6<\/b><\/td>\n<td><b>+5,4<\/b><\/td>\n<td><b>+28.1%<\/b><\/td>\n<\/tr>\n<tr>\n<td><b>preko 18 t; Do 3 osovine<\/b><\/td>\n<td><b>23,5<\/b><\/td>\n<td><b>32,3<\/b><\/td>\n<td><b>+8,8<\/b><\/td>\n<td><b>+37.4%<\/b><\/td>\n<\/tr>\n<tr>\n<td><b>preko 18 t; od 4 osovine<\/b><\/td>\n<td><b>24,9<\/b><\/td>\n<td><b>35,3<\/b><\/td>\n<td><b>+10,4<\/b><\/td>\n<td><b>+41.8%<\/b><\/td>\n<\/tr>\n<tr>\n<td rowspan=\"4\"><b>Euro 1,\u00a0 Euro 0<\/b><\/td>\n<td><b>7.5-11.99 t<\/b><\/td>\n<td><b>15,6<\/b><\/td>\n<td><b>19,7<\/b><\/td>\n<td><b>+4,1<\/b><\/td>\n<td><b>+26.3%<\/b><\/td>\n<\/tr>\n<tr>\n<td><b>12-18 t<\/b><\/td>\n<td><b>20,3<\/b><\/td>\n<td><b>24,8\u00a0<\/b><\/td>\n<td><b>+4,5<\/b><\/td>\n<td><b>+22.2%<\/b><\/td>\n<\/tr>\n<tr>\n<td><b>preko 18 t; Do 3 osovine<\/b><\/td>\n<td><b>24,6<\/b><\/td>\n<td><b>32,8<\/b><\/td>\n<td><b>+8,2<\/b><\/td>\n<td><b>+33.3%<\/b><\/td>\n<\/tr>\n<tr>\n<td><b>preko 18 t; od 4 osovine<\/b><\/td>\n<td><b>26<\/b><\/td>\n<td><b>35,8<\/b><\/td>\n<td><b>+9,8<\/b><\/td>\n<td><b>+37.7%<\/b><\/td>\n<\/tr>\n<\/tbody>\n<\/table>\n<p><b>&#8211; BAG ured nestaje\u00a0<\/b><\/p>\n<blockquote><p>Od 1. januara 2023. godine, nema\u010dka kancelarija ima ime koje odra\u017eava \u010ditav niz zadataka koji su mu povereni. U poslednjih nekoliko godina, jasno je da su se pove\u0107ali. Federalni ured za prijevoz robe, koji je osnovan 1952. godine, uglavnom su voza\u010di kamiona i prijevoznici povezali s provjerama prijevoza robe cestom. Me\u0111utim, posljednjih godina ured je, kako uvjerava, dobio mnoge nove zadatke \u2013 m.in.:<\/p>\n<p>\u2013 odgovoran je za spremnost civilnih vanrednih situacija i logisti\u010dku koordinaciju svih vidova transporta u kriznim situacijama;<\/p>\n<p>\u2013 upravlja projektom programa hitne pomo\u0107i za ubla\u017eavanje efekata pandemije koronavirusa (uklju\u010duju\u0107i autobuski prevoz i aerodrome);<\/p>\n<p>\u2013 Tako\u0111er promatra intermodalno tr\u017ei\u0161te, a ste\u010dena znanja slu\u017ee kao osnova za odluke o transportnoj politici i zakonodavnim projektima.<\/p><\/blockquote>\n<p><b>\u2013 Minhenska ekolo\u0161ka zona<\/b><\/p>\n<blockquote><p>Minhenska ekolo\u0161ka zona bi\u0107e pro\u0161irena na ceo Mittlerer Ring, a zabrane vo\u017enje na dizel motore postepeno \u0107e se uvoditi od 1. februara 2023. godine. Ova zabrana se ne odnosi na dizel vozila koja ispunjavaju Euro 6\/VI standard.U slu\u010daju dizel vozila sa ni\u017eim standardima, zabrana \u0107e biti uvedena u 3 faze, a slede\u0107a faza stupa na snagu tek kada se jo\u0161 uvek ne dostigne ograni\u010denje emisije azot-dioksida u Minhenu.<\/p>\n<p>Faza 1 stupa na snagu 1. februara 2023. godine i odnosi se na dizel vozila koja ispunjavaju Euro 4\/IV emisione standarde i ni\u017ee. Izuzeci su stanovnici, zanatlije i dostavni saobra\u0107aj.<\/p>\n<p>Ako se, uprkos implementaciji faze 1, grani\u010dna vrednost azot-dioksida jo\u0161 uvek ne dostigne, faza 2 stupa na snagu 1. oktobra 2023. godine. Zabrana vo\u017enje \u0107e se odnositi i na dizel vozila koja ispunjavaju Euro 5\/V standard emisije izduvnih gasova.<b>\u00a0<\/b><\/p><\/blockquote>\n<h2><b>Ujedinjeno Kraljevstvo \u2013 promjene u transportu 2023. za kompanije iz EU<\/b><\/h2>\n<blockquote><p>Transportne kompanije iz Evropske unije po\u010detkom 2023. godine <a href=\"https:\/\/www.trans.info\/pl\/przewoznicy-ue-wielka-brytania-317614\">izgubi\u0107e mogu\u0107nost obavljanja<\/a> nekih transportnih operacija na ostrvima. To je zbog novih propisa sadr\u017eanih u Sporazumu o trgovini i saradnji (TCA) potpisanom izme\u0111u Evropske unije i Ujedinjenog Kraljevstva.<\/p><\/blockquote>\n<p>Da bi odra\u017eavala prava pristupa drumskom saobra\u0107aju obuhva\u0107ena TCA, Ujedinjeno Kraljevstvo uklanja iz svog nacionalnog zakonodavstva:<\/p>\n<ol>\n<li aria-level=\"1\">pravo operatera sa sjedi\u0161tem u dr\u017eavama \u010dlanicama EU-a da obavljaju operacije kabota\u017ee prilikom ulaska u Veliku Britaniju bez optere\u0107enja;<\/li>\n<li aria-level=\"1\">pravo operatera s poslovnim nastanom u dr\u017eavama \u010dlanicama EU-a na obavljanje kombiniranog prijevoza (tj. odre\u0111enih na\u010dina intermodalnog prijevoza u kojima se roba prevozi u istoj utovarnoj jedinici ili vozilu koriste\u0107i dva ili vi\u0161e na\u010dina prijevoza);<\/li>\n<li aria-level=\"1\">Pravo operatera sa sjedi\u0161tem u dr\u017eavama \u010dlanicama EU-a da primaju robu u Velikoj Britaniji, a zatim putuju u zemlju koja nije \u010dlanica EU-a kako bi napustili robu (tzv. &#8220;trouglasti promet&#8221;) koriste\u0107i dozvolu Zajednice.<\/li>\n<\/ol>\n<p>izvor: trans.info<\/p>\n","protected":false},"excerpt":{"rendered":"<p>Evropa Nova ADR pravila ADR konvencija o prevozu opasne robe obi\u010dno se revidira svake dve godine. Po\u010detkom 2023. godine ovi propisi su a\u017eurirani. Ovo su najzna\u010dajnije promjene: \u2022 Obaveza imenovanja ADR konsultanta Od 1. januara 2023. godine, kompanije koje deluju isklju\u010divo kao emiteri moraju imenovati savjetnika &#8211; konsultanta za bezbednost. Obaveza se odnosi i na&hellip;<\/p>\n","protected":false},"author":2,"featured_media":89030,"comment_status":"closed","ping_status":"closed","sticky":false,"template":"","format":"standard","meta":{"footnotes":""},"categories":[567,523],"tags":[],"class_list":["post-89037","post","type-post","status-publish","format-standard","has-post-thumbnail","hentry","category-drumski-prevoz-robe-sl","category-uncategorized-sl","category-567","category-523","description-off"],"yoast_head":"<!-- This site is optimized with the Yoast SEO plugin v19.6 - https:\/\/yoast.com\/wordpress\/plugins\/seo\/ -->\n<title>VA\u017dNO!!!: Najva\u017enije promjene u transportnoj industriji inostranstvu u 2023. godini! - Klaster Logistika<\/title>\n<meta name=\"robots\" content=\"index, follow, max-snippet:-1, max-image-preview:large, max-video-preview:-1\" \/>\n<link rel=\"canonical\" href=\"https:\/\/www.logistika.ba\/sl\/eu-najvaznije-promene-u-transportnoj-industriji-u-inostranstvu-u-2023-godini-vazna-pravila\/\" \/>\n<meta property=\"og:locale\" content=\"sl_SI\" \/>\n<meta property=\"og:type\" content=\"article\" \/>\n<meta property=\"og:title\" content=\"VA\u017dNO!!!: Najva\u017enije promjene u transportnoj industriji inostranstvu u 2023. godini! - Klaster Logistika\" \/>\n<meta property=\"og:description\" content=\"Evropa Nova ADR pravila ADR konvencija o prevozu opasne robe obi\u010dno se revidira svake dve godine. Po\u010detkom 2023. godine ovi propisi su a\u017eurirani. Ovo su najzna\u010dajnije promjene: \u2022 Obaveza imenovanja ADR konsultanta Od 1. januara 2023. godine, kompanije koje deluju isklju\u010divo kao emiteri moraju imenovati savjetnika &#8211; konsultanta za bezbednost. Obaveza se odnosi i na&hellip;\" \/>\n<meta property=\"og:url\" content=\"https:\/\/www.logistika.ba\/sl\/eu-najvaznije-promene-u-transportnoj-industriji-u-inostranstvu-u-2023-godini-vazna-pravila\/\" \/>\n<meta property=\"og:site_name\" content=\"Klaster Logistika\" \/>\n<meta property=\"article:published_time\" content=\"2023-01-02T09:37:54+00:00\" \/>\n<meta property=\"article:modified_time\" content=\"2023-01-02T09:40:01+00:00\" \/>\n<meta property=\"og:image\" content=\"https:\/\/www.logistika.ba\/wp-content\/uploads\/2023\/01\/kamio.jpg\" \/>\n\t<meta property=\"og:image:width\" content=\"1900\" \/>\n\t<meta property=\"og:image:height\" content=\"1219\" \/>\n\t<meta property=\"og:image:type\" content=\"image\/jpeg\" \/>\n<meta name=\"author\" content=\"Klaster Logistika\" \/>\n<meta name=\"twitter:card\" content=\"summary_large_image\" \/>\n<meta name=\"twitter:label1\" content=\"Written by\" \/>\n\t<meta name=\"twitter:data1\" content=\"Klaster Logistika\" \/>\n\t<meta name=\"twitter:label2\" content=\"Est. reading time\" \/>\n\t<meta name=\"twitter:data2\" content=\"9 minut\" \/>\n<script type=\"application\/ld+json\" class=\"yoast-schema-graph\">{\"@context\":\"https:\/\/schema.org\",\"@graph\":[{\"@type\":\"WebPage\",\"@id\":\"https:\/\/www.logistika.ba\/sl\/eu-najvaznije-promene-u-transportnoj-industriji-u-inostranstvu-u-2023-godini-vazna-pravila\/\",\"url\":\"https:\/\/www.logistika.ba\/sl\/eu-najvaznije-promene-u-transportnoj-industriji-u-inostranstvu-u-2023-godini-vazna-pravila\/\",\"name\":\"VA\u017dNO!!!: Najva\u017enije promjene u transportnoj industriji inostranstvu u 2023. godini! - Klaster Logistika\",\"isPartOf\":{\"@id\":\"https:\/\/www.logistika.ba\/#website\"},\"datePublished\":\"2023-01-02T09:37:54+00:00\",\"dateModified\":\"2023-01-02T09:40:01+00:00\",\"author\":{\"@id\":\"https:\/\/www.logistika.ba\/#\/schema\/person\/46ef21d9f81bfe4fd9b6a2013bae7314\"},\"breadcrumb\":{\"@id\":\"https:\/\/www.logistika.ba\/sl\/eu-najvaznije-promene-u-transportnoj-industriji-u-inostranstvu-u-2023-godini-vazna-pravila\/#breadcrumb\"},\"inLanguage\":\"sl-SI\",\"potentialAction\":[{\"@type\":\"ReadAction\",\"target\":[\"https:\/\/www.logistika.ba\/sl\/eu-najvaznije-promene-u-transportnoj-industriji-u-inostranstvu-u-2023-godini-vazna-pravila\/\"]}]},{\"@type\":\"BreadcrumbList\",\"@id\":\"https:\/\/www.logistika.ba\/sl\/eu-najvaznije-promene-u-transportnoj-industriji-u-inostranstvu-u-2023-godini-vazna-pravila\/#breadcrumb\",\"itemListElement\":[{\"@type\":\"ListItem\",\"position\":1,\"name\":\"Home\",\"item\":\"https:\/\/www.logistika.ba\/sl\/3-creative\/\"},{\"@type\":\"ListItem\",\"position\":2,\"name\":\"VA\u017dNO!!!: Najva\u017enije promjene u transportnoj industriji inostranstvu u 2023. godini!\"}]},{\"@type\":\"WebSite\",\"@id\":\"https:\/\/www.logistika.ba\/#website\",\"url\":\"https:\/\/www.logistika.ba\/\",\"name\":\"Klaster Logistika\",\"description\":\"Okupljanje za uspje\u0161nije poslovanje\",\"potentialAction\":[{\"@type\":\"SearchAction\",\"target\":{\"@type\":\"EntryPoint\",\"urlTemplate\":\"https:\/\/www.logistika.ba\/?s={search_term_string}\"},\"query-input\":\"required name=search_term_string\"}],\"inLanguage\":\"sl-SI\"},{\"@type\":\"Person\",\"@id\":\"https:\/\/www.logistika.ba\/#\/schema\/person\/46ef21d9f81bfe4fd9b6a2013bae7314\",\"name\":\"Klaster Logistika\",\"url\":\"https:\/\/www.logistika.ba\/sl\/author\/veliborp\/\"}]}<\/script>\n<!-- \/ Yoast SEO plugin. -->","yoast_head_json":{"title":"VA\u017dNO!!!: Najva\u017enije promjene u transportnoj industriji inostranstvu u 2023. godini! - Klaster Logistika","robots":{"index":"index","follow":"follow","max-snippet":"max-snippet:-1","max-image-preview":"max-image-preview:large","max-video-preview":"max-video-preview:-1"},"canonical":"https:\/\/www.logistika.ba\/sl\/eu-najvaznije-promene-u-transportnoj-industriji-u-inostranstvu-u-2023-godini-vazna-pravila\/","og_locale":"sl_SI","og_type":"article","og_title":"VA\u017dNO!!!: Najva\u017enije promjene u transportnoj industriji inostranstvu u 2023. godini! - Klaster Logistika","og_description":"Evropa Nova ADR pravila ADR konvencija o prevozu opasne robe obi\u010dno se revidira svake dve godine. Po\u010detkom 2023. godine ovi propisi su a\u017eurirani. Ovo su najzna\u010dajnije promjene: \u2022 Obaveza imenovanja ADR konsultanta Od 1. januara 2023. godine, kompanije koje deluju isklju\u010divo kao emiteri moraju imenovati savjetnika &#8211; konsultanta za bezbednost. Obaveza se odnosi i na&hellip;","og_url":"https:\/\/www.logistika.ba\/sl\/eu-najvaznije-promene-u-transportnoj-industriji-u-inostranstvu-u-2023-godini-vazna-pravila\/","og_site_name":"Klaster Logistika","article_published_time":"2023-01-02T09:37:54+00:00","article_modified_time":"2023-01-02T09:40:01+00:00","og_image":[{"width":1900,"height":1219,"url":"https:\/\/www.logistika.ba\/wp-content\/uploads\/2023\/01\/kamio.jpg","type":"image\/jpeg"}],"author":"Klaster Logistika","twitter_card":"summary_large_image","twitter_misc":{"Written by":"Klaster Logistika","Est. reading time":"9 minut"},"schema":{"@context":"https:\/\/schema.org","@graph":[{"@type":"WebPage","@id":"https:\/\/www.logistika.ba\/sl\/eu-najvaznije-promene-u-transportnoj-industriji-u-inostranstvu-u-2023-godini-vazna-pravila\/","url":"https:\/\/www.logistika.ba\/sl\/eu-najvaznije-promene-u-transportnoj-industriji-u-inostranstvu-u-2023-godini-vazna-pravila\/","name":"VA\u017dNO!!!: Najva\u017enije promjene u transportnoj industriji inostranstvu u 2023. godini! - Klaster Logistika","isPartOf":{"@id":"https:\/\/www.logistika.ba\/#website"},"datePublished":"2023-01-02T09:37:54+00:00","dateModified":"2023-01-02T09:40:01+00:00","author":{"@id":"https:\/\/www.logistika.ba\/#\/schema\/person\/46ef21d9f81bfe4fd9b6a2013bae7314"},"breadcrumb":{"@id":"https:\/\/www.logistika.ba\/sl\/eu-najvaznije-promene-u-transportnoj-industriji-u-inostranstvu-u-2023-godini-vazna-pravila\/#breadcrumb"},"inLanguage":"sl-SI","potentialAction":[{"@type":"ReadAction","target":["https:\/\/www.logistika.ba\/sl\/eu-najvaznije-promene-u-transportnoj-industriji-u-inostranstvu-u-2023-godini-vazna-pravila\/"]}]},{"@type":"BreadcrumbList","@id":"https:\/\/www.logistika.ba\/sl\/eu-najvaznije-promene-u-transportnoj-industriji-u-inostranstvu-u-2023-godini-vazna-pravila\/#breadcrumb","itemListElement":[{"@type":"ListItem","position":1,"name":"Home","item":"https:\/\/www.logistika.ba\/sl\/3-creative\/"},{"@type":"ListItem","position":2,"name":"VA\u017dNO!!!: Najva\u017enije promjene u transportnoj industriji inostranstvu u 2023. godini!"}]},{"@type":"WebSite","@id":"https:\/\/www.logistika.ba\/#website","url":"https:\/\/www.logistika.ba\/","name":"Klaster Logistika","description":"Okupljanje za uspje\u0161nije poslovanje","potentialAction":[{"@type":"SearchAction","target":{"@type":"EntryPoint","urlTemplate":"https:\/\/www.logistika.ba\/?s={search_term_string}"},"query-input":"required name=search_term_string"}],"inLanguage":"sl-SI"},{"@type":"Person","@id":"https:\/\/www.logistika.ba\/#\/schema\/person\/46ef21d9f81bfe4fd9b6a2013bae7314","name":"Klaster Logistika","url":"https:\/\/www.logistika.ba\/sl\/author\/veliborp\/"}]}},"_links":{"self":[{"href":"https:\/\/www.logistika.ba\/sl\/wp-json\/wp\/v2\/posts\/89037","targetHints":{"allow":["GET"]}}],"collection":[{"href":"https:\/\/www.logistika.ba\/sl\/wp-json\/wp\/v2\/posts"}],"about":[{"href":"https:\/\/www.logistika.ba\/sl\/wp-json\/wp\/v2\/types\/post"}],"author":[{"embeddable":true,"href":"https:\/\/www.logistika.ba\/sl\/wp-json\/wp\/v2\/users\/2"}],"replies":[{"embeddable":true,"href":"https:\/\/www.logistika.ba\/sl\/wp-json\/wp\/v2\/comments?post=89037"}],"version-history":[{"count":2,"href":"https:\/\/www.logistika.ba\/sl\/wp-json\/wp\/v2\/posts\/89037\/revisions"}],"predecessor-version":[{"id":89051,"href":"https:\/\/www.logistika.ba\/sl\/wp-json\/wp\/v2\/posts\/89037\/revisions\/89051"}],"wp:featuredmedia":[{"embeddable":true,"href":"https:\/\/www.logistika.ba\/sl\/wp-json\/wp\/v2\/media\/89030"}],"wp:attachment":[{"href":"https:\/\/www.logistika.ba\/sl\/wp-json\/wp\/v2\/media?parent=89037"}],"wp:term":[{"taxonomy":"category","embeddable":true,"href":"https:\/\/www.logistika.ba\/sl\/wp-json\/wp\/v2\/categories?post=89037"},{"taxonomy":"post_tag","embeddable":true,"href":"https:\/\/www.logistika.ba\/sl\/wp-json\/wp\/v2\/tags?post=89037"}],"curies":[{"name":"wp","href":"https:\/\/api.w.org\/{rel}","templated":true}]}}