{"id":137970,"date":"2025-01-13T01:39:06","date_gmt":"2025-01-13T01:39:06","guid":{"rendered":"https:\/\/www.logistika.ba\/137964\/"},"modified":"2025-01-13T01:46:08","modified_gmt":"2025-01-13T01:46:08","slug":"137964","status":"publish","type":"post","link":"https:\/\/www.logistika.ba\/sr\/137964\/","title":{"rendered":"AVIO-SAOBRA\u0106AJ NA BALKANU &#8211; REZULTATI U 2024. GODINI !"},"content":{"rendered":"<p>Avio-saobra\u0107aj na Balkanu bele\u017ei zna\u010dajan rast, posebno u segmentu putovanja u slobodno vreme. Prema podacima iz novembra 2024. godine, o\u010dekuje se da \u0107e globalni putni\u010dki promet u vazdu\u0161nom saobra\u0107aju porasti za 10%, dosti\u017eu\u0107i 9,5 milijardi putnika u 2024. godini.<\/p>\n<blockquote><p>U Crnoj Gori, Aerodromi Crne Gore aktivno pregovaraju o uvo\u0111enju novih linija za 2025. godinu. Izraelska nacionalna avio-kompanija El Al planira da svoje linije iz Tel Aviva za Crnu Goru u\u010dini celogodi\u0161njim, dok se o\u010dekuje da avio-kompanija SunExpress otvori liniju iz Podgorice za Antaliju.<\/p>\n<p>U Srbiji, nacionalna avio-kompanija Er Srbija odr\u017eava visok nivo redovnosti saobra\u0107aja. U prvoj polovini jula 2024. godine, otkazano je svega 0,52% letova, \u0161to je znatno ispod industrijskog proseka.<a class=\"ml-1 inline-flex h-[22px] items-center rounded-xl bg-[#f4f4f4] px-2 text-[0.5em] font-medium text-token-text-secondary dark:bg-token-main-surface-secondary relative top-[-0.094rem] !text-token-text-secondary uppercase hover:bg-token-text-primary hover:!text-token-main-surface-secondary dark:hover:bg-token-text-primary group\" href=\"https:\/\/www.novosti.rs\/ekonomija\/vesti\/1133814\/srbija-odoleva-haoticnoj-situaciji-avio-saobracaju-nije-otkazan-jedan-jedini-carter-let?utm_source=chatgpt.com\" target=\"_blank\" rel=\"noopener\"><span class=\"truncate\">Novosti<\/span><\/a><\/p><\/blockquote>\n<p>Pored toga, Vlada Srbije je usvojila odluku o progla\u0161enju linija u javnom interesu za aerodrome &#8222;Konstantin Veliki&#8220; u Ni\u0161u i &#8222;Morava&#8220; u Kraljevu, \u010dime su se stekli uslovi za pokretanje postupka za izbor najpovoljnijeg ponu\u0111a\u010da koji \u0107e obavljati redovan avio-prevoz ka 10 destinacija.<a class=\"ml-1 inline-flex h-[22px] items-center rounded-xl bg-[#f4f4f4] px-2 text-[0.5em] font-medium text-token-text-secondary dark:bg-token-main-surface-secondary relative top-[-0.094rem] !text-token-text-secondary uppercase hover:bg-token-text-primary hover:!text-token-main-surface-secondary dark:hover:bg-token-text-primary group\" href=\"https:\/\/naslovi.net\/2023-10-16\/telegraf\/vesic-o-promenama-na-dva-srpska-aerodroma-redovan-avio-prevoz-ka-10-destinacija\/34697882?utm_source=chatgpt.com\" target=\"_blank\" rel=\"noopener\"><span class=\"truncate\">Naslovi.net<\/span><\/a><\/p>\n<p>Iako se avio-industrija suo\u010dava sa izazovima poput ka\u0161njenja isporuka novih aviona i nedostatka rezervnih delova, prognoze stru\u010dnjaka ostaju pozitivne. O\u010dekuje se da \u0107e se avio-saobra\u0107aj u potpunosti oporaviti i dosti\u0107i nivo iz 2019. godine do 2026.<a class=\"ml-1 inline-flex h-[22px] items-center rounded-xl bg-[#f4f4f4] px-2 text-[0.5em] font-medium text-token-text-secondary dark:bg-token-main-surface-secondary relative top-[-0.094rem] !text-token-text-secondary uppercase hover:bg-token-text-primary hover:!text-token-main-surface-secondary dark:hover:bg-token-text-primary group\" href=\"https:\/\/www.euronews.rs\/putovanja\/novosti\/90845\/avio-saobracaj-u-niskom-letu-da-li-se-svet-oporavio-od-pandemije-i-koliko-ce-se-letovi-otkazivati-tokom-ove-sezone\/vest?utm_source=chatgpt.com\" target=\"_blank\" rel=\"noopener\"><span class=\"truncate\">Euronews.rs<\/span><\/a><\/p>\n<p>Ovi trendovi ukazuju na postepeni oporavak i rast avio-saobra\u0107aja u regionu Balkana, uz pove\u0107anje broja destinacija i frekvencija letova, \u0161to doprinosi boljoj povezanosti i razvoju turizma i privrede u ovom delu Evrope.<\/p>\n<h3><strong>Broj putnika na aerodromima Balkana &#8211; 2024. godina<\/strong>:<\/h3>\n<ol>\n<li><strong>Nikola Tesla, Beograd<\/strong>: 7.9 miliona<\/li>\n<li><strong>Majka Tereza, Tirana<\/strong>: 10.0 miliona<\/li>\n<li><strong>Franjo Tu\u0111man, Zagreb<\/strong>: 3.7 miliona<\/li>\n<li><strong>Adem Ja\u0161ari, Pri\u0161tina<\/strong>: 3.4 miliona<\/li>\n<li><strong>Zra\u010dna luka Split<\/strong>: 3.3 miliona<\/li>\n<li><strong>Me\u0111unarodni aerodrom Sarajevo<\/strong>: 1.2 miliona<\/li>\n<\/ol>\n<p><img decoding=\"async\" src=\"https:\/\/files.oaiusercontent.com\/file-UJ2dkizfu7pP3zbtVPdLVU?se=2025-01-13T01%3A48%3A53Z&amp;sp=r&amp;sv=2024-08-04&amp;sr=b&amp;rscc=max-age%3D299%2C%20immutable%2C%20private&amp;rscd=attachment%3B%20filename%3Da8239028-6b62-49db-a7f4-3712b868ce58&amp;sig=iBUtxtm9DyvThj6RAg1sC2hDtrK%2BMI6Q47Xh28jyzbo%3D\" alt=\"\u0418\u0437\u043b\u0430\u0437 \u0441\u043b\u0438\u043a\u0435\" \/><\/p>\n<div class=\"gap-6 border-b pb-4 my-4 context-list text-sm border-token-border-light flex w-full\">\n<div class=\"grow leading-normal\">\n<p><strong>Aerodrom Nikola Tesla, Beograd<\/strong><br \/>\nBeogradski aerodrom je zadr\u017eao poziciju najprometnijeg u regionu, sa 7,9 miliona putnika u 2023. godini, \u0161to je 1,8 miliona vi\u0161e nego u pretpandemijskoj 2019. godini.<\/p>\n<div class=\"relative inline-flex items-center\"><a class=\"ml-1 inline-flex h-[22px] items-center rounded-xl bg-[#f4f4f4] px-2 text-[0.5em] font-medium text-token-text-secondary dark:bg-token-main-surface-secondary relative top-[-0.094rem] !text-token-text-secondary uppercase hover:bg-token-text-primary hover:!text-token-main-surface-secondary dark:hover:bg-token-text-primary group\" href=\"https:\/\/balkans.aljazeera.net\/interactives\/2024\/2\/10\/infografika-najprometniji-aerodromi-regije?utm_source=chatgpt.com\" target=\"_blank\" rel=\"noopener\"><span class=\"truncate\">Al Jazeera Balkans<\/span><\/a><\/div>\n<\/div>\n<div class=\"mt-2 flex w-24 shrink-0\"><button class=\"not-prose flex w-full h-fit items-center justify-center overflow-hidden shadow-[0px_1px_0px_rgba(0,0,0,0.05)] rounded-lg border-[0.5px] border-token-border-light max-h-48\"><img decoding=\"async\" class=\"w-full object-cover\" src=\"https:\/\/tse2.mm.bing.net\/th?id=OIP.CEpphF13uHQxzSM8wEBbEQHaE7&amp;w=200&amp;h=133&amp;c=7\" alt=\"Aerodrom Nikola Tesla ostvario rekordnu neto dobit - Tango Six\" \/><\/button><\/div>\n<\/div>\n<div class=\"gap-6 border-b pb-4 my-4 context-list text-sm border-token-border-light flex w-full\">\n<div class=\"grow leading-normal\">\n<p><strong>Me\u0111unarodni aerodrom Majka Tereza, Tirana<\/strong><br \/>\nAerodrom u Tirani bele\u017ei izuzetan rast, sa o\u010dekivanih 10 miliona putnika do kraja 2024. godine, \u0161to predstavlja pove\u0107anje od 200% u odnosu na 2019. godinu.<\/p>\n<div class=\"relative inline-flex items-center\"><a class=\"ml-1 inline-flex h-[22px] items-center rounded-xl bg-[#f4f4f4] px-2 text-[0.5em] font-medium text-token-text-secondary dark:bg-token-main-surface-secondary relative top-[-0.094rem] !text-token-text-secondary uppercase hover:bg-token-text-primary hover:!text-token-main-surface-secondary dark:hover:bg-token-text-primary group\" href=\"https:\/\/www.vijesti.me\/marketing\/poslovni-marketing\/725558\/farabi-aerodrom-u-tirani-nova-avio-kapija-zapadnog-balkana?utm_source=chatgpt.com\" target=\"_blank\" rel=\"noopener\"><span class=\"truncate\">vijesti.me<\/span><\/a><\/div>\n<\/div>\n<div class=\"mt-2 flex w-24 shrink-0\"><button class=\"not-prose flex w-full h-fit items-center justify-center overflow-hidden shadow-[0px_1px_0px_rgba(0,0,0,0.05)] rounded-lg border-[0.5px] border-token-border-light max-h-48\"><img decoding=\"async\" class=\"w-full object-cover\" src=\"https:\/\/tse3.mm.bing.net\/th?id=OIP.YP5AQVIuvsJ7yGxMRI-rAQHaD4&amp;w=200&amp;h=112&amp;c=7\" alt=\"Aerodrom Tirana u 2024. imao 4,79 miliona putnika, u junu zabele\u017eeno vi\u0161e od milion - Aero Telegraf\" \/><\/button><\/div>\n<\/div>\n<div class=\"gap-6 border-b pb-4 my-4 context-list text-sm border-token-border-light flex w-full\">\n<div class=\"grow leading-normal\">\n<p><strong>Zra\u010dna luka Franjo Tu\u0111man, Zagreb<\/strong><br \/>\nZagreba\u010dki aerodrom je u 2023. godini opslu\u017eio 3,7 miliona putnika, sa tendencijom rasta u 2024. godini.<\/p>\n<div class=\"relative inline-flex items-center\"><a class=\"ml-1 inline-flex h-[22px] items-center rounded-xl bg-[#f4f4f4] px-2 text-[0.5em] font-medium text-token-text-secondary dark:bg-token-main-surface-secondary relative top-[-0.094rem] !text-token-text-secondary uppercase hover:bg-token-text-primary hover:!text-token-main-surface-secondary dark:hover:bg-token-text-primary group\" href=\"https:\/\/balkans.aljazeera.net\/interactives\/2024\/2\/10\/infografika-najprometniji-aerodromi-regije?utm_source=chatgpt.com\" target=\"_blank\" rel=\"noopener\"><span class=\"truncate\">Al Jazeera Balkans<\/span><\/a><\/div>\n<\/div>\n<div class=\"mt-2 flex w-24 shrink-0\"><button class=\"not-prose flex w-full h-fit items-center justify-center overflow-hidden shadow-[0px_1px_0px_rgba(0,0,0,0.05)] rounded-lg border-[0.5px] border-token-border-light max-h-48\"><img decoding=\"async\" class=\"w-full object-cover\" src=\"https:\/\/tse2.mm.bing.net\/th?id=OIP.yOlHyJNAJzZZV63Ge31jcAHaE8&amp;w=200&amp;h=133&amp;c=7\" alt=\"Me\u0111unarodna zra\u010dna luka Zagreb - Franjo Tu\u0111man - Parking\" \/><\/button><\/div>\n<\/div>\n<div class=\"gap-6 border-b pb-4 my-4 context-list text-sm border-token-border-light flex w-full\">\n<div class=\"grow leading-normal\">\n<p><strong>Me\u0111unarodni aerodrom Adem Ja\u0161ari, Pri\u0161tina<\/strong><br \/>\nAerodrom u Pri\u0161tini je zabele\u017eio zna\u010dajan porast broja putnika, sa 3,4 miliona u 2023. godini, \u0161to je za tre\u0107inu vi\u0161e u odnosu na pretpandemijske brojke.<\/p>\n<div class=\"relative inline-flex items-center\"><a class=\"ml-1 inline-flex h-[22px] items-center rounded-xl bg-[#f4f4f4] px-2 text-[0.5em] font-medium text-token-text-secondary dark:bg-token-main-surface-secondary relative top-[-0.094rem] !text-token-text-secondary uppercase hover:bg-token-text-primary hover:!text-token-main-surface-secondary dark:hover:bg-token-text-primary group\" href=\"https:\/\/balkans.aljazeera.net\/interactives\/2024\/2\/10\/infografika-najprometniji-aerodromi-regije?utm_source=chatgpt.com\" target=\"_blank\" rel=\"noopener\"><span class=\"truncate\">Al Jazeera Balkans<\/span><\/a><\/div>\n<\/div>\n<div class=\"mt-2 flex w-24 shrink-0\"><button class=\"not-prose flex w-full h-fit items-center justify-center overflow-hidden shadow-[0px_1px_0px_rgba(0,0,0,0.05)] rounded-lg border-[0.5px] border-token-border-light max-h-48\"><img decoding=\"async\" class=\"w-full object-cover\" src=\"https:\/\/tse4.mm.bing.net\/th?id=OIP.vHaW-9U6Bm-HEcYKFFXSQAHaEK&amp;w=200&amp;h=112&amp;c=7\" alt=\"Me\u0111unarodni pri\u0161tinski aerodrom pove\u0107ava kapacitete - KoSSev\" \/><\/button><\/div>\n<\/div>\n<div class=\"gap-6 border-b pb-4 my-4 context-list text-sm border-token-border-light flex w-full\">\n<div class=\"grow leading-normal\">\n<p><strong>Zra\u010dna luka Split<\/strong><br \/>\nSplitski aerodrom je u 2023. godini opslu\u017eio vi\u0161e od 3,3 miliona putnika, sa tendencijom rasta u 2024. godini.<\/p>\n<div class=\"relative inline-flex items-center\"><a class=\"ml-1 inline-flex h-[22px] items-center rounded-xl bg-[#f4f4f4] px-2 text-[0.5em] font-medium text-token-text-secondary dark:bg-token-main-surface-secondary relative top-[-0.094rem] !text-token-text-secondary uppercase hover:bg-token-text-primary hover:!text-token-main-surface-secondary dark:hover:bg-token-text-primary group\" href=\"https:\/\/balkans.aljazeera.net\/interactives\/2024\/2\/10\/infografika-najprometniji-aerodromi-regije?utm_source=chatgpt.com\" target=\"_blank\" rel=\"noopener\"><span class=\"truncate\">Al Jazeera Balkans<\/span><\/a><\/div>\n<\/div>\n<div class=\"mt-2 flex w-24 shrink-0\"><button class=\"not-prose flex w-full h-fit items-center justify-center overflow-hidden shadow-[0px_1px_0px_rgba(0,0,0,0.05)] rounded-lg border-[0.5px] border-token-border-light max-h-48\"><img decoding=\"async\" class=\"w-full object-cover\" src=\"https:\/\/tse4.mm.bing.net\/th?id=OIP._r8QOIzOk2B6clqHh8lFhgHaE8&amp;w=200&amp;h=133&amp;c=7\" alt=\"Zra\u010dna luka Split - Prijevoz putnika kombijem I Prijevoz aerodrom\" \/><\/button><\/div>\n<\/div>\n<p>Ovi podaci ukazuju na postpandemijski oporavak i rast avio-saobra\u0107aja u regionu, sa zna\u010dajnim ulaganjima u infrastrukturu i pove\u0107anjem broja destinacija. Posebno se isti\u010de aerodrom u Tirani, koji je postao ozbiljan konkurent beogradskom aerodromu po broju putnika.<\/p>\n<div class=\"relative inline-flex items-center\"><a class=\"ml-1 inline-flex h-[22px] items-center rounded-xl bg-[#f4f4f4] px-2 text-[0.5em] font-medium text-token-text-secondary dark:bg-token-main-surface-secondary relative top-[-0.094rem] !text-token-text-secondary uppercase hover:bg-token-text-primary hover:!text-token-main-surface-secondary dark:hover:bg-token-text-primary group\" href=\"https:\/\/opensky.rs\/aerodromi\/da-li-su-aerodromi-tirana-i-beograd-glavni-rivali-zapadnog-balkana\/?utm_source=chatgpt.com\" target=\"_blank\" rel=\"noopener\"><span class=\"truncate\">Aviation Portal<\/span><\/a><\/div>\n<p>Pored toga, aerodromi u Skoplju i Zagrebu su prepoznati me\u0111u najboljima u Evropi, \u0161to dodatno potvr\u0111uje unapre\u0111enje kvaliteta usluga u regionu.<\/p>\n<div class=\"relative inline-flex items-center\"><a class=\"ml-1 inline-flex h-[22px] items-center rounded-xl bg-[#f4f4f4] px-2 text-[0.5em] font-medium text-token-text-secondary dark:bg-token-main-surface-secondary relative top-[-0.094rem] !text-token-text-secondary uppercase hover:bg-token-text-primary hover:!text-token-main-surface-secondary dark:hover:bg-token-text-primary group\" href=\"https:\/\/www.juznevesti.com\/bbc-news-na-srpskom\/Sve-vise-aerodroma-na-Balkanu-medju-najboljima-u-Evropi-sta-od-toga-imaju-putnici.sr.html?utm_source=chatgpt.com\" target=\"_blank\" rel=\"noopener\"><span class=\"truncate\">Ju\u017ene vesti<\/span><\/a><\/div>\n<p>Ovi trendovi ukazuju na pozitivan razvoj avio-saobra\u0107aja na Balkanu, sa pove\u0107anom konkurencijom i pobolj\u0161anjem usluga za putnike.<\/p>\n","protected":false},"excerpt":{"rendered":"<p>Avio-saobra\u0107aj na Balkanu bele\u017ei zna\u010dajan rast, posebno u segmentu putovanja u slobodno vreme. Prema podacima iz novembra 2024. godine, o\u010dekuje se da \u0107e globalni putni\u010dki promet u vazdu\u0161nom saobra\u0107aju porasti za 10%, dosti\u017eu\u0107i 9,5 milijardi putnika u 2024. godini. U Crnoj Gori, Aerodromi Crne Gore aktivno pregovaraju o uvo\u0111enju novih linija za 2025. godinu. Izraelska&hellip;<\/p>\n","protected":false},"author":2,"featured_media":138012,"comment_status":"closed","ping_status":"closed","sticky":false,"template":"","format":"standard","meta":{"footnotes":""},"categories":[566,582,543],"tags":[],"class_list":["post-137970","post","type-post","status-publish","format-standard","has-post-thumbnail","hentry","category-drumski-prevoz-robe-sr","category-skladistenje-sr","category-uncategorized-sr","category-566","category-582","category-543","description-off"],"yoast_head":"<!-- This site is optimized with the Yoast SEO plugin v19.6 - https:\/\/yoast.com\/wordpress\/plugins\/seo\/ -->\n<title>AVIO-SAOBRA\u0106AJ NA BALKANU - REZULTATI U 2024. GODINI ! - Klaster Logistika<\/title>\n<meta name=\"robots\" content=\"index, follow, max-snippet:-1, max-image-preview:large, max-video-preview:-1\" \/>\n<link rel=\"canonical\" href=\"https:\/\/www.logistika.ba\/sr\/137964\/\" \/>\n<meta property=\"og:locale\" content=\"sr_RS\" \/>\n<meta property=\"og:type\" content=\"article\" \/>\n<meta property=\"og:title\" content=\"AVIO-SAOBRA\u0106AJ NA BALKANU - REZULTATI U 2024. GODINI ! - Klaster Logistika\" \/>\n<meta property=\"og:description\" content=\"Avio-saobra\u0107aj na Balkanu bele\u017ei zna\u010dajan rast, posebno u segmentu putovanja u slobodno vreme. Prema podacima iz novembra 2024. godine, o\u010dekuje se da \u0107e globalni putni\u010dki promet u vazdu\u0161nom saobra\u0107aju porasti za 10%, dosti\u017eu\u0107i 9,5 milijardi putnika u 2024. godini. U Crnoj Gori, Aerodromi Crne Gore aktivno pregovaraju o uvo\u0111enju novih linija za 2025. godinu. Izraelska&hellip;\" \/>\n<meta property=\"og:url\" content=\"https:\/\/www.logistika.ba\/sr\/137964\/\" \/>\n<meta property=\"og:site_name\" content=\"Klaster Logistika\" \/>\n<meta property=\"article:published_time\" content=\"2025-01-13T01:39:06+00:00\" \/>\n<meta property=\"article:modified_time\" content=\"2025-01-13T01:46:08+00:00\" \/>\n<meta property=\"og:image\" content=\"https:\/\/www.logistika.ba\/wp-content\/uploads\/2025\/01\/aerod.webp\" \/>\n\t<meta property=\"og:image:width\" content=\"1024\" \/>\n\t<meta property=\"og:image:height\" content=\"1024\" \/>\n\t<meta property=\"og:image:type\" content=\"image\/webp\" \/>\n<meta name=\"author\" content=\"Klaster Logistika\" \/>\n<meta name=\"twitter:card\" content=\"summary_large_image\" \/>\n<meta name=\"twitter:label1\" content=\"\u041d\u0430\u043f\u0438\u0441\u0430\u043d\u043e \u043e\u0434\" \/>\n\t<meta name=\"twitter:data1\" content=\"Klaster Logistika\" \/>\n\t<meta name=\"twitter:label2\" content=\"\u041f\u0440\u043e\u0446\u0435\u045a\u0435\u043d\u043e \u0432\u0440\u0435\u043c\u0435 \u0447\u0438\u0442\u0430\u045a\u0430\" \/>\n\t<meta name=\"twitter:data2\" content=\"3 \u043c\u0438\u043d\u0443\u0442\u0430\" \/>\n<script type=\"application\/ld+json\" class=\"yoast-schema-graph\">{\"@context\":\"https:\/\/schema.org\",\"@graph\":[{\"@type\":\"WebPage\",\"@id\":\"https:\/\/www.logistika.ba\/sr\/137964\/\",\"url\":\"https:\/\/www.logistika.ba\/sr\/137964\/\",\"name\":\"AVIO-SAOBRA\u0106AJ NA BALKANU - REZULTATI U 2024. GODINI ! - Klaster Logistika\",\"isPartOf\":{\"@id\":\"https:\/\/www.logistika.ba\/#website\"},\"datePublished\":\"2025-01-13T01:39:06+00:00\",\"dateModified\":\"2025-01-13T01:46:08+00:00\",\"author\":{\"@id\":\"https:\/\/www.logistika.ba\/#\/schema\/person\/46ef21d9f81bfe4fd9b6a2013bae7314\"},\"breadcrumb\":{\"@id\":\"https:\/\/www.logistika.ba\/sr\/137964\/#breadcrumb\"},\"inLanguage\":\"sr-RS\",\"potentialAction\":[{\"@type\":\"ReadAction\",\"target\":[\"https:\/\/www.logistika.ba\/sr\/137964\/\"]}]},{\"@type\":\"BreadcrumbList\",\"@id\":\"https:\/\/www.logistika.ba\/sr\/137964\/#breadcrumb\",\"itemListElement\":[{\"@type\":\"ListItem\",\"position\":1,\"name\":\"Home\",\"item\":\"https:\/\/www.logistika.ba\/sr\/3-creative\/\"},{\"@type\":\"ListItem\",\"position\":2,\"name\":\"AVIO-SAOBRA\u0106AJ NA BALKANU &#8211; REZULTATI U 2024. GODINI !\"}]},{\"@type\":\"WebSite\",\"@id\":\"https:\/\/www.logistika.ba\/#website\",\"url\":\"https:\/\/www.logistika.ba\/\",\"name\":\"Klaster Logistika\",\"description\":\"Okupljanje za uspje\u0161nije poslovanje\",\"potentialAction\":[{\"@type\":\"SearchAction\",\"target\":{\"@type\":\"EntryPoint\",\"urlTemplate\":\"https:\/\/www.logistika.ba\/?s={search_term_string}\"},\"query-input\":\"required name=search_term_string\"}],\"inLanguage\":\"sr-RS\"},{\"@type\":\"Person\",\"@id\":\"https:\/\/www.logistika.ba\/#\/schema\/person\/46ef21d9f81bfe4fd9b6a2013bae7314\",\"name\":\"Klaster Logistika\",\"url\":\"https:\/\/www.logistika.ba\/sr\/author\/veliborp\/\"}]}<\/script>\n<!-- \/ Yoast SEO plugin. -->","yoast_head_json":{"title":"AVIO-SAOBRA\u0106AJ NA BALKANU - REZULTATI U 2024. GODINI ! - Klaster Logistika","robots":{"index":"index","follow":"follow","max-snippet":"max-snippet:-1","max-image-preview":"max-image-preview:large","max-video-preview":"max-video-preview:-1"},"canonical":"https:\/\/www.logistika.ba\/sr\/137964\/","og_locale":"sr_RS","og_type":"article","og_title":"AVIO-SAOBRA\u0106AJ NA BALKANU - REZULTATI U 2024. GODINI ! - Klaster Logistika","og_description":"Avio-saobra\u0107aj na Balkanu bele\u017ei zna\u010dajan rast, posebno u segmentu putovanja u slobodno vreme. Prema podacima iz novembra 2024. godine, o\u010dekuje se da \u0107e globalni putni\u010dki promet u vazdu\u0161nom saobra\u0107aju porasti za 10%, dosti\u017eu\u0107i 9,5 milijardi putnika u 2024. godini. U Crnoj Gori, Aerodromi Crne Gore aktivno pregovaraju o uvo\u0111enju novih linija za 2025. godinu. Izraelska&hellip;","og_url":"https:\/\/www.logistika.ba\/sr\/137964\/","og_site_name":"Klaster Logistika","article_published_time":"2025-01-13T01:39:06+00:00","article_modified_time":"2025-01-13T01:46:08+00:00","og_image":[{"width":1024,"height":1024,"url":"https:\/\/www.logistika.ba\/wp-content\/uploads\/2025\/01\/aerod.webp","type":"image\/webp"}],"author":"Klaster Logistika","twitter_card":"summary_large_image","twitter_misc":{"\u041d\u0430\u043f\u0438\u0441\u0430\u043d\u043e \u043e\u0434":"Klaster Logistika","\u041f\u0440\u043e\u0446\u0435\u045a\u0435\u043d\u043e \u0432\u0440\u0435\u043c\u0435 \u0447\u0438\u0442\u0430\u045a\u0430":"3 \u043c\u0438\u043d\u0443\u0442\u0430"},"schema":{"@context":"https:\/\/schema.org","@graph":[{"@type":"WebPage","@id":"https:\/\/www.logistika.ba\/sr\/137964\/","url":"https:\/\/www.logistika.ba\/sr\/137964\/","name":"AVIO-SAOBRA\u0106AJ NA BALKANU - REZULTATI U 2024. GODINI ! - Klaster Logistika","isPartOf":{"@id":"https:\/\/www.logistika.ba\/#website"},"datePublished":"2025-01-13T01:39:06+00:00","dateModified":"2025-01-13T01:46:08+00:00","author":{"@id":"https:\/\/www.logistika.ba\/#\/schema\/person\/46ef21d9f81bfe4fd9b6a2013bae7314"},"breadcrumb":{"@id":"https:\/\/www.logistika.ba\/sr\/137964\/#breadcrumb"},"inLanguage":"sr-RS","potentialAction":[{"@type":"ReadAction","target":["https:\/\/www.logistika.ba\/sr\/137964\/"]}]},{"@type":"BreadcrumbList","@id":"https:\/\/www.logistika.ba\/sr\/137964\/#breadcrumb","itemListElement":[{"@type":"ListItem","position":1,"name":"Home","item":"https:\/\/www.logistika.ba\/sr\/3-creative\/"},{"@type":"ListItem","position":2,"name":"AVIO-SAOBRA\u0106AJ NA BALKANU &#8211; REZULTATI U 2024. GODINI !"}]},{"@type":"WebSite","@id":"https:\/\/www.logistika.ba\/#website","url":"https:\/\/www.logistika.ba\/","name":"Klaster Logistika","description":"Okupljanje za uspje\u0161nije poslovanje","potentialAction":[{"@type":"SearchAction","target":{"@type":"EntryPoint","urlTemplate":"https:\/\/www.logistika.ba\/?s={search_term_string}"},"query-input":"required name=search_term_string"}],"inLanguage":"sr-RS"},{"@type":"Person","@id":"https:\/\/www.logistika.ba\/#\/schema\/person\/46ef21d9f81bfe4fd9b6a2013bae7314","name":"Klaster Logistika","url":"https:\/\/www.logistika.ba\/sr\/author\/veliborp\/"}]}},"_links":{"self":[{"href":"https:\/\/www.logistika.ba\/sr\/wp-json\/wp\/v2\/posts\/137970","targetHints":{"allow":["GET"]}}],"collection":[{"href":"https:\/\/www.logistika.ba\/sr\/wp-json\/wp\/v2\/posts"}],"about":[{"href":"https:\/\/www.logistika.ba\/sr\/wp-json\/wp\/v2\/types\/post"}],"author":[{"embeddable":true,"href":"https:\/\/www.logistika.ba\/sr\/wp-json\/wp\/v2\/users\/2"}],"replies":[{"embeddable":true,"href":"https:\/\/www.logistika.ba\/sr\/wp-json\/wp\/v2\/comments?post=137970"}],"version-history":[{"count":4,"href":"https:\/\/www.logistika.ba\/sr\/wp-json\/wp\/v2\/posts\/137970\/revisions"}],"predecessor-version":[{"id":138018,"href":"https:\/\/www.logistika.ba\/sr\/wp-json\/wp\/v2\/posts\/137970\/revisions\/138018"}],"wp:featuredmedia":[{"embeddable":true,"href":"https:\/\/www.logistika.ba\/sr\/wp-json\/wp\/v2\/media\/138012"}],"wp:attachment":[{"href":"https:\/\/www.logistika.ba\/sr\/wp-json\/wp\/v2\/media?parent=137970"}],"wp:term":[{"taxonomy":"category","embeddable":true,"href":"https:\/\/www.logistika.ba\/sr\/wp-json\/wp\/v2\/categories?post=137970"},{"taxonomy":"post_tag","embeddable":true,"href":"https:\/\/www.logistika.ba\/sr\/wp-json\/wp\/v2\/tags?post=137970"}],"curies":[{"name":"wp","href":"https:\/\/api.w.org\/{rel}","templated":true}]}}